{"id":43463,"date":"2024-11-21T13:34:21","date_gmt":"2024-11-21T13:34:21","guid":{"rendered":"http:\/\/historiografija.hr\/?p=43463"},"modified":"2025-12-26T22:12:57","modified_gmt":"2025-12-26T22:12:57","slug":"predstavljanje-knjige-andreja-rahtena-prijestolonasljednikova-smrt-tragovima-slovenskih-i-hrvatskih-interpretacija-sarajevskog-atentata","status":"publish","type":"post","link":"https:\/\/historiografija.hr\/?p=43463","title":{"rendered":"Predstavljanje knjige Andreja Rahtena \u201ePrijestolonasljednikova smrt. Tragovima slovenskih i hrvatskih interpretacija Sarajevskog atentata\u201c"},"content":{"rendered":"\n<p>Izdava\u010dka ku\u0107a Tragovi pro\u0161losti poziva Vas na predstavljanje knjige dr. sc. Andreja Rahtena \u201ePrijestolonasljednikova smrt. Tragovima slovenskih i hrvatskih interpretacija Sarajevskog atentata\u201c koje \u0107e se odr\u017eati u utorak, 26. studenog 2024. u 17 sati u dvorani \u0160kolske knjige, Masarykova 28, u Zagrebu. <\/p>\n\n\n\n<p>Knjigu \u0107e u razgovoru s dr. sc. Ivicom \u0160uteom predstaviti autor dr. sc. Andrej Rahten i dr. sc. Stjepan Matkovi\u0107.<\/p>\n\n\n\n<hr class=\"wp-block-separator has-css-opacity\"\/>\n\n\n\n<figure class=\"wp-block-image size-large\"><img data-recalc-dims=\"1\" loading=\"lazy\" decoding=\"async\" width=\"860\" height=\"573\" data-attachment-id=\"43464\" data-permalink=\"https:\/\/historiografija.hr\/?attachment_id=43464\" data-orig-file=\"https:\/\/i0.wp.com\/historiografija.hr\/wp-content\/uploads\/2024\/11\/Rahten.jpg?fit=1600%2C1066&amp;ssl=1\" data-orig-size=\"1600,1066\" data-comments-opened=\"1\" data-image-meta=\"{&quot;aperture&quot;:&quot;0&quot;,&quot;credit&quot;:&quot;&quot;,&quot;camera&quot;:&quot;&quot;,&quot;caption&quot;:&quot;&quot;,&quot;created_timestamp&quot;:&quot;0&quot;,&quot;copyright&quot;:&quot;&quot;,&quot;focal_length&quot;:&quot;0&quot;,&quot;iso&quot;:&quot;0&quot;,&quot;shutter_speed&quot;:&quot;0&quot;,&quot;title&quot;:&quot;&quot;,&quot;orientation&quot;:&quot;0&quot;}\" data-image-title=\"Rahten\" data-image-description=\"\" data-image-caption=\"\" data-large-file=\"https:\/\/i0.wp.com\/historiografija.hr\/wp-content\/uploads\/2024\/11\/Rahten.jpg?fit=860%2C573&amp;ssl=1\" src=\"https:\/\/i0.wp.com\/historiografija.hr\/wp-content\/uploads\/2024\/11\/Rahten.jpg?resize=860%2C573&#038;ssl=1\" alt=\"\" class=\"wp-image-43464\" srcset=\"https:\/\/i0.wp.com\/historiografija.hr\/wp-content\/uploads\/2024\/11\/Rahten.jpg?resize=1024%2C682&amp;ssl=1 1024w, https:\/\/i0.wp.com\/historiografija.hr\/wp-content\/uploads\/2024\/11\/Rahten.jpg?resize=300%2C200&amp;ssl=1 300w, https:\/\/i0.wp.com\/historiografija.hr\/wp-content\/uploads\/2024\/11\/Rahten.jpg?resize=768%2C512&amp;ssl=1 768w, https:\/\/i0.wp.com\/historiografija.hr\/wp-content\/uploads\/2024\/11\/Rahten.jpg?resize=1536%2C1023&amp;ssl=1 1536w, https:\/\/i0.wp.com\/historiografija.hr\/wp-content\/uploads\/2024\/11\/Rahten.jpg?w=1600&amp;ssl=1 1600w\" sizes=\"auto, (max-width: 860px) 100vw, 860px\" \/><\/figure>\n\n\n\n<hr class=\"wp-block-separator has-css-opacity\"\/>\n\n\n\n<p><strong>Andrej Rahten, \u201ePrijestolonasljednikova smrt. Tragovima slovenskih i hrvatskih interpretacija Sarajevskog atentata\u201c<\/strong><\/p>\n\n\n\n<p>Monografija prof. dr. sc. Andreja Rahtena o politi\u010dkim idejama i tragi\u010dnoj pogibiji prijestolonasljednika nadvojvode Franje Ferdinanda u Sarajevu 1914., nastala je kao rezultat dugogodi\u0161njeg istra\u017eivanja arhivskih fondova i kriti\u010dkog vrednovanja relevantne znanstvene, publicisti\u010dke i memoarske literature te suvremenog tiska.<\/p>\n\n\n\n<p>Sudbonosni povijesni doga\u0111aji koji su po\u010detkom pro\u0161loga stolje\u0107a doveli do Prvoga svjetskog rata te nestanka starih i nastanka novih dr\u017eava u Europi, duboko su urasli u \u017eivo tkivo hrvatskog i slovenskog naroda koji su, voljom dijela svojih politi\u010dkih elita i me\u0111unarodnih \u010dimbenika, srednjoeuropsko kulturno okru\u017eje zamijenili kroz vi\u0161e desetlje\u0107a balkanskim geopoliti\u010dkim prostorom sa svim njegovim zamkama.<\/p>\n\n\n\n<p>Rahtenova monografija o prijestolonasljedniku Franji Ferdinandu odlikuje se jasno\u0107om stila i izra\u017eavanja, a znanstvena akribija i minucioznost jam\u010de autorov objektivan pristup li\u0161en pristranosti. Uobi\u010dajeno pitanje svjetske i doma\u0107e (hrvatske i slovenske) historiografije je kontroverza Sarajevskog atentata kao takvog. Eminentni slovenski povjesni\u010dar Andrej Rahten ipak postavlja jedno drugo pitanje: za\u0161to je odabran upravo prijestolonasljednik Franjo Ferdinand kao osoba na koju \u0107e se izvr\u0161iti atentat? Njegov pa\u017eljivo slo\u017een meandar argumenata stvara izrazito zanimljiv splet odgovora, ba\u0161 kao \u0161to je bila i sama Habsbur\u0161ka Monarhija.<\/p>\n\n\n\n<p>Pritom Rahten, u ovom ozbiljno istra\u017eenom, ali pitko napisanom djelu, pitanje atentata ne promatra isklju\u010divo kao simboli\u010dni \u010din kojim je zapo\u010dela reorganizacija svijeta katastrofom Prvog svjetskog rata, niti tra\u017ei psiholo\u0161ke i idejno-politi\u010dke motive Gavrila Principa ili krivca za po\u010detak rata. Rahten sla\u017ee vlastiti kompleksni pogled na li\u010dnost Franje Ferdinanda te njegov idejni i politi\u010dki sadr\u017eaj, kao budu\u0107nost Austro-Ugarske. Akteri su mu prijestolonasljednikovi suvremenici koji su pisali o atentatu: politi\u010dari, novinari, a zatim i povjesni\u010dari.<\/p>\n\n\n\n<p>Ova knjiga, sada ve\u0107 klasik, nastala je izvorno za stotu obljetnicu Prvog svjetskog rata i Rahten je u njoj obradio slovenski aspekt. Za stotinu i desetu obljetnicu upotpunio ju je i hrvatskim aspektom kao posebnost ovog hrvatskog prijevoda i izdanja knjige.<\/p>\n\n\n\n<p><strong>Nakladnik: <\/strong>Tragovi pro\u0161losti<\/p>\n\n\n\n<p><strong>Godina izdanja: <\/strong>2024<\/p>\n\n\n\n<p><strong>Sa slovenskog preveo<\/strong> Edo Fi\u010dor<\/p>\n\n\n\n<p><strong>Broj stranica: <\/strong>327<\/p>\n\n\n\n<hr class=\"wp-block-separator has-alpha-channel-opacity\"\/>\n\n\n\n<p>Izvor: <\/p>\n\n\n\n<p><a href=\"https:\/\/shop.skolskaknjiga.hr\/prijestolonasljednikova-smrt-tragovima-slovenskih-i-hrvatskih-interpretacija-sarajevskog-atentata\/\">https:\/\/shop.skolskaknjiga.hr\/prijestolonasljednikova-smrt-tragovima-slovenskih-i-hrvatskih-interpretacija-sarajevskog-atentata\/<\/a><\/p>\n\n\n\n<hr class=\"wp-block-separator has-alpha-channel-opacity\"\/>\n","protected":false},"excerpt":{"rendered":"","protected":false},"author":2,"featured_media":43466,"comment_status":"open","ping_status":"open","sticky":false,"template":"","format":"standard","meta":{"_acf_changed":false,"jetpack_post_was_ever_published":false,"_jetpack_newsletter_access":"","_jetpack_dont_email_post_to_subs":false,"_jetpack_newsletter_tier_id":0,"_jetpack_memberships_contains_paywalled_content":false,"_jetpack_memberships_contains_paid_content":false,"footnotes":"","jetpack_publicize_message":"","jetpack_publicize_feature_enabled":true,"jetpack_social_post_already_shared":true,"jetpack_social_options":{"image_generator_settings":{"template":"highway","default_image_id":0,"font":"","enabled":false},"version":2}},"categories":[3],"tags":[],"class_list":["post-43463","post","type-post","status-publish","format-standard","has-post-thumbnail","hentry","category-novosti"],"acf":{"facebook_opis":""},"jetpack_publicize_connections":[],"jetpack_featured_media_url":"https:\/\/i0.wp.com\/historiografija.hr\/wp-content\/uploads\/2024\/11\/Rahten_knjiga.jpg?fit=642%2C1066&ssl=1","jetpack_sharing_enabled":true,"jetpack-related-posts":[],"_links":{"self":[{"href":"https:\/\/historiografija.hr\/index.php?rest_route=\/wp\/v2\/posts\/43463","targetHints":{"allow":["GET"]}}],"collection":[{"href":"https:\/\/historiografija.hr\/index.php?rest_route=\/wp\/v2\/posts"}],"about":[{"href":"https:\/\/historiografija.hr\/index.php?rest_route=\/wp\/v2\/types\/post"}],"author":[{"embeddable":true,"href":"https:\/\/historiografija.hr\/index.php?rest_route=\/wp\/v2\/users\/2"}],"replies":[{"embeddable":true,"href":"https:\/\/historiografija.hr\/index.php?rest_route=%2Fwp%2Fv2%2Fcomments&post=43463"}],"version-history":[{"count":3,"href":"https:\/\/historiografija.hr\/index.php?rest_route=\/wp\/v2\/posts\/43463\/revisions"}],"predecessor-version":[{"id":50555,"href":"https:\/\/historiografija.hr\/index.php?rest_route=\/wp\/v2\/posts\/43463\/revisions\/50555"}],"wp:featuredmedia":[{"embeddable":true,"href":"https:\/\/historiografija.hr\/index.php?rest_route=\/wp\/v2\/media\/43466"}],"wp:attachment":[{"href":"https:\/\/historiografija.hr\/index.php?rest_route=%2Fwp%2Fv2%2Fmedia&parent=43463"}],"wp:term":[{"taxonomy":"category","embeddable":true,"href":"https:\/\/historiografija.hr\/index.php?rest_route=%2Fwp%2Fv2%2Fcategories&post=43463"},{"taxonomy":"post_tag","embeddable":true,"href":"https:\/\/historiografija.hr\/index.php?rest_route=%2Fwp%2Fv2%2Ftags&post=43463"}],"curies":[{"name":"wp","href":"https:\/\/api.w.org\/{rel}","templated":true}]}}