{"id":43460,"date":"2024-11-21T13:24:26","date_gmt":"2024-11-21T13:24:26","guid":{"rendered":"http:\/\/historiografija.hr\/?p=43460"},"modified":"2024-11-21T13:24:26","modified_gmt":"2024-11-21T13:24:26","slug":"milos-vojinovic-sarajevski-atentat-fotografije","status":"publish","type":"post","link":"https:\/\/historiografija.hr\/?p=43460","title":{"rendered":"Milo\u0161 Vojinovi\u0107, \u201eSarajevski atentat: fotografije\u201c"},"content":{"rendered":"\n<p>Dr Milo\u0161 Vojinovi\u0107, nau\u010dni saradnik Balkanolo\u0161kog instituta SANU, objavio je knjigu \u201eSarajevski atentat: fotografije\u201d. Po prvi put su sve relevantne fotografije koje svedo\u010de o Sarajevskom atentatu sakupljene na jednom mestu.<\/p>\n\n\n\n<p>U knjizi, koju je objavila izdava\u010dka ku\u0107a Prometej iz Novog Sada, mogu se videti najva\u017enije fotografije zaverenika, scene Sarajeva snimljene na dan atentata, boravak Franca Ferdinanda u Bosni i Hercegovini, vojni manevri koje je Ferdinand nadgledao i scene nereda koji su usledili u Sarajevu nakon atentata. Objavljene su i fotografije nastale tokom su\u0111enja, scene snimljene u zatvoru u Terezinu, fotografije nastale u danima kada su posmrtni ostaci zaverenika preba\u010deni nazad u novostvorenu Kraljevinu Srba, Hrvata i Slovenaca, kao i brojne fotografije razli\u010ditih komemoracija koje su se de\u0161avale tokom 20. veka. Fotografije prati studija \u201eIza objektiva: fotografije Sarajevskog atentata kao istorijsko svedo\u010danstvo\u201d.<\/p>\n\n\n\n<hr class=\"wp-block-separator\"\/>\n\n\n\n<p>Izvor:<\/p>\n\n\n\n<p><a href=\"https:\/\/www.balkaninstitut.com\/srp\/vesti\/4\/2614\/knjiga-sarajevski-atentat_-fotografije.html\">https:\/\/www.balkaninstitut.com\/srp\/vesti\/4\/2614\/knjiga-sarajevski-atentat_-fotografije.html<\/a><\/p>\n\n\n\n<hr class=\"wp-block-separator\"\/>\n\n\n\n<p>Dodatne obavijesti:<\/p>\n\n\n\n<p><a href=\"https:\/\/www.knjizara.com\/Sarajevski-atentat-fotografije-Milos-Vojinovic-170468\">https:\/\/www.knjizara.com\/Sarajevski-atentat-fotografije-Milos-Vojinovic-170468<\/a><\/p>\n\n\n\n<hr class=\"wp-block-separator\"\/>\n","protected":false},"excerpt":{"rendered":"","protected":false},"author":2,"featured_media":43461,"comment_status":"open","ping_status":"open","sticky":false,"template":"","format":"standard","meta":{"_acf_changed":false,"jetpack_post_was_ever_published":false,"_jetpack_newsletter_access":"","_jetpack_dont_email_post_to_subs":false,"_jetpack_newsletter_tier_id":0,"_jetpack_memberships_contains_paywalled_content":false,"_jetpack_memberships_contains_paid_content":false,"footnotes":"","jetpack_publicize_message":"","jetpack_publicize_feature_enabled":true,"jetpack_social_post_already_shared":true,"jetpack_social_options":{"image_generator_settings":{"template":"highway","default_image_id":0,"font":"","enabled":false},"version":2}},"categories":[8,3],"tags":[],"class_list":["post-43460","post","type-post","status-publish","format-standard","has-post-thumbnail","hentry","category-knjige","category-novosti"],"acf":{"facebook_opis":""},"jetpack_publicize_connections":[],"jetpack_featured_media_url":"https:\/\/i0.wp.com\/historiografija.hr\/wp-content\/uploads\/2024\/11\/Fotografije.jpg?fit=507%2C778&ssl=1","jetpack_sharing_enabled":true,"jetpack-related-posts":[],"_links":{"self":[{"href":"https:\/\/historiografija.hr\/index.php?rest_route=\/wp\/v2\/posts\/43460","targetHints":{"allow":["GET"]}}],"collection":[{"href":"https:\/\/historiografija.hr\/index.php?rest_route=\/wp\/v2\/posts"}],"about":[{"href":"https:\/\/historiografija.hr\/index.php?rest_route=\/wp\/v2\/types\/post"}],"author":[{"embeddable":true,"href":"https:\/\/historiografija.hr\/index.php?rest_route=\/wp\/v2\/users\/2"}],"replies":[{"embeddable":true,"href":"https:\/\/historiografija.hr\/index.php?rest_route=%2Fwp%2Fv2%2Fcomments&post=43460"}],"version-history":[{"count":1,"href":"https:\/\/historiografija.hr\/index.php?rest_route=\/wp\/v2\/posts\/43460\/revisions"}],"predecessor-version":[{"id":43462,"href":"https:\/\/historiografija.hr\/index.php?rest_route=\/wp\/v2\/posts\/43460\/revisions\/43462"}],"wp:featuredmedia":[{"embeddable":true,"href":"https:\/\/historiografija.hr\/index.php?rest_route=\/wp\/v2\/media\/43461"}],"wp:attachment":[{"href":"https:\/\/historiografija.hr\/index.php?rest_route=%2Fwp%2Fv2%2Fmedia&parent=43460"}],"wp:term":[{"taxonomy":"category","embeddable":true,"href":"https:\/\/historiografija.hr\/index.php?rest_route=%2Fwp%2Fv2%2Fcategories&post=43460"},{"taxonomy":"post_tag","embeddable":true,"href":"https:\/\/historiografija.hr\/index.php?rest_route=%2Fwp%2Fv2%2Ftags&post=43460"}],"curies":[{"name":"wp","href":"https:\/\/api.w.org\/{rel}","templated":true}]}}