{"id":43456,"date":"2024-11-21T13:09:37","date_gmt":"2024-11-21T13:09:37","guid":{"rendered":"http:\/\/historiografija.hr\/?p=43456"},"modified":"2024-11-21T13:10:55","modified_gmt":"2024-11-21T13:10:55","slug":"tribina-ivo-andric-1892-1975-pisac-i-drzava-u-beogradu","status":"publish","type":"post","link":"https:\/\/historiografija.hr\/?p=43456","title":{"rendered":"Tribina \u201cIvo Andri\u0107 (1892-1975): pisac i dr\u017eava\u201d u Beogradu"},"content":{"rendered":"\n<p><strong>Utorak, 26. novembar 2024. u 19:00<\/strong> &#8211; <em>DOB\/\/Klub<\/em><\/p>\n\n\n\n<p>Ciklus tribina: <strong>Pi\u0161emo istoriju Jugoslavije<\/strong><\/p>\n\n\n\n<p>Organizacija: <strong>Centar za jugoslovenske studije i Dom omladine Beograda&nbsp;<\/strong><\/p>\n\n\n\n<p>U\u010destvuju: <strong>Sr\u0111an Mi\u0107i\u0107,<\/strong> istori\u010dar\/Filozofski fakultet Univerziteta u Beogradu; <strong>Ivan Velisavljevi\u0107, <\/strong>dramaturg, scenarista i pisac; <strong>Stanislava Bara\u0107, <\/strong>istori\u010darka knji\u017eevnosti\/ Institut za knji\u017eevnost i umetnost, Cejus. Razgovor vodi: <strong>Sanja Petrovi\u0107 Todosijevi\u0107<\/strong>, istori\u010darka \/ Institut za noviju istoriju Srbije, Cejus.<\/p>\n\n\n\n<p>Premijerno prikazivanje TV serije <em>Nobelovac <\/em>(re\u017eija: Thomir Stani\u0107, 2024), \u010diji \u0107e jedan od scenarista, Ivan Velisavljevi\u0107, biti gost na\u0161e novembarske, i u isto vreme poslednje ovogodi\u0161nje tribine koju organizujemo u okviru tribinskog programa <em>Pi\u0161emo istoriju Jugoslavije<\/em>; je skrenulo (ne)o\u010dekivano veliku pa\u017enju stru\u010dne, ali i \u0161ire javnosti na lik i delo jednog od najve\u0107ih jugoslovenskih pisaca i jedinog jugoslovenskog pisca me\u0111u nobelovcima, Ivu Andri\u0107a. Na taj na\u010din je jedan od najpopularnijih TV formata doprineo, ne prvi put, dopisivanju starih i ispisivanju novih interpretacija knji\u017eevnog, ali i politi\u010dkog nasle\u0111a Ive Andri\u0107a kao i interpretaciji istorije dr\u017eave kojoj je Ivo Andri\u0107 na razli\u010dite na\u010dine (po)slu\u017eio da bi i sam postao jedan od njenih najzna\u010dajnijih simbola. Ovoj debati se pridru\u017euju Centar za jugoslovenske studije i Dom omladine Beograda tribinom pod nazivom <em>Ivo Andri\u0107 (1892-1975): pisac i dr\u017eava<\/em> kako bi kroz razgovor i sa stru\u010dnjacima, poznavaocima istorije jugoslovenske diplomatske slu\u017ebe (doc. dr Sr\u0111an Mi\u0107i\u0107) i istorije jugoslovenske knji\u017eevnosti (dr Stanislava Bara\u0107) poku\u0161ali da skrenu pa\u017enju na Iva Andri\u0107a kao jednog od najve\u0107ih jugoslovenskih, evropskih i svetskih pisaca, ali i na Ivu Andri\u0107a kao (ne)uhvatljivu paradigmu mnogih puteva i stranputica istorije Jugoslavije.<\/p>\n\n\n\n<p><strong><u>Podaci o u\u010desnicima:<\/u><\/strong><\/p>\n\n\n\n<p><strong>Sr\u0111an Mi\u0107i\u0107<\/strong> (Beograd, 1983) je docent na Katedri za istoriju Jugoslavije Odeljenja za istoriju Filozofskog fakulteta Univerziteta u Beogradu. Od 2013. do 2022. je radio u Institutu za noviju istoriju Srbije gde je stekao zvanje vi\u0161eg nau\u010dnog saradnika. Osnovna polja interesovanja su mu: spoljna politika, diplomatija i propagandna delatnost u inostranstvu Kraljevine Srba, Hrvata i Slovenaca\/ Jugoslavije. Poslednjih godina je pro\u0161irio svoja interesovanja na delatnost jugoslovenske dr\u017eave u Dru\u0161tvu naroda\/ Ligi naroda te na me\u0111usobnu povezanost vojnih, ekonomskih i diplomatskih faktora na me\u0111unarodne aktivnosti Kraljevine. Autor je monografije <em>Od birokratije do diplomatije: istorija jugoslovenske diplomatske slu\u017ebe 1918-1939<\/em> (2018), sa koleginicom Nata\u0161om Mili\u0107evi\u0107 je priredio dnevni\u010dke bele\u0161ke Koste St. Pavlovi\u0107a, <em>Dnevnik 1930-1932<\/em> (2020), sa kolegom Jovanom \u010cavo\u0161kim je uredio zbornik radova <em>On the Fault Lines of European and World Politics: Yugoslavia between Alliances and Neutrality\/Non-Alignment<\/em> (2022) nastao u okviru projekta <em>Komparativno istorijsko iskustvo Jugoslavije sa politikama savezni\u0161tva i neutralnosti\/nesvrstanosti <\/em>koji je bio finansijski podr\u017ean od strane Fonda za nauku Republike Srbije, u okviru poziva PROMIS a kojim je rukovodio Sr\u0111an Mi\u0107i\u0107.<\/p>\n\n\n\n<p><strong>Ivan Velisavljevi\u0107<\/strong> (\u0160abac, 1982)&nbsp; je studirao dramaturgiju i knji\u017eevnost u Beogradu i Zagrebu. Scenarista je dugometra\u017enih&nbsp; <em>Manja<\/em> (Nikola Kon\u010darevi\u0107, 2023) i srednjemetra\u017enih filmova <em>Teskoba ekspres<\/em> (Sini\u0161a Dugonji\u0107 i Marina Radmilac, 2009), <em>Poja\u010dalo i gitara<\/em> (Sini\u0161a Dugonji\u0107, 2010) kao i televizijskih serija <em>Nobelovac <\/em>(2024), <em>Drim tim 2<\/em> (2023), <em>Neki bolji ljudi<\/em> (2021), <em>Istine i la\u017ei<\/em> (2018). Saradnik je na scenarijima filmova <em>D\u017eenga, \u010dudna igra<\/em> (Kon\u010darevi\u0107, 2022), <em>Porno pri\u010da<\/em> (Aleksandar Jankovi\u0107, 2022) i <em>Penal i seksualni \u017eivot Ane \u0110.<\/em> (Milica Stojanov, 2023). Re\u017eirao je kratke dokumentarne filmove <em>Put do Visoke zemlje<\/em> (sa Ivanom Zlati\u0107em, 2006), <em>Uskrs, grad i rokenrol<\/em> (2021), sedam kratkih eksperimentalnih filmova i nekoliko muzi\u010dkih videa. Autor je pet izvo\u0111enih radio-drama i pozori\u0161nog komada Svrati, re\u010de \u010dovek\/San o zavi\u010daju.<\/p>\n\n\n\n<p>Napisao je <em>Kriti\u010dki vodi\u010d kroz srpski film 2000-2017<\/em> i&nbsp;<em>The Best Serbian Films of the 21st century<\/em> (sa \u0110. Baji\u0107em i Z. Jankovi\u0107em, FCS, 2017\/2018), a njegovi filmolo\u0161ki eseji i filmske kritike objavljeni su u svim vode\u0107im \u010dasopisima biv\u0161e Jugoslavije. Kao dramaturg, sara\u0111ivao je na pozori\u0161nim predstavama Marka Misira\u010de <em>Jugoslavija, moja de\u017eela<\/em> (Gledali\u0161\u010de Kopar\/Pozori\u0161te Prijedor\/FES, 2021), <em>Ni\u010diji sin<\/em> (BDP, Beograd, 2018), <em>Sabirni centar<\/em> (NPRS Banja Luka\/Pozori\u0161te Prijedor, 2017) i <em>Sinovi umiru prvi<\/em> (NPRS Banja Luka, 2016). Uredio je knjige <em>Novi kadrovi: skrajnute vrednosti srpskog filma<\/em> (sa D. Ognjanovi\u0107em, Clio, Beograd, 2008) i <em>Studiranje Mamulijana <\/em>(DKSG, Beograd, 2019), kao i temat \u010dasopisa <em>Gradac<\/em> o neobi\u010dnim telima\/invaliditetu u kulturi i dru\u0161tvu (DK \u010ca\u010dak, 2012). Dobitnik je nagrada <em>Rejmon Keno<\/em> za prozu, <em>Josip Kulund\u017ei\u0107<\/em> za najbolji objavljeni esej iz oblasti filma, <em>Vitomir Bogi\u0107<\/em> za najboljeg mladog radiofonijskog stvaraoca i nagrade za najbolju dramaturgiju Pozori\u0161nih\/kazali\u0161nih igara BiH u Jajcu ( za predstavu <em>Sabirni centar<\/em>).<\/p>\n\n\n\n<p><strong>Stanislava Bara\u0107 <\/strong>(Zrenjanin, 1977) je vi\u0161a nau\u010dna saradnica Instituta za knji\u017eevnost i umetnost (Beograd), gde je od 2004. godine zaposlena u okviru istra\u017eiva\u010dke jedinice za prou\u010davanje knji\u017eevne periodike. Diplomirala na Katedri za srpsku knji\u017eevnost sa op\u0161tom knji\u017eevno\u017eu radom <em>O piscu i njegovom delu u&nbsp;Znakovima pored puta: Jedan mogu\u0107i pogled na Andri\u0107evu poetiku<\/em>. Rad je 2003. godine izabran za najbolji diplomski rad iz predmeta Srpska knji\u017eevnost 20. veka, ponev\u0161i nagradu iz Fonda <em>Radmila Popovi\u0107<\/em>, koja se svake godine dodeljuje na Filolo\u0161kom fakultetu u Beogradu.Objavila je \u0161ezdeset nau\u010dnih studija, dve monografije (<em>Avangardna Misao<\/em>, 2008; <em>Feministi\u010dka kontrajavnost<\/em>, 2015) i (ko)uredila \u010detiri zbornika radova:&nbsp; <em>\u010casopis Ruski arhiv 1928\u20131937 i kultura ruske emigracije u Kraljevini SHS\/Jugoslaviji<\/em>, sa Vesnom Matovi\u0107 (2015<em>), \u010casopisi za decu: jugoslovensko nasle\u0111e 1918\u20131991<\/em>, sa Tijanom Tropin (2019), <em>Prvi svetski rat i slovenske knji\u017eevnosti<\/em>, sa Biljanom Andonovskom (2021) i <em>\u010casopis \u017dena danas 1936\u20131940: prosve\u0107ivanje za revoluciju<\/em> (2022). Predsednica je Centra za jugoslovenske studije.<\/p>\n\n\n\n<p><strong>Sanja Petrovi\u0107 Todosijevi\u0107<\/strong> (\u0160abac, 1977) je vi\u0161a nau\u010dna saradnica Instituta za noviju istoriju Srbije (Beograd) i jedna od osniva\u010dica Centra za jugoslovenske studije. Bavi se dru\u0161tvenom istorijom Srbije i Jugoslavije u periodu posle Drugog svetskog rata s posebnim osvrtom na istoriju detinjstva i istoriju obrazovanja kao i istorijom Drugog svetskog rata. Autorka je dve monografije: <em>Ote\u0107emo svetlost bu\u010dnom vodopadu. Reforma osnovno\u0161kolskog sistema u Srbiji 1944-1959<\/em> (2018) i Za bezimene. Delatnost UNICEF-a u Federativnoj Narodnoj Republici Jugoslaviji 1947-1954 (2008). Priredila je rukopis Grigorije Babovi\u0107, <em>Letopis \u0160apca 1933-1944<\/em> (2010). Zajedno sa Aleksandrom Ili\u0107 Rajkovi\u0107 uredila je zbornik <em>Bez \u0161kole \u0161ta bi mi?! Ogledi iz istorije obrazovanja u Srbiji i Jugoslaviji od 19. veka do danas<\/em> (2021). Koautorka je dva ud\u017ebenika iz istorije za sedmi i osmi razred osnovne \u0161kole. \u010clanica je Inicijative za o\u010duvanje Memorijalnog kompleksa Bo\u0161ko Buha na Jabuci kod Prijepolja. Dobitnica je BeFem Bring <em>The Noize<\/em> 2023. priznanja za borbu protiv desni\u010darskih intervencija u formalnom obrazovanju. Urednica je tribinskog programa <em>Pi\u0161emo istoriju Jugoslavije<\/em>.<\/p>\n\n\n\n<hr class=\"wp-block-separator\"\/>\n\n\n\n<p>Izvori:<\/p>\n\n\n\n<figure class=\"wp-block-embed-wordpress wp-block-embed is-type-wp-embed is-provider-dom-omladine-beograda\"><div class=\"wp-block-embed__wrapper\">\n<blockquote class=\"wp-embedded-content\" data-secret=\"O9Qbs0Svl4\"><a href=\"https:\/\/domomladine.org\/debate\/tribina-ivo-andric-1892-1975-pisac-i-drzava\/\">Tribina: &#8220;Ivo Andri\u0107 (1892-1975): pisac i dr\u017eava&#8221;<\/a><\/blockquote><iframe loading=\"lazy\" class=\"wp-embedded-content\" sandbox=\"allow-scripts\" security=\"restricted\" style=\"position: absolute; clip: rect(1px, 1px, 1px, 1px);\" title=\"&#8220;Tribina: &#8220;Ivo Andri\u0107 (1892-1975): pisac i dr\u017eava&#8221;&#8221; &#8212; Dom omladine Beograda\" src=\"https:\/\/domomladine.org\/debate\/tribina-ivo-andric-1892-1975-pisac-i-drzava\/embed\/#?secret=Fk5YnFxaVJ#?secret=O9Qbs0Svl4\" data-secret=\"O9Qbs0Svl4\" width=\"600\" height=\"338\" frameborder=\"0\" marginwidth=\"0\" marginheight=\"0\" scrolling=\"no\"><\/iframe>\n<\/div><\/figure>\n\n\n\n<p><a href=\"https:\/\/www.facebook.com\/cejus.jus\">https:\/\/www.facebook.com\/cejus.jus<\/a><\/p>\n\n\n\n<hr class=\"wp-block-separator\"\/>\n","protected":false},"excerpt":{"rendered":"","protected":false},"author":2,"featured_media":43459,"comment_status":"open","ping_status":"open","sticky":false,"template":"","format":"standard","meta":{"_acf_changed":false,"jetpack_post_was_ever_published":false,"_jetpack_newsletter_access":"","_jetpack_dont_email_post_to_subs":false,"_jetpack_newsletter_tier_id":0,"_jetpack_memberships_contains_paywalled_content":false,"_jetpack_memberships_contains_paid_content":false,"footnotes":"","jetpack_publicize_message":"","jetpack_publicize_feature_enabled":true,"jetpack_social_post_already_shared":true,"jetpack_social_options":{"image_generator_settings":{"template":"highway","default_image_id":0,"font":"","enabled":false},"version":2}},"categories":[3],"tags":[],"class_list":["post-43456","post","type-post","status-publish","format-standard","has-post-thumbnail","hentry","category-novosti"],"acf":{"facebook_opis":""},"jetpack_publicize_connections":[],"jetpack_featured_media_url":"https:\/\/i0.wp.com\/historiografija.hr\/wp-content\/uploads\/2024\/11\/Tribina_Andri%C4%87.jpg?fit=2048%2C2048&ssl=1","jetpack_sharing_enabled":true,"jetpack-related-posts":[],"_links":{"self":[{"href":"https:\/\/historiografija.hr\/index.php?rest_route=\/wp\/v2\/posts\/43456","targetHints":{"allow":["GET"]}}],"collection":[{"href":"https:\/\/historiografija.hr\/index.php?rest_route=\/wp\/v2\/posts"}],"about":[{"href":"https:\/\/historiografija.hr\/index.php?rest_route=\/wp\/v2\/types\/post"}],"author":[{"embeddable":true,"href":"https:\/\/historiografija.hr\/index.php?rest_route=\/wp\/v2\/users\/2"}],"replies":[{"embeddable":true,"href":"https:\/\/historiografija.hr\/index.php?rest_route=%2Fwp%2Fv2%2Fcomments&post=43456"}],"version-history":[{"count":1,"href":"https:\/\/historiografija.hr\/index.php?rest_route=\/wp\/v2\/posts\/43456\/revisions"}],"predecessor-version":[{"id":43458,"href":"https:\/\/historiografija.hr\/index.php?rest_route=\/wp\/v2\/posts\/43456\/revisions\/43458"}],"wp:featuredmedia":[{"embeddable":true,"href":"https:\/\/historiografija.hr\/index.php?rest_route=\/wp\/v2\/media\/43459"}],"wp:attachment":[{"href":"https:\/\/historiografija.hr\/index.php?rest_route=%2Fwp%2Fv2%2Fmedia&parent=43456"}],"wp:term":[{"taxonomy":"category","embeddable":true,"href":"https:\/\/historiografija.hr\/index.php?rest_route=%2Fwp%2Fv2%2Fcategories&post=43456"},{"taxonomy":"post_tag","embeddable":true,"href":"https:\/\/historiografija.hr\/index.php?rest_route=%2Fwp%2Fv2%2Ftags&post=43456"}],"curies":[{"name":"wp","href":"https:\/\/api.w.org\/{rel}","templated":true}]}}