{"id":43453,"date":"2024-11-21T13:00:18","date_gmt":"2024-11-21T13:00:18","guid":{"rendered":"http:\/\/historiografija.hr\/?p=43453"},"modified":"2024-11-21T13:00:18","modified_gmt":"2024-11-21T13:00:18","slug":"izlozba-putnici","status":"publish","type":"post","link":"https:\/\/historiografija.hr\/?p=43453","title":{"rendered":"Izlo\u017eba \u201ePutnici\u201c"},"content":{"rendered":"\n<p>Pozivamo Vas na otvorenje novog velikog izlo\u017ebenog projekta EMZ-a \u201ePutnici\u201d u Etnografskome muzeju u Zagrebu, Trg Ma\u017eurani\u0107a 14, u petak, 22. studenog 2024. u 18 sati.<\/p>\n\n\n\n<p>Izlo\u017ebom \u017eelimo predstaviti Zbirku izvaneuropskih kultura Etnografskog muzeja, prate\u0107i putovanja ljudi i predmeta od kolonijalnih vremena do suvremenosti.<br><br>Za\u010deci Zbirke se\u017eu u sredinu 19. stolje\u0107a u tada\u0161nji Narodni muzej u Zagrebu, osnovan u vremenu Hrvatskog narodnog preporoda. Tada su u Europi osnovani brojni muzeji s ciljem definiranja nacionalnog identiteta. Predmeti hrvatske materijalne i nematerijalne kulture trebali su svjedo\u010diti o bogatom kulturnom naslije\u0111u, a gra\u0111a izvaneuropskih kultura postaviti Hrvatsku uz bok velikih europskih kolonijalnih sila. Hrvatska je imala dvostruku poziciju u globalnim procesima. Dok su na Zapadu na nju gledali kao na egzoti\u010dnog Drugog, lokalna je sredina, preuzev\u0161i kolonijalne kulturne stereotipe, sli\u010dno gledala na izvaneuropske narode i njihove kulture.<\/p>\n\n\n\n<p>U uvodnom dijelu izlo\u017ebe ukazujemo na povezanost kolonijalizma sa stvaranjem nacionalnih muzeja, zbriki predmeta izvaneuropskih kultura i po\u010decima etnologije i kulturne antropologije kao znanosti. Odnos muzeja i kolonijalizma ve\u0107 je du\u017ee vremena sredi\u0161nja tema u muzejima diljem svijeta pa tematiziramo neke od pristupa izlaganju i odnosa prema kolonijalnom naslije\u0111u. Dok se stariji dio Zbirke mo\u017ee izravno s njime povezati, dio predmeta skupljenih u drugoj polovini 20. stolje\u0107a treba sagledavati u okvirima jugoslavenske antikolonijalne politike i Pokreta nesvrstanih. Istaknuv\u0161i pojedine donatore \u017eeljele smo ukazati na povijesne kontekste u kojima su djelovali i stvarali svoje zbirke \u0161to otvara brojne teme za rasprave tijekom trajanja izlo\u017ebe.<\/p>\n\n\n\n<p>Kao kontrapunkt istra\u017eivanjima izvaneuropskih kultura, predstavljena su suvremena etnografska istra\u017eivanja znanstvenog projekta ERIM \u2013 Europski re\u017eim iregulariziranih migracija na periferiji Europske unije (2020.-2024.) Hrvatske zaklade za znanost pri Institutu za etnologiju i folkloristiku.<\/p>\n\n\n\n<p>Radom na Zbirci postajemo svjesni neophodnosti uklju\u010divanja pojedinaca, zajednica, udruga i institucija iz zemalja otkud potje\u010du predmeti. Preduvjeti za suradnju su transparentnost i dostupnost Zbirke, na \u010demu se intenzivno radi posljednjih godina.<\/p>\n\n\n\n<p>Izlo\u017ebom \u017eelimo potaknuti \u0161iru raspravu o na\u010dinima interpretiranja i izlaganja Zbirke, o njezinoj dru\u0161tvenoj relevantnosti i budu\u0107nosti.<\/p>\n\n\n\n<p><strong>Autorica izlo\u017ebe:<\/strong><br>Marija \u017divkovi\u0107<\/p>\n\n\n\n<p><strong>Stru\u010dna suradnica i autorica uvodnih tema i cjeline \u201eNesvrstani\u201c:<\/strong><br>dr. sc. Aida Brenko<\/p>\n\n\n\n<p><strong>Likovni postav:<\/strong><br>Studio Hrvatin<\/p>\n\n\n\n<p><strong>Autorica cjeline \u201eGlobalno putovanje stvari\u201c:<\/strong><br>Mareta Kurtin<\/p>\n\n\n\n<p><strong>Autori cjeline \u201eEpilog: ne\u017eeljeni\u201c:<\/strong><br>dr. sc. Marijana Hamer\u0161ak, dr. sc. Bojan Mucko, dr. sc. Mojca Pi\u0161kor i dr. sc. Iva Ple\u0161e<\/p>\n\n\n\n<p><strong>Lektura:<\/strong><br>Bo\u017eena Bun\u010di\u0107<\/p>\n\n\n\n<p><strong>Prijevod na engleski:<\/strong><br>Juraj \u0160utej<\/p>\n\n\n\n<p><strong>Edukativni programi:<\/strong><br>dr. sc. \u017deljka Jelavi\u0107, Anastazija Petrovi\u0107 i Silvia Vrsalovi\u0107<\/p>\n\n\n\n<p><strong>Marketing i odnosi s javno\u0161\u0107u:<\/strong><br>Ivana Lu\u0161i\u0107<\/p>\n\n\n\n<p><strong>Preventivna konzervacija gra\u0111e i tehni\u010dka realizacija:<\/strong><br>Mihaela Gr\u010devi\u0107, Kristina Matkovi\u0107 i Ivana Prodan<\/p>\n\n\n\n<p><strong>Tehni\u010dka realizacija:<\/strong><br>Davor Filip\u010di\u0107, Mislav \u0160eme\u0161, Darijen Pa\u0161a, Ljiljana Vilus Japec, Adrijana Ga\u0161pari\u0107 i Marijana Njjar<\/p>\n\n\n\n<p><strong>Animirani film o Dragutinu Lermanu<\/strong><\/p>\n\n\n\n<p><strong>Scenarij i re\u017eija:<\/strong><br>Damjan Roce<\/p>\n\n\n\n<p><strong>Animacija:<\/strong><br>Zanimacije<\/p>\n\n\n\n<p><strong>Zvuk:<\/strong><br>Surogat<\/p>\n\n\n\n<p><strong>Glasove posudili:<\/strong><br>Ivana Bolan\u010da, Ivan Simon i Sven \u0160estak<\/p>\n\n\n\n<hr class=\"wp-block-separator\"\/>\n\n\n\n<p>Izvor:<\/p>\n\n\n\n<figure class=\"wp-block-embed-wordpress wp-block-embed is-type-wp-embed is-provider-etnografski-muzej\"><div class=\"wp-block-embed__wrapper\">\n<blockquote class=\"wp-embedded-content\" data-secret=\"3cKokN9iGn\"><a href=\"https:\/\/emz.hr\/izlozbe\/izlozba-putnici\/\">Izlo\u017eba \u201ePutnici\u201c<\/a><\/blockquote><iframe loading=\"lazy\" class=\"wp-embedded-content\" sandbox=\"allow-scripts\" security=\"restricted\" style=\"position: absolute; clip: rect(1px, 1px, 1px, 1px);\" title=\"&#8220;Izlo\u017eba \u201ePutnici\u201c&#8221; &#8212; etnografski muzej\" src=\"https:\/\/emz.hr\/izlozbe\/izlozba-putnici\/embed\/#?secret=ue75AQODUv#?secret=3cKokN9iGn\" data-secret=\"3cKokN9iGn\" width=\"600\" height=\"338\" frameborder=\"0\" marginwidth=\"0\" marginheight=\"0\" scrolling=\"no\"><\/iframe>\n<\/div><\/figure>\n\n\n\n<hr class=\"wp-block-separator\"\/>\n","protected":false},"excerpt":{"rendered":"","protected":false},"author":2,"featured_media":43454,"comment_status":"open","ping_status":"open","sticky":false,"template":"","format":"standard","meta":{"_acf_changed":false,"jetpack_post_was_ever_published":false,"_jetpack_newsletter_access":"","_jetpack_dont_email_post_to_subs":false,"_jetpack_newsletter_tier_id":0,"_jetpack_memberships_contains_paywalled_content":false,"_jetpack_memberships_contains_paid_content":false,"footnotes":"","jetpack_publicize_message":"","jetpack_publicize_feature_enabled":true,"jetpack_social_post_already_shared":true,"jetpack_social_options":{"image_generator_settings":{"template":"highway","default_image_id":0,"font":"","enabled":false},"version":2}},"categories":[10,3],"tags":[],"class_list":["post-43453","post","type-post","status-publish","format-standard","has-post-thumbnail","hentry","category-izlozbe","category-novosti"],"acf":{"facebook_opis":""},"jetpack_publicize_connections":[],"jetpack_featured_media_url":"https:\/\/i0.wp.com\/historiografija.hr\/wp-content\/uploads\/2024\/11\/EMZ-PUTNICI.jpg?fit=1448%2C2048&ssl=1","jetpack_sharing_enabled":true,"jetpack-related-posts":[],"_links":{"self":[{"href":"https:\/\/historiografija.hr\/index.php?rest_route=\/wp\/v2\/posts\/43453","targetHints":{"allow":["GET"]}}],"collection":[{"href":"https:\/\/historiografija.hr\/index.php?rest_route=\/wp\/v2\/posts"}],"about":[{"href":"https:\/\/historiografija.hr\/index.php?rest_route=\/wp\/v2\/types\/post"}],"author":[{"embeddable":true,"href":"https:\/\/historiografija.hr\/index.php?rest_route=\/wp\/v2\/users\/2"}],"replies":[{"embeddable":true,"href":"https:\/\/historiografija.hr\/index.php?rest_route=%2Fwp%2Fv2%2Fcomments&post=43453"}],"version-history":[{"count":1,"href":"https:\/\/historiografija.hr\/index.php?rest_route=\/wp\/v2\/posts\/43453\/revisions"}],"predecessor-version":[{"id":43455,"href":"https:\/\/historiografija.hr\/index.php?rest_route=\/wp\/v2\/posts\/43453\/revisions\/43455"}],"wp:featuredmedia":[{"embeddable":true,"href":"https:\/\/historiografija.hr\/index.php?rest_route=\/wp\/v2\/media\/43454"}],"wp:attachment":[{"href":"https:\/\/historiografija.hr\/index.php?rest_route=%2Fwp%2Fv2%2Fmedia&parent=43453"}],"wp:term":[{"taxonomy":"category","embeddable":true,"href":"https:\/\/historiografija.hr\/index.php?rest_route=%2Fwp%2Fv2%2Fcategories&post=43453"},{"taxonomy":"post_tag","embeddable":true,"href":"https:\/\/historiografija.hr\/index.php?rest_route=%2Fwp%2Fv2%2Ftags&post=43453"}],"curies":[{"name":"wp","href":"https:\/\/api.w.org\/{rel}","templated":true}]}}