{"id":43450,"date":"2024-11-21T12:55:00","date_gmt":"2024-11-21T12:55:00","guid":{"rendered":"http:\/\/historiografija.hr\/?p=43450"},"modified":"2024-11-21T12:55:44","modified_gmt":"2024-11-21T12:55:44","slug":"xxii-dani-dr-franje-rackoga","status":"publish","type":"post","link":"https:\/\/historiografija.hr\/?p=43450","title":{"rendered":"XXII. DANI DR. FRANJE RA\u010cKOGA"},"content":{"rendered":"\n<p><strong>HRVATSKA AKADEMIJA ZNANOSTI I UMJETNOSTI \u2013&nbsp;ZAVOD ZA POVIJESNE I DRU\u0160TVENE ZNANOSTI&nbsp;U RIJECI S PODRU\u010cNOM JEDINICOM U PULI,&nbsp;&nbsp;<\/strong><\/p>\n\n\n\n<p><strong>UDRUGA \u201dDR. FRANJO RA\u010cKI\u201d FU\u017dINE&nbsp;<\/strong><\/p>\n\n\n\n<p><strong>I&nbsp;<\/strong><\/p>\n\n\n\n<p><strong>OSNOVNA \u0160KOLA IVANKE TROHAR, FU\u017dINE<\/strong><\/p>\n\n\n\n<p><strong>organiziraju znanstveno-stru\u010dni skup&nbsp;XXII. DANI dr. FRANJE RA\u010cKOGA<\/strong><\/p>\n\n\n\n<p><strong>22. studenoga 2024. s po\u010detkom u 11 sati u Domu kulture Fu\u017eine, Vije\u0107nica Op\u0107ine Fu\u017eine, Dr. Franje Ra\u010dkog 19<\/strong><\/p>\n\n\n\n<hr class=\"wp-block-separator\"\/>\n\n\n\n<p>PROGRAM<\/p>\n\n\n\n<p><strong>&nbsp;\u2013 Kulturno-umjetni\u010dki program u\u010denika Osnovne \u0161kole Ivanke Trohar, Fu\u017eine&nbsp;<\/strong><\/p>\n\n\n\n<p><strong>&nbsp;\u2013 Pozdravne rije\u010di i otvaranje skupa<\/strong><\/p>\n\n\n\n<p><strong>&nbsp;\u2013 Izlaganja<\/strong><\/p>\n\n\n\n<p><strong>I.<\/strong><\/p>\n\n\n\n<p><strong>Marko Medved <\/strong>(Sveu\u010dili\u0161te u Rijeci, Medicinski fakultet):<\/p>\n\n\n\n<p><em>Franjo Ra\u010dki \u2013 sve\u0107enik Senjsko-modru\u0161ke biskupije<\/em><\/p>\n\n\n\n<p><strong>Maja Poli\u0107 <\/strong>(Zavod za povijesne i dru\u0161tvene znanosti HAZU u Rijeci)<strong> \u2013 Matea Pli\u0161i\u0107<\/strong> (Rijeka):<\/p>\n\n\n\n<p><em>Franjo Ra\u010dki, Josip Juraj Strossmayer i Tadija Smi\u010diklas: korespondencija, historiografija i nagnu\u0107e<\/em><\/p>\n\n\n\n<p><strong>Tanja Ra\u010dki <\/strong>(Ravna Gora)<strong> \u2013 Monika Bajt Stepi\u0107, Marina Crnkovi\u0107, i u\u010denici <\/strong>(Osnovna \u0161kola Dr. Branimira Markovi\u0107a, Ravna Gora):<\/p>\n\n\n\n<p><em>Obitelj i prezime Ra\u010dki: povijest Gorskoga kotara kroz prizmu \u010dlanova obitelji Ra\u010dki<\/em><\/p>\n\n\n\n<p><strong>Tihana Lueti\u0107 <\/strong>(Odsjek za povijesne znanosti Zavoda za povijesne i dru\u0161tvene znanosti HAZU u Zagrebu):<\/p>\n\n\n\n<p><em>Studenti iz Modru\u0161ko-rije\u010dke \u017eupanije na Mudroslovnom (Filozofskom) fakultetu Kr. Sveu\u010dili\u0161ta Franje Josipa I. u Zagrebu (1874. \u2013 1914.)<\/em><\/p>\n\n\n\n<p><strong>II.<\/strong><\/p>\n\n\n\n<p><strong>Vanda Pi\u0161kur, Rosana \u0160imi\u0107, Katarina Majnari\u0107, Emilija Tadej, Marinka Kova\u010devi\u0107, Darija Vuki\u0107 Lu\u0161i\u0107 <\/strong>(Nastavni zavod za javno zdravstvo Primorsko-goranske \u017eupanije;&nbsp; Sveu\u010dili\u0161te u Rijeci, Medicinski fakultet):<\/p>\n\n\n\n<p><em>Vodoopskrba i zdravstvena ispravnost vode za ljudsku potro\u0161nju na podru\u010dju Gorskoga kotara<\/em><\/p>\n\n\n\n<p><strong>Darija Vuki\u0107 Lu\u0161i\u0107, Arijana Cenov, Marin Glad, Neven Su\u010di\u0107, Tea Perani\u0107 Mehanovi\u0107, Vanda Pi\u0161kur, Rosana \u0160imi\u0107, Katarina Majnari\u0107, Emilija Tadej, Marinka Kova\u010devi\u0107 <\/strong>(Nastavni zavod za javno zdravstvo Primorsko-goranske \u017eupanije; Sveu\u010dili\u0161te u Rijeci, Medicinski fakultet):<\/p>\n\n\n\n<p><em>Kakvo\u0107a vode za kupanje na jezerima Bajer i Lepenica &nbsp;<\/em><\/p>\n\n\n\n<p><strong>Johan Klari\u0107, Nata\u0161a \u0160timac <\/strong>(Komunalac \u2013 vodoopskrba i odvodnja d.o.o. Delnice):<\/p>\n\n\n\n<p><em>Djelatnost javnoga isporu\u010ditelja vodnih usluga Komunalca \u2013 vodoopskrbe i odvodnje d.o.o. Delnice s naglaskom na va\u017enost pro\u010di\u0161\u0107avanja otpadnih voda podru\u010dja Gorskoga kotara<\/em><\/p>\n\n\n\n<p><strong>Jadranka \u010cop Bajraktaraj <\/strong>(Osnovna \u0161kola Ivanke Trohar, Fu\u017eine; Osnovna \u0161kola Ivana Gorana Kova\u010di\u0107a, Delnice):<\/p>\n\n\n\n<p><em>U\u010denici o vodama<\/em><\/p>\n\n\n\n<p><strong>\u00a0\u2013 Rasprava<\/strong><\/p>\n\n\n\n<hr class=\"wp-block-separator\"\/>\n\n\n\n<p><a href=\"https:\/\/www.info.hazu.hr\/wp-content\/uploads\/2024\/11\/XXII.-DANI-DR.-FRANJE-RACKOGA_pozivnica-s-programom-i-sazetcima.pdf\">XXII. DANI DR. FRANJE RA\u010cKOGA_pozivnica s programom i sa\u017eetcima<\/a><\/p>\n\n\n\n<hr class=\"wp-block-separator\"\/>\n\n\n\n<p>XXII. DANE DR. FRANJE RA\u010cKOGA sufinancirali su: Primorsko-goranska \u017eupanija i Op\u0107ina Fu\u017eine<\/p>\n\n\n\n<hr class=\"wp-block-separator\"\/>\n\n\n\n<p>Izvor:<\/p>\n\n\n\n<figure class=\"wp-block-embed-wordpress wp-block-embed is-type-wp-embed is-provider-hazu\"><div class=\"wp-block-embed__wrapper\">\n<blockquote class=\"wp-embedded-content\" data-secret=\"HHCAaVDUQo\"><a href=\"https:\/\/www.info.hazu.hr\/events\/xxii-dani-dr-franje-rackoga\/\">XXII. DANI DR. FRANJE RA\u010cKOGA<\/a><\/blockquote><iframe loading=\"lazy\" class=\"wp-embedded-content\" sandbox=\"allow-scripts\" security=\"restricted\" style=\"position: absolute; clip: rect(1px, 1px, 1px, 1px);\" title=\"&#8220;XXII. DANI DR. FRANJE RA\u010cKOGA&#8221; &#8212; HAZU\" src=\"https:\/\/www.info.hazu.hr\/events\/xxii-dani-dr-franje-rackoga\/embed\/#?secret=HHCAaVDUQo\" data-secret=\"HHCAaVDUQo\" width=\"600\" height=\"338\" frameborder=\"0\" marginwidth=\"0\" marginheight=\"0\" scrolling=\"no\"><\/iframe>\n<\/div><\/figure>\n\n\n\n<hr class=\"wp-block-separator\"\/>\n","protected":false},"excerpt":{"rendered":"","protected":false},"author":2,"featured_media":7113,"comment_status":"open","ping_status":"open","sticky":false,"template":"","format":"standard","meta":{"_acf_changed":false,"jetpack_post_was_ever_published":false,"_jetpack_newsletter_access":"","_jetpack_dont_email_post_to_subs":false,"_jetpack_newsletter_tier_id":0,"_jetpack_memberships_contains_paywalled_content":false,"_jetpack_memberships_contains_paid_content":false,"footnotes":"","jetpack_publicize_message":"","jetpack_publicize_feature_enabled":true,"jetpack_social_post_already_shared":true,"jetpack_social_options":{"image_generator_settings":{"template":"highway","default_image_id":0,"font":"","enabled":false},"version":2}},"categories":[3,9],"tags":[],"class_list":["post-43450","post","type-post","status-publish","format-standard","has-post-thumbnail","hentry","category-novosti","category-skupovi"],"acf":{"facebook_opis":""},"jetpack_publicize_connections":[],"jetpack_featured_media_url":"https:\/\/i0.wp.com\/historiografija.hr\/wp-content\/uploads\/2017\/11\/Franjo-Racki.jpg?fit=617%2C499&ssl=1","jetpack_sharing_enabled":true,"jetpack-related-posts":[],"_links":{"self":[{"href":"https:\/\/historiografija.hr\/index.php?rest_route=\/wp\/v2\/posts\/43450","targetHints":{"allow":["GET"]}}],"collection":[{"href":"https:\/\/historiografija.hr\/index.php?rest_route=\/wp\/v2\/posts"}],"about":[{"href":"https:\/\/historiografija.hr\/index.php?rest_route=\/wp\/v2\/types\/post"}],"author":[{"embeddable":true,"href":"https:\/\/historiografija.hr\/index.php?rest_route=\/wp\/v2\/users\/2"}],"replies":[{"embeddable":true,"href":"https:\/\/historiografija.hr\/index.php?rest_route=%2Fwp%2Fv2%2Fcomments&post=43450"}],"version-history":[{"count":2,"href":"https:\/\/historiografija.hr\/index.php?rest_route=\/wp\/v2\/posts\/43450\/revisions"}],"predecessor-version":[{"id":43452,"href":"https:\/\/historiografija.hr\/index.php?rest_route=\/wp\/v2\/posts\/43450\/revisions\/43452"}],"wp:featuredmedia":[{"embeddable":true,"href":"https:\/\/historiografija.hr\/index.php?rest_route=\/wp\/v2\/media\/7113"}],"wp:attachment":[{"href":"https:\/\/historiografija.hr\/index.php?rest_route=%2Fwp%2Fv2%2Fmedia&parent=43450"}],"wp:term":[{"taxonomy":"category","embeddable":true,"href":"https:\/\/historiografija.hr\/index.php?rest_route=%2Fwp%2Fv2%2Fcategories&post=43450"},{"taxonomy":"post_tag","embeddable":true,"href":"https:\/\/historiografija.hr\/index.php?rest_route=%2Fwp%2Fv2%2Ftags&post=43450"}],"curies":[{"name":"wp","href":"https:\/\/api.w.org\/{rel}","templated":true}]}}