{"id":43438,"date":"2024-11-20T18:54:58","date_gmt":"2024-11-20T18:54:58","guid":{"rendered":"http:\/\/historiografija.hr\/?p=43438"},"modified":"2024-11-20T19:11:27","modified_gmt":"2024-11-20T19:11:27","slug":"predstavljanje-projekta-hrvatski-iseljenicki-tisak","status":"publish","type":"post","link":"https:\/\/historiografija.hr\/?p=43438","title":{"rendered":"Predstavljanje projekta \u201eHrvatski iseljeni\u010dki tisak\u201c"},"content":{"rendered":"\n<p>Pozivamo vas na predstavljanje institucijskog projekta \u201eHrvatski iseljeni\u010dki tisak\u201c u ponedjeljak 25. studenoga 2024. u 11 sati u Vije\u0107nici Filozofskoga fakulteta u Zagrebu.<\/p>\n\n\n\n<p>Predstavljanje \u0107e se odr\u017eati povodom izrade 1000. zapisa u bibliografiji i pohrane 100. objekta u digitalnom repozitoriju.<\/p>\n\n\n\n<p>Prikazat \u0107emo dosada\u0161nje rezultate i razgovarati o mogu\u0107nostima novih interdisciplinarnih istra\u017eivanja na temelju izra\u0111enih bibliografija i virtualnih digitalnih zbirki.<\/p>\n\n\n\n<hr class=\"wp-block-separator\"\/>\n\n\n\n<figure class=\"wp-block-image size-large\"><img data-recalc-dims=\"1\" loading=\"lazy\" decoding=\"async\" width=\"860\" height=\"574\" data-attachment-id=\"43439\" data-permalink=\"https:\/\/historiografija.hr\/?attachment_id=43439\" data-orig-file=\"https:\/\/i0.wp.com\/historiografija.hr\/wp-content\/uploads\/2024\/11\/Pozivnica_HIT_FFZG.jpg?fit=1915%2C1279&amp;ssl=1\" data-orig-size=\"1915,1279\" data-comments-opened=\"1\" data-image-meta=\"{&quot;aperture&quot;:&quot;0&quot;,&quot;credit&quot;:&quot;&quot;,&quot;camera&quot;:&quot;&quot;,&quot;caption&quot;:&quot;&quot;,&quot;created_timestamp&quot;:&quot;0&quot;,&quot;copyright&quot;:&quot;&quot;,&quot;focal_length&quot;:&quot;0&quot;,&quot;iso&quot;:&quot;0&quot;,&quot;shutter_speed&quot;:&quot;0&quot;,&quot;title&quot;:&quot;&quot;,&quot;orientation&quot;:&quot;0&quot;}\" data-image-title=\"Pozivnica_HIT_FFZG\" data-image-description=\"\" data-image-caption=\"\" data-large-file=\"https:\/\/i0.wp.com\/historiografija.hr\/wp-content\/uploads\/2024\/11\/Pozivnica_HIT_FFZG.jpg?fit=860%2C574&amp;ssl=1\" src=\"https:\/\/i0.wp.com\/historiografija.hr\/wp-content\/uploads\/2024\/11\/Pozivnica_HIT_FFZG.jpg?resize=860%2C574&#038;ssl=1\" alt=\"\" class=\"wp-image-43439\" srcset=\"https:\/\/i0.wp.com\/historiografija.hr\/wp-content\/uploads\/2024\/11\/Pozivnica_HIT_FFZG.jpg?resize=1024%2C684&amp;ssl=1 1024w, https:\/\/i0.wp.com\/historiografija.hr\/wp-content\/uploads\/2024\/11\/Pozivnica_HIT_FFZG.jpg?resize=300%2C200&amp;ssl=1 300w, https:\/\/i0.wp.com\/historiografija.hr\/wp-content\/uploads\/2024\/11\/Pozivnica_HIT_FFZG.jpg?resize=768%2C513&amp;ssl=1 768w, https:\/\/i0.wp.com\/historiografija.hr\/wp-content\/uploads\/2024\/11\/Pozivnica_HIT_FFZG.jpg?resize=1536%2C1026&amp;ssl=1 1536w, https:\/\/i0.wp.com\/historiografija.hr\/wp-content\/uploads\/2024\/11\/Pozivnica_HIT_FFZG.jpg?w=1915&amp;ssl=1 1915w, https:\/\/i0.wp.com\/historiografija.hr\/wp-content\/uploads\/2024\/11\/Pozivnica_HIT_FFZG.jpg?w=1720&amp;ssl=1 1720w\" sizes=\"auto, (max-width: 860px) 100vw, 860px\" \/><\/figure>\n\n\n\n<hr class=\"wp-block-separator\"\/>\n\n\n\n<p><strong>Hrvatski iseljeni\u010dki tisak<\/strong> <\/p>\n\n\n\n<figure class=\"wp-block-embed-wordpress wp-block-embed is-type-wp-embed is-provider-hit-hrvatski-iseljenicki-tisak\"><div class=\"wp-block-embed__wrapper\">\n<blockquote class=\"wp-embedded-content\" data-secret=\"14Cl5EyFbY\"><a href=\"https:\/\/hit.ffzg.unizg.hr\/\">Naslovnica<\/a><\/blockquote><iframe loading=\"lazy\" class=\"wp-embedded-content\" sandbox=\"allow-scripts\" security=\"restricted\" style=\"position: absolute; clip: rect(1px, 1px, 1px, 1px);\" title=\"&#8220;Naslovnica&#8221; &#8212; HIT - Hrvatski iseljeni\u010dki tisak\" src=\"https:\/\/hit.ffzg.unizg.hr\/embed\/#?secret=14Cl5EyFbY\" data-secret=\"14Cl5EyFbY\" width=\"600\" height=\"338\" frameborder=\"0\" marginwidth=\"0\" marginheight=\"0\" scrolling=\"no\"><\/iframe>\n<\/div><\/figure>\n\n\n\n<hr class=\"wp-block-separator\"\/>\n\n\n\n<p><\/p>\n","protected":false},"excerpt":{"rendered":"","protected":false},"author":2,"featured_media":43448,"comment_status":"open","ping_status":"open","sticky":false,"template":"","format":"standard","meta":{"_acf_changed":false,"jetpack_post_was_ever_published":false,"_jetpack_newsletter_access":"","_jetpack_dont_email_post_to_subs":false,"_jetpack_newsletter_tier_id":0,"_jetpack_memberships_contains_paywalled_content":false,"_jetpack_memberships_contains_paid_content":false,"footnotes":"","jetpack_publicize_message":"","jetpack_publicize_feature_enabled":true,"jetpack_social_post_already_shared":true,"jetpack_social_options":{"image_generator_settings":{"template":"highway","default_image_id":0,"font":"","enabled":false},"version":2}},"categories":[3],"tags":[],"class_list":["post-43438","post","type-post","status-publish","format-standard","has-post-thumbnail","hentry","category-novosti"],"acf":{"facebook_opis":""},"jetpack_publicize_connections":[],"jetpack_featured_media_url":"https:\/\/i0.wp.com\/historiografija.hr\/wp-content\/uploads\/2024\/11\/Logo-HIT.jpg?fit=697%2C697&ssl=1","jetpack_sharing_enabled":true,"jetpack-related-posts":[],"_links":{"self":[{"href":"https:\/\/historiografija.hr\/index.php?rest_route=\/wp\/v2\/posts\/43438","targetHints":{"allow":["GET"]}}],"collection":[{"href":"https:\/\/historiografija.hr\/index.php?rest_route=\/wp\/v2\/posts"}],"about":[{"href":"https:\/\/historiografija.hr\/index.php?rest_route=\/wp\/v2\/types\/post"}],"author":[{"embeddable":true,"href":"https:\/\/historiografija.hr\/index.php?rest_route=\/wp\/v2\/users\/2"}],"replies":[{"embeddable":true,"href":"https:\/\/historiografija.hr\/index.php?rest_route=%2Fwp%2Fv2%2Fcomments&post=43438"}],"version-history":[{"count":4,"href":"https:\/\/historiografija.hr\/index.php?rest_route=\/wp\/v2\/posts\/43438\/revisions"}],"predecessor-version":[{"id":43443,"href":"https:\/\/historiografija.hr\/index.php?rest_route=\/wp\/v2\/posts\/43438\/revisions\/43443"}],"wp:featuredmedia":[{"embeddable":true,"href":"https:\/\/historiografija.hr\/index.php?rest_route=\/wp\/v2\/media\/43448"}],"wp:attachment":[{"href":"https:\/\/historiografija.hr\/index.php?rest_route=%2Fwp%2Fv2%2Fmedia&parent=43438"}],"wp:term":[{"taxonomy":"category","embeddable":true,"href":"https:\/\/historiografija.hr\/index.php?rest_route=%2Fwp%2Fv2%2Fcategories&post=43438"},{"taxonomy":"post_tag","embeddable":true,"href":"https:\/\/historiografija.hr\/index.php?rest_route=%2Fwp%2Fv2%2Ftags&post=43438"}],"curies":[{"name":"wp","href":"https:\/\/api.w.org\/{rel}","templated":true}]}}