{"id":43431,"date":"2024-11-20T18:15:19","date_gmt":"2024-11-20T18:15:19","guid":{"rendered":"http:\/\/historiografija.hr\/?p=43431"},"modified":"2024-11-20T18:15:19","modified_gmt":"2024-11-20T18:15:19","slug":"medunarodni-znanstveni-simpozij-knjizevnost-knjizevni-rad-srba-u-hrvatskoj-povodom-30-godisnjice-smrti-stanka-koraca","status":"publish","type":"post","link":"https:\/\/historiografija.hr\/?p=43431","title":{"rendered":"Me\u0111unarodni znanstveni simpozij \u201eKnji\u017eevnost \/ knji\u017eevni rad Srba u Hrvatskoj (povodom 30. godi\u0161njice smrti Stanka Kora\u0107a)\u201c"},"content":{"rendered":"\n<p>Me\u0111unarodni znanstveni simpozij \u201eKnji\u017eevnost \/ knji\u017eevni rad Srba u Hrvatskoj (povodom 30. godi\u0161njice smrti Stanka Kora\u0107a)\u201c odr\u017eat \u0107e se 22. i 23. studenog 2024. u Vije\u0107nici Filozofskog fakulteta u Zagrebu.<\/p>\n\n\n\n<hr class=\"wp-block-separator\"\/>\n\n\n\n<p>Programska knji\u017eica i ostale informacije o simpoziju dostupne su na poveznici:<\/p>\n\n\n\n<figure class=\"wp-block-embed-wordpress wp-block-embed is-type-wp-embed is-provider-odsjek-za-juznoslavenske-jezike-i-knjizevnosti\"><div class=\"wp-block-embed__wrapper\">\n<blockquote class=\"wp-embedded-content\" data-secret=\"ka2lSfPlKs\"><a href=\"http:\/\/www.ffzg.unizg.hr\/slaven\/juzslav\/simpozij-stankokorac\/\">Simpozij Knji\u017eevnost \/ knji\u017eevni rad Srba u Hrvatskoj<\/a><\/blockquote><iframe loading=\"lazy\" class=\"wp-embedded-content\" sandbox=\"allow-scripts\" security=\"restricted\" style=\"position: absolute; clip: rect(1px, 1px, 1px, 1px);\" title=\"&#8220;Simpozij Knji\u017eevnost \/ knji\u017eevni rad Srba u Hrvatskoj&#8221; &#8212; Odsjek za ju\u017enoslavenske jezike i knji\u017eevnosti\" src=\"http:\/\/www.ffzg.unizg.hr\/slaven\/juzslav\/simpozij-stankokorac\/embed\/#?secret=ka2lSfPlKs\" data-secret=\"ka2lSfPlKs\" width=\"600\" height=\"338\" frameborder=\"0\" marginwidth=\"0\" marginheight=\"0\" scrolling=\"no\"><\/iframe>\n<\/div><\/figure>\n\n\n\n<hr class=\"wp-block-separator\"\/>\n","protected":false},"excerpt":{"rendered":"","protected":false},"author":2,"featured_media":43432,"comment_status":"open","ping_status":"open","sticky":false,"template":"","format":"standard","meta":{"_acf_changed":false,"jetpack_post_was_ever_published":false,"_jetpack_newsletter_access":"","_jetpack_dont_email_post_to_subs":false,"_jetpack_newsletter_tier_id":0,"_jetpack_memberships_contains_paywalled_content":false,"_jetpack_memberships_contains_paid_content":false,"footnotes":"","jetpack_publicize_message":"","jetpack_publicize_feature_enabled":true,"jetpack_social_post_already_shared":true,"jetpack_social_options":{"image_generator_settings":{"template":"highway","default_image_id":0,"font":"","enabled":false},"version":2}},"categories":[3,12,9],"tags":[],"class_list":["post-43431","post","type-post","status-publish","format-standard","has-post-thumbnail","hentry","category-novosti","category-knjizevnost","category-skupovi"],"acf":{"facebook_opis":""},"jetpack_publicize_connections":[],"jetpack_featured_media_url":"https:\/\/i0.wp.com\/historiografija.hr\/wp-content\/uploads\/2024\/11\/Stanko_Kora%C4%87.jpg?fit=768%2C334&ssl=1","jetpack_sharing_enabled":true,"jetpack-related-posts":[],"_links":{"self":[{"href":"https:\/\/historiografija.hr\/index.php?rest_route=\/wp\/v2\/posts\/43431","targetHints":{"allow":["GET"]}}],"collection":[{"href":"https:\/\/historiografija.hr\/index.php?rest_route=\/wp\/v2\/posts"}],"about":[{"href":"https:\/\/historiografija.hr\/index.php?rest_route=\/wp\/v2\/types\/post"}],"author":[{"embeddable":true,"href":"https:\/\/historiografija.hr\/index.php?rest_route=\/wp\/v2\/users\/2"}],"replies":[{"embeddable":true,"href":"https:\/\/historiografija.hr\/index.php?rest_route=%2Fwp%2Fv2%2Fcomments&post=43431"}],"version-history":[{"count":1,"href":"https:\/\/historiografija.hr\/index.php?rest_route=\/wp\/v2\/posts\/43431\/revisions"}],"predecessor-version":[{"id":43433,"href":"https:\/\/historiografija.hr\/index.php?rest_route=\/wp\/v2\/posts\/43431\/revisions\/43433"}],"wp:featuredmedia":[{"embeddable":true,"href":"https:\/\/historiografija.hr\/index.php?rest_route=\/wp\/v2\/media\/43432"}],"wp:attachment":[{"href":"https:\/\/historiografija.hr\/index.php?rest_route=%2Fwp%2Fv2%2Fmedia&parent=43431"}],"wp:term":[{"taxonomy":"category","embeddable":true,"href":"https:\/\/historiografija.hr\/index.php?rest_route=%2Fwp%2Fv2%2Fcategories&post=43431"},{"taxonomy":"post_tag","embeddable":true,"href":"https:\/\/historiografija.hr\/index.php?rest_route=%2Fwp%2Fv2%2Ftags&post=43431"}],"curies":[{"name":"wp","href":"https:\/\/api.w.org\/{rel}","templated":true}]}}