{"id":43429,"date":"2024-11-20T18:01:35","date_gmt":"2024-11-20T18:01:35","guid":{"rendered":"http:\/\/historiografija.hr\/?p=43429"},"modified":"2024-11-20T18:01:35","modified_gmt":"2024-11-20T18:01:35","slug":"predstavljanje-knjige-rade-dragojevica-suvar-politicka-biografija-u-rijeci","status":"publish","type":"post","link":"https:\/\/historiografija.hr\/?p=43429","title":{"rendered":"Predstavljanje knjige Rade Dragojevi\u0107a \u201e\u0160uvar. Politi\u010dka biografija\u201c u Rijeci"},"content":{"rendered":"\n<p>U \u010detvrtak, 21. 11. 2024. u 18 sati u Gradskoj knji\u017enici Rijeka u Ben\u010di\u0107u bit \u0107e predstavljena knjiga \u201e\u0160uvar. Politi\u010dka biografija\u201c. Djelo u izdanju Srednje Europe predstavit \u0107e se kroz razgovor s autorom Radom Dragojevi\u0107em.<\/p>\n\n\n\n<p>Prva knjiga o jednom od najva\u017enijih hrvatskih politi\u010dara druge polovice 20. stolje\u0107a.<\/p>\n\n\n\n<p>Stipe \u0160uvar, uvjereni komunist podrijetlom iz Dalmatinske zagore, bio je niz godina ministar prosvjete i kulture te sveu\u010dili\u0161ni profesor sociologije u Zagrebu, a na kraju socijalisti\u010dkog razdoblja nalazio se na \u010delu Saveza komunista Jugoslavije u Beogradu te je kratko vrijeme bio i hrvatski predstavnik u Predsjedni\u0161tvu SFRJ. Od devedesetih se nalazio u oporbi kao osniva\u010d i vo\u0111a Socijalisti\u010dke radni\u010dke partije te autor nekoliko publicisti\u010dkih djela o suvremenoj Hrvatskoj.<\/p>\n\n\n\n<p>Osim po reformi \u0161kolstva sedamdesetih i Bijeloj knjizi s po\u010detka osamdesetih, ostat \u0107e upam\u0107en i po izgradnji dana\u0161nje zgrade Nacionalne i sveu\u010dili\u0161ne knji\u017enice i Muzeja Mimara u Zagrebu te nekoliko drugih kulturnih institucija i izlo\u017ebenih prostora.<\/p>\n\n\n\n<p>Autor knjige je novinar Rade Dragojevi\u0107, diplomirani sociolog.<\/p>\n\n\n\n<p><em>Analiti\u010dki mo\u0107no, koncepcijski mudro, politi\u010dki-ekonomski upu\u0107eno, stilski vrckasto a&#8217;la \u0160uvar, ontolo\u0161ki \u010dvrsto u materijalizmu, briljantno kontekstualizirano, tako\u0111er neumoljivo spram medijskih suputnika &#8211; egzemplar politi\u010dkog biografizma.\u00a0<\/em><br><strong>Gordan Nuhanovi\u0107, novinar i knji\u017eevnik<\/strong><\/p>\n\n\n\n<hr class=\"wp-block-separator\"\/>\n\n\n\n<p>Izvor:<\/p>\n\n\n\n<p><a href=\"https:\/\/gkr.hr\/magazin\/najave\/predstavljanje-knjige-suvar-politicka-biografija--a-5509\">https:\/\/gkr.hr\/magazin\/najave\/predstavljanje-knjige-suvar-politicka-biografija&#8211;a-5509<\/a><\/p>\n\n\n\n<hr class=\"wp-block-separator\"\/>\n","protected":false},"excerpt":{"rendered":"","protected":false},"author":2,"featured_media":41626,"comment_status":"open","ping_status":"open","sticky":false,"template":"","format":"standard","meta":{"_acf_changed":false,"jetpack_post_was_ever_published":false,"_jetpack_newsletter_access":"","_jetpack_dont_email_post_to_subs":false,"_jetpack_newsletter_tier_id":0,"_jetpack_memberships_contains_paywalled_content":false,"_jetpack_memberships_contains_paid_content":false,"footnotes":"","jetpack_publicize_message":"","jetpack_publicize_feature_enabled":true,"jetpack_social_post_already_shared":true,"jetpack_social_options":{"image_generator_settings":{"template":"highway","default_image_id":0,"font":"","enabled":false},"version":2}},"categories":[3],"tags":[],"class_list":["post-43429","post","type-post","status-publish","format-standard","has-post-thumbnail","hentry","category-novosti"],"acf":{"facebook_opis":""},"jetpack_publicize_connections":[],"jetpack_featured_media_url":"https:\/\/i0.wp.com\/historiografija.hr\/wp-content\/uploads\/2024\/07\/suvar-biografija.jpg?fit=450%2C450&ssl=1","jetpack_sharing_enabled":true,"jetpack-related-posts":[],"_links":{"self":[{"href":"https:\/\/historiografija.hr\/index.php?rest_route=\/wp\/v2\/posts\/43429","targetHints":{"allow":["GET"]}}],"collection":[{"href":"https:\/\/historiografija.hr\/index.php?rest_route=\/wp\/v2\/posts"}],"about":[{"href":"https:\/\/historiografija.hr\/index.php?rest_route=\/wp\/v2\/types\/post"}],"author":[{"embeddable":true,"href":"https:\/\/historiografija.hr\/index.php?rest_route=\/wp\/v2\/users\/2"}],"replies":[{"embeddable":true,"href":"https:\/\/historiografija.hr\/index.php?rest_route=%2Fwp%2Fv2%2Fcomments&post=43429"}],"version-history":[{"count":1,"href":"https:\/\/historiografija.hr\/index.php?rest_route=\/wp\/v2\/posts\/43429\/revisions"}],"predecessor-version":[{"id":43430,"href":"https:\/\/historiografija.hr\/index.php?rest_route=\/wp\/v2\/posts\/43429\/revisions\/43430"}],"wp:featuredmedia":[{"embeddable":true,"href":"https:\/\/historiografija.hr\/index.php?rest_route=\/wp\/v2\/media\/41626"}],"wp:attachment":[{"href":"https:\/\/historiografija.hr\/index.php?rest_route=%2Fwp%2Fv2%2Fmedia&parent=43429"}],"wp:term":[{"taxonomy":"category","embeddable":true,"href":"https:\/\/historiografija.hr\/index.php?rest_route=%2Fwp%2Fv2%2Fcategories&post=43429"},{"taxonomy":"post_tag","embeddable":true,"href":"https:\/\/historiografija.hr\/index.php?rest_route=%2Fwp%2Fv2%2Ftags&post=43429"}],"curies":[{"name":"wp","href":"https:\/\/api.w.org\/{rel}","templated":true}]}}