{"id":43419,"date":"2024-11-20T17:37:27","date_gmt":"2024-11-20T17:37:27","guid":{"rendered":"http:\/\/historiografija.hr\/?p=43419"},"modified":"2024-11-20T17:37:27","modified_gmt":"2024-11-20T17:37:27","slug":"znanstveni-skup-krizevacka-eparhija-povijest-kultura-nasljede","status":"publish","type":"post","link":"https:\/\/historiografija.hr\/?p=43419","title":{"rendered":"Znanstveni skup \u201cKri\u017eeva\u010dka eparhija: Povijest, kultura, naslje\u0111e\u201d"},"content":{"rendered":"\n<p>Kri\u017eeva\u010dka eparhija, Hrvatski institut za povijest, Zagreb, HAZU Kri\u017eevci, Dru\u017eba \u201eBra\u0107a Hrvatskoga Zmaja\u201c \u2013 Zmajski stol u Kri\u017eevcima i Povijesno dru\u0161tvo Kri\u017eevci organiziraju znanstveni skup \u201cKri\u017eeva\u010dka eparhija: Povijest, kultura, naslje\u0111e\u201d u petak 22.11.2024. godine u konzistorijalnoj dvorani biskupijske rezidencije Kri\u017eeva\u010dke eparhije. Budu\u0107i da se 2027. godine obilje\u017eava 250 godina od osnutka Kri\u017eeva\u010dke eparhije namjera je tu veliku obljetnicu popratiti zbornikom znanstvenih radova, a kao po\u010detni korak upravo je organizacija ovoga skupa. Cilj skupa je obraditi bogatu povijest Eparhije od njezina po\u010detka do najnovijih vremena, djelovanje mar\u010danskih i kri\u017eeva\u010dkih vladika, vjerski i kulturni \u017eivot kao i bogatu umjetni\u010dku ba\u0161tinu na prostoru koji Eparhija obuhva\u0107a.<\/p>\n\n\n\n<p><strong>Program<\/strong><\/p>\n\n\n\n<p><strong>9:00 \u2013 9:30<\/strong><\/p>\n\n\n\n<p><strong>Okupljanje sudionika&nbsp;<\/strong><\/p>\n\n\n\n<p><strong>9:30 \u2013 9:45<\/strong><\/p>\n\n\n\n<p><strong>Pozdravni govori organizatora<\/strong><\/p>\n\n\n\n<ul class=\"wp-block-list\"><li>Njegova preuzvi\u0161enost Milan STIPI\u0106, vladika kri\u017eeva\u010dki<\/li><li>sc. Miroslav AKMAD\u017dA, ravnatelj Hrvatskog instituta za povijest<\/li><li>akademik Franjo TOMI\u0106, voditelj Zavoda HAZU Kri\u017eevci<\/li><li>sc. Dejan PERNJAK, predsjednik Povijesnog dru\u0161tva Kri\u017eevci<\/li><li>Zvonimir I\u0160TVAN, pro\u010delnik Zmajskog stola u Kri\u017eevcima<\/li><li>Mario RAJN, gradona\u010delnik Kri\u017eevaca<\/li><\/ul>\n\n\n\n<p><strong>9:45 \u2013 10:30<\/strong><\/p>\n\n\n\n<p><strong>Plenarna izlaganja<\/strong><\/p>\n\n\n\n<p>ZLATKO KUDELI\u0106, Isprave rimske kurije i be\u010dkog dvora izdane mar\u010danskim grkokatoli\u010dkim biskupima<\/p>\n\n\n\n<p>RENATA HUSINEC, Doprinos kri\u017eeva\u010dkog Ogranka Matice hrvatske otkrivanju i \u010duvanju grkokatoli\u010dke ba\u0161tine u Kri\u017eevcima<\/p>\n\n\n\n<p>Vladika u miru NIKOLA KEKI\u0106, Arhiv Kri\u017eeva\u010dke eparhije<\/p>\n\n\n\n<p><strong>10:30 \u2013 11:00 \u2013 Pauza za kavu<\/strong><\/p>\n\n\n\n<p><strong>11:00 \u2013 12:30 \u2013 Prva sekcija (PRVI DIO):<\/strong><\/p>\n\n\n\n<p>BO\u017dIDAR BALENOVI\u0106, Mar\u010da prije 1611. godine i osnutak samostana u Mar\u010di<\/p>\n\n\n\n<p>VLADIMIR SEDLAK, Od crkvene unije do partikularne Crkve u punom smislu rije\u010di \u2013 ekleziolo\u0161ka novina bule \u201eCharitas illa\u201c<\/p>\n\n\n\n<p>ELDINA LOVA\u0160, Osnivanje Kri\u017eeva\u010dke eparhije u kontekstu crkvene politike Marije Terezije<\/p>\n\n\n\n<p>\u0160IME ZEKO, Suodnos dokumenata \u201eCharitas illa\u201c i dokumenta Marije Terezije u osnutku Kri\u017eeva\u010dke eparhije<\/p>\n\n\n\n<p>ROBERT RAPLJENOVI\u0106, Biskup Vasilije Bo\u017ei\u010dkovi\u0107 (1719-1785): Branitelj \u010distog katoli\u010dkog pravovjerja<\/p>\n\n\n\n<p>ZORAN GRIJAK, O nastojanjima vrhbosanskog nadbiskupa Josipa Stadlera za utemeljenjem grkokatoli\u010dke biskupije u Sarajevu s posebnim osvrtom na nerealizirani put kri\u017eeva\u010dkog biskupa Julija Drohobeczkoga u Sarajevo 1900. godine<\/p>\n\n\n\n<p><strong>13:00 \u2013 14:30 \u2013 Pauza za ru\u010dak<\/strong><\/p>\n\n\n\n<p><strong>14:30 \u2013 16:00 \u2013 Prva sekcija (DRUGI DIO):<\/strong><\/p>\n\n\n\n<p>LUKA MARINKOVI\u0106, \u017divot i djelovanje biskupa Julija Drohobeczkyja<\/p>\n\n\n\n<p>DANIEL PATAFTA, Srpska pravoslavna crkva i grkokatolici u Kraljevini SHS\/Jugoslaviji<\/p>\n\n\n\n<p>IVAN PEKLI\u0106, \u017divot i djelo biskupa \u0160imraka<\/p>\n\n\n\n<p>VLADIMIR HUZJAN, Za\u0161to su Janka \u0160imraka ga\u0111ali kamenjem u okolici Vara\u017edina 1927.<\/p>\n\n\n\n<p>IVO MI\u0160UR, Dalmatinski vikarijat izme\u0111u dva rata \u2013 nove spoznaje<\/p>\n\n\n\n<p>MIROSLAV AKMAD\u017dA, DOMAGOJ NOVOSEL, Biskup Gabrijel Bukatko i komunisti\u010dke vlasti (1945.-1981.)<\/p>\n\n\n\n<p>Rasprava<\/p>\n\n\n\n<p><strong>11:00 \u2013 12:30 \u2013 Druga sekcija (PRVI DIO)<\/strong><\/p>\n\n\n\n<p>HRVOJE PETRI\u0106, Gabrijel (Gavrilo) Mijaki\u0107 i Zrinski<\/p>\n\n\n\n<p>\u017dELJKO OSET, MIKL\u00d3S T\u00d6M\u00d6RY, Izme\u0111u crkvene autonomije i dinasti\u010dke lojalnosti. Imenovanje kri\u017eeva\u010dkih biskupa i njihova prisega vladaru (1857-1920)<\/p>\n\n\n\n<p>STIJEPO STJEPOVI\u0106, Revalorizacija ranosrednjovjekovne bizantske prisutnosti na isto\u010dnom Jadranu u kontekstu \u0161irenja pastorala Kri\u017eeva\u010dke eparhije na jadranskom prostoru<\/p>\n\n\n\n<p>TOMISLAV BOGDANOVI\u0106, Kri\u017eeva\u010dki grkokatolici i Prvi svjetski rat<\/p>\n\n\n\n<p>SLAVKO BURDA, Doprinos&nbsp; mitropolite Andreja \u0160eptickog u osnivanju Grkokatoli\u010dke Crkve za Ukrajince u Bosni i Hercegovini<\/p>\n\n\n\n<p><strong>13:00 \u2013 14:30 Pauza za ru\u010dak<\/strong><\/p>\n\n\n\n<p><strong>14:30 \u2013 16:00 \u2013 Druga sekcija (DRUGI DIO):<\/strong><\/p>\n\n\n\n<p>\u0110URO \u0160KVORC, vladika Joakim Segedi \u2013 \u017eivot i djelo<\/p>\n\n\n\n<p>MARINO ERCEG, Joakim Segedi i slu\u010daj navodnoga \u010dlanstva u sve\u0107eni\u010dkim udru\u017eenjima: Grkokatoli\u010dki sve\u0107enici izme\u0111u odanosti crkvenoj hijerarhiji i manipulacija komunisti\u010dkoga re\u017eima<\/p>\n\n\n\n<p>IVAN ARMANDA, \u017divot majke Irene Smi\u010diklas (1916.-2012.) i njezin prinos prou\u010davanju i o\u010duvanju kulturne ba\u0161tine Kri\u017eeva\u010dke eparhije<\/p>\n\n\n\n<p>\u017dELIMIR PR\u0160A, Razvoj \u017eupe Preobra\u017eenja Gospodnjeg u Jastrebarskom \u2013 od po\u010detka doseljavanja \u017eumbera\u010dkih grkokatolika do danas<\/p>\n\n\n\n<p>OZREN BLAGEC, Stare razglednice s motivom kompleksa Grkokatoli\u010dke katedrale i biskupskog dvora u Kri\u017eevcima u fundusu Gradskog muzeja Kri\u017eevci<\/p>\n\n\n\n<p><strong>16:00 \u2013 16:45<\/strong><\/p>\n\n\n\n<p>Biblioteka<\/p>\n\n\n\n<p>SUZANA KNE\u017dEVI\u0106, Biblioteka Grkokatoli\u010dke biskupije u Kri\u017eevcima<\/p>\n\n\n\n<p>\u017dELJKICA HRLEC BEREND, Za\u0161tita knji\u017ene gra\u0111e u Knji\u017enici Kri\u017eeva\u010dke eparhije<\/p>\n\n\n\n<p>LUKA ILI\u0106, Protestantski pisci i knjige u Knji\u017enici Grkokatoli\u010dke eparhije u Kri\u017eevcima<\/p>\n\n\n\n<p>Rasprava<\/p>\n\n\n\n<p><strong>17:00<\/strong> \u2013 Zavr\u0161ni govor vladike Milana Stipi\u0107a i zatvaranje skupa<\/p>\n\n\n\n<p><strong>18:00<\/strong><\/p>\n\n\n\n<p><strong>Sveta liturgija<\/strong><\/p>\n\n\n\n<p><strong>18:45<\/strong><\/p>\n\n\n\n<p><strong>Ve\u010dera za sudionike i organizatore skupa<\/strong><\/p>\n\n\n\n<hr class=\"wp-block-separator\"\/>\n\n\n\n<p>Izvori i dodatne obavijesti:<\/p>\n\n\n\n<figure class=\"wp-block-embed-wordpress wp-block-embed is-type-wp-embed is-provider-grad-krizevci\"><div class=\"wp-block-embed__wrapper\">\n<blockquote class=\"wp-embedded-content\" data-secret=\"IMyC8oojmY\"><a href=\"https:\/\/krizevci.hr\/dogadjanja\/znanstveni-skup-krizevacka-eparhija-povijest-kultura-nasljede\/\">Znanstveni skup: Kri\u017eeva\u010dka eparhija: Povijest, kultura, naslje\u0111e<\/a><\/blockquote><iframe loading=\"lazy\" class=\"wp-embedded-content\" sandbox=\"allow-scripts\" security=\"restricted\" style=\"position: absolute; clip: rect(1px, 1px, 1px, 1px);\" title=\"&#8220;Znanstveni skup: Kri\u017eeva\u010dka eparhija: Povijest, kultura, naslje\u0111e&#8221; &#8212; Grad Kri\u017eevci\" src=\"https:\/\/krizevci.hr\/dogadjanja\/znanstveni-skup-krizevacka-eparhija-povijest-kultura-nasljede\/embed\/#?secret=i9E5XdFMN1#?secret=IMyC8oojmY\" data-secret=\"IMyC8oojmY\" width=\"600\" height=\"338\" frameborder=\"0\" marginwidth=\"0\" marginheight=\"0\" scrolling=\"no\"><\/iframe>\n<\/div><\/figure>\n\n\n\n<p><a href=\"https:\/\/www.krizevacka-eparhija.com\/index.php\/arhiva\/vijesti-2021\/1705-program-znanstvenog-skupa-krizevacka-eparhija-povijest-kultura-nasljede\">https:\/\/www.krizevacka-eparhija.com\/index.php\/arhiva\/vijesti-2021\/1705-program-znanstvenog-skupa-krizevacka-eparhija-povijest-kultura-nasljede<\/a><\/p>\n\n\n\n<figure class=\"wp-block-embed-wordpress wp-block-embed is-type-wp-embed is-provider-druzba-quot-braca-hrvatskoga-zmaja-quot\"><div class=\"wp-block-embed__wrapper\">\n<blockquote class=\"wp-embedded-content\" data-secret=\"yNGOEqYMFX\"><a href=\"https:\/\/dbhz.hr\/najava\/znanstveni-skup-krizevacka-eparhija-povijest-kultura-nasljede\/\">Znanstveni skup: KRI\u017dEVA\u010cKA EPARHIJA. POVIJEST, KULTURA, NASLJE\u0110E<\/a><\/blockquote><iframe loading=\"lazy\" class=\"wp-embedded-content\" sandbox=\"allow-scripts\" security=\"restricted\" style=\"position: absolute; clip: rect(1px, 1px, 1px, 1px);\" title=\"&#8220;Znanstveni skup: KRI\u017dEVA\u010cKA EPARHIJA. POVIJEST, KULTURA, NASLJE\u0110E&#8221; &#8212; Dru\u017eba &quot;Bra\u0107a Hrvatskoga Zmaja&quot;\" src=\"https:\/\/dbhz.hr\/najava\/znanstveni-skup-krizevacka-eparhija-povijest-kultura-nasljede\/embed\/#?secret=yNGOEqYMFX\" data-secret=\"yNGOEqYMFX\" width=\"600\" height=\"338\" frameborder=\"0\" marginwidth=\"0\" marginheight=\"0\" scrolling=\"no\"><\/iframe>\n<\/div><\/figure>\n\n\n\n<figure class=\"wp-block-embed-wordpress wp-block-embed is-type-wp-embed is-provider-ika\"><div class=\"wp-block-embed__wrapper\">\n<blockquote class=\"wp-embedded-content\" data-secret=\"umoD2fFuXj\"><a href=\"https:\/\/ika.hkm.hr\/najave\/znanstveni-skup-krizevacka-eparhija-povijest-kultura-naslijede\/\">Znanstveni skup \u201eKri\u017eeva\u010dka eparhija. Povijest, kultura, naslije\u0111e\u201c<\/a><\/blockquote><iframe loading=\"lazy\" class=\"wp-embedded-content\" sandbox=\"allow-scripts\" security=\"restricted\" style=\"position: absolute; clip: rect(1px, 1px, 1px, 1px);\" title=\"&#8220;Znanstveni skup \u201eKri\u017eeva\u010dka eparhija. Povijest, kultura, naslije\u0111e\u201c&#8221; &#8212; IKA\" src=\"https:\/\/ika.hkm.hr\/najave\/znanstveni-skup-krizevacka-eparhija-povijest-kultura-naslijede\/embed\/#?secret=YyRiputi0l#?secret=umoD2fFuXj\" data-secret=\"umoD2fFuXj\" width=\"600\" height=\"338\" frameborder=\"0\" marginwidth=\"0\" marginheight=\"0\" scrolling=\"no\"><\/iframe>\n<\/div><\/figure>\n\n\n\n<hr class=\"wp-block-separator\"\/>\n","protected":false},"excerpt":{"rendered":"","protected":false},"author":2,"featured_media":43420,"comment_status":"open","ping_status":"open","sticky":false,"template":"","format":"standard","meta":{"_acf_changed":false,"jetpack_post_was_ever_published":false,"_jetpack_newsletter_access":"","_jetpack_dont_email_post_to_subs":false,"_jetpack_newsletter_tier_id":0,"_jetpack_memberships_contains_paywalled_content":false,"_jetpack_memberships_contains_paid_content":false,"footnotes":"","jetpack_publicize_message":"","jetpack_publicize_feature_enabled":true,"jetpack_social_post_already_shared":true,"jetpack_social_options":{"image_generator_settings":{"template":"highway","default_image_id":0,"font":"","enabled":false},"version":2}},"categories":[3,9],"tags":[],"class_list":["post-43419","post","type-post","status-publish","format-standard","has-post-thumbnail","hentry","category-novosti","category-skupovi"],"acf":{"facebook_opis":""},"jetpack_publicize_connections":[],"jetpack_featured_media_url":"https:\/\/i0.wp.com\/historiografija.hr\/wp-content\/uploads\/2024\/11\/Kri%C5%BEeva%C4%8Dka_eparhija.jpg?fit=1012%2C1444&ssl=1","jetpack_sharing_enabled":true,"jetpack-related-posts":[],"_links":{"self":[{"href":"https:\/\/historiografija.hr\/index.php?rest_route=\/wp\/v2\/posts\/43419","targetHints":{"allow":["GET"]}}],"collection":[{"href":"https:\/\/historiografija.hr\/index.php?rest_route=\/wp\/v2\/posts"}],"about":[{"href":"https:\/\/historiografija.hr\/index.php?rest_route=\/wp\/v2\/types\/post"}],"author":[{"embeddable":true,"href":"https:\/\/historiografija.hr\/index.php?rest_route=\/wp\/v2\/users\/2"}],"replies":[{"embeddable":true,"href":"https:\/\/historiografija.hr\/index.php?rest_route=%2Fwp%2Fv2%2Fcomments&post=43419"}],"version-history":[{"count":1,"href":"https:\/\/historiografija.hr\/index.php?rest_route=\/wp\/v2\/posts\/43419\/revisions"}],"predecessor-version":[{"id":43421,"href":"https:\/\/historiografija.hr\/index.php?rest_route=\/wp\/v2\/posts\/43419\/revisions\/43421"}],"wp:featuredmedia":[{"embeddable":true,"href":"https:\/\/historiografija.hr\/index.php?rest_route=\/wp\/v2\/media\/43420"}],"wp:attachment":[{"href":"https:\/\/historiografija.hr\/index.php?rest_route=%2Fwp%2Fv2%2Fmedia&parent=43419"}],"wp:term":[{"taxonomy":"category","embeddable":true,"href":"https:\/\/historiografija.hr\/index.php?rest_route=%2Fwp%2Fv2%2Fcategories&post=43419"},{"taxonomy":"post_tag","embeddable":true,"href":"https:\/\/historiografija.hr\/index.php?rest_route=%2Fwp%2Fv2%2Ftags&post=43419"}],"curies":[{"name":"wp","href":"https:\/\/api.w.org\/{rel}","templated":true}]}}