{"id":43416,"date":"2024-11-20T17:20:04","date_gmt":"2024-11-20T17:20:04","guid":{"rendered":"http:\/\/historiografija.hr\/?p=43416"},"modified":"2024-11-20T17:20:04","modified_gmt":"2024-11-20T17:20:04","slug":"8-susret-istrazivacke-grupe-za-proucavanje-18-stoljeca-igos","status":"publish","type":"post","link":"https:\/\/historiografija.hr\/?p=43416","title":{"rendered":"8. SUSRET ISTRA\u017dIVA\u010cKE GRUPE ZA PROU\u010cAVANJE 18. STOLJE\u0106A (IGOS)"},"content":{"rendered":"\n<p>Program susreta ovoga \u0107e puta biti u znaku historiografskih tema.<\/p>\n\n\n\n<p>Dr. sc. Zrinka Bla\u017eevi\u0107 (Odsjek za povijest Filozofskog fakulteta Sveu\u010dili\u0161ta u Zagrebu) odr\u017eat \u0107e predavanje &#8220;Origo vitae salubris et insalubris: Pravila o medicini \u010dvrstih dijelova \u0110ure Baglivija&#8221;.<\/p>\n\n\n\n<p>Zatim slijedi izlaganje mag. educ. hist. Marina Banovi\u0107a (Odjel za povijest Sveu\u010dili\u0161ta u Zadru) pod naslovom &#8220;Kava i kavane u Zadru u 18. stolje\u0107u&#8221;.<\/p>\n\n\n\n<p>Susret \u0107emo zaklju\u010diti predstavljanjem kataloga &#8220;Vojnici grofa Josipa Kazimira Dra\u0161kovi\u0107a. Katalog likovnih djela vojne tematike iz 18. stolje\u0107a u Dvoru Trako\u0161\u0107anu&#8221; (Trako\u0161\u0107an: Dvor Trako\u0161\u0107an, 2024.). O knjizi \u0107e govoriti urednik i autor priloga dipl. pov. Vladimir Brnardi\u0107 (Odjel Dokumentarnih sadr\u017eaja HTV-a).<\/p>\n\n\n\n<p>Susret \u0107e se odr\u017eati u Vite\u0161koj dvorani Dru\u017ebe \u201eBra\u0107a Hrvatskoga Zmaja\u201c (Kamenita vrata 3, Zagreb) u subotu, 23. studenoga 2024. u 10 sati.<\/p>\n\n\n\n<hr class=\"wp-block-separator\"\/>\n\n\n\n<p>Izvori i op\u0161irnije:<\/p>\n\n\n\n<p><a href=\"https:\/\/www.facebook.com\/igos18\">https:\/\/www.facebook.com\/igos18<\/a><\/p>\n\n\n\n<figure class=\"wp-block-embed-wordpress wp-block-embed is-type-wp-embed is-provider-druzba-quot-braca-hrvatskoga-zmaja-quot\"><div class=\"wp-block-embed__wrapper\">\n<blockquote class=\"wp-embedded-content\" data-secret=\"ZGQwqTPA5h\"><a href=\"https:\/\/dbhz.hr\/najava\/8-susret-clanova-istrazivacke-grupe-za-proucavanje-18-stoljeca-igos\/\">8. SUSRET \u010cLANOVA ISTRA\u017dIVA\u010cKE GRUPE ZA PROU\u010cAVANJE 18. STOLJE\u0106A (IGOS)<\/a><\/blockquote><iframe loading=\"lazy\" class=\"wp-embedded-content\" sandbox=\"allow-scripts\" security=\"restricted\" style=\"position: absolute; clip: rect(1px, 1px, 1px, 1px);\" title=\"&#8220;8. SUSRET \u010cLANOVA ISTRA\u017dIVA\u010cKE GRUPE ZA PROU\u010cAVANJE 18. STOLJE\u0106A (IGOS)&#8221; &#8212; Dru\u017eba &quot;Bra\u0107a Hrvatskoga Zmaja&quot;\" src=\"https:\/\/dbhz.hr\/najava\/8-susret-clanova-istrazivacke-grupe-za-proucavanje-18-stoljeca-igos\/embed\/#?secret=ZGQwqTPA5h\" data-secret=\"ZGQwqTPA5h\" width=\"600\" height=\"338\" frameborder=\"0\" marginwidth=\"0\" marginheight=\"0\" scrolling=\"no\"><\/iframe>\n<\/div><\/figure>\n\n\n\n<hr class=\"wp-block-separator\"\/>\n","protected":false},"excerpt":{"rendered":"","protected":false},"author":2,"featured_media":43417,"comment_status":"open","ping_status":"open","sticky":false,"template":"","format":"standard","meta":{"_acf_changed":false,"jetpack_post_was_ever_published":false,"_jetpack_newsletter_access":"","_jetpack_dont_email_post_to_subs":false,"_jetpack_newsletter_tier_id":0,"_jetpack_memberships_contains_paywalled_content":false,"_jetpack_memberships_contains_paid_content":false,"footnotes":"","jetpack_publicize_message":"","jetpack_publicize_feature_enabled":true,"jetpack_social_post_already_shared":true,"jetpack_social_options":{"image_generator_settings":{"template":"highway","default_image_id":0,"font":"","enabled":false},"version":2}},"categories":[3],"tags":[],"class_list":["post-43416","post","type-post","status-publish","format-standard","has-post-thumbnail","hentry","category-novosti"],"acf":{"facebook_opis":""},"jetpack_publicize_connections":[],"jetpack_featured_media_url":"https:\/\/i0.wp.com\/historiografija.hr\/wp-content\/uploads\/2024\/11\/8_susret_IGOS.jpg?fit=1640%2C924&ssl=1","jetpack_sharing_enabled":true,"jetpack-related-posts":[],"_links":{"self":[{"href":"https:\/\/historiografija.hr\/index.php?rest_route=\/wp\/v2\/posts\/43416","targetHints":{"allow":["GET"]}}],"collection":[{"href":"https:\/\/historiografija.hr\/index.php?rest_route=\/wp\/v2\/posts"}],"about":[{"href":"https:\/\/historiografija.hr\/index.php?rest_route=\/wp\/v2\/types\/post"}],"author":[{"embeddable":true,"href":"https:\/\/historiografija.hr\/index.php?rest_route=\/wp\/v2\/users\/2"}],"replies":[{"embeddable":true,"href":"https:\/\/historiografija.hr\/index.php?rest_route=%2Fwp%2Fv2%2Fcomments&post=43416"}],"version-history":[{"count":1,"href":"https:\/\/historiografija.hr\/index.php?rest_route=\/wp\/v2\/posts\/43416\/revisions"}],"predecessor-version":[{"id":43418,"href":"https:\/\/historiografija.hr\/index.php?rest_route=\/wp\/v2\/posts\/43416\/revisions\/43418"}],"wp:featuredmedia":[{"embeddable":true,"href":"https:\/\/historiografija.hr\/index.php?rest_route=\/wp\/v2\/media\/43417"}],"wp:attachment":[{"href":"https:\/\/historiografija.hr\/index.php?rest_route=%2Fwp%2Fv2%2Fmedia&parent=43416"}],"wp:term":[{"taxonomy":"category","embeddable":true,"href":"https:\/\/historiografija.hr\/index.php?rest_route=%2Fwp%2Fv2%2Fcategories&post=43416"},{"taxonomy":"post_tag","embeddable":true,"href":"https:\/\/historiografija.hr\/index.php?rest_route=%2Fwp%2Fv2%2Ftags&post=43416"}],"curies":[{"name":"wp","href":"https:\/\/api.w.org\/{rel}","templated":true}]}}