{"id":43413,"date":"2024-11-20T17:08:19","date_gmt":"2024-11-20T17:08:19","guid":{"rendered":"http:\/\/historiografija.hr\/?p=43413"},"modified":"2024-11-20T17:08:19","modified_gmt":"2024-11-20T17:08:19","slug":"predstavljanje-znanstvene-monografije-preci-potomci-prestiz-naruciteljske-elite-i-nadgrobni-spomenici-na-podrucju-zagrebacke-biskupije-od-xv-do-xviii-stoljeca","status":"publish","type":"post","link":"https:\/\/historiografija.hr\/?p=43413","title":{"rendered":"Predstavljanje znanstvene monografije \u201dPreci, potomci, presti\u017e: Naru\u010diteljske elite i nadgrobni spomenici na podru\u010dju Zagreba\u010dke biskupije od XV. do XVIII. stolje\u0107a\u201d"},"content":{"rendered":"\n<p>Institut za povijest umjetnosti i Odsjek za povijest umjetnosti Filozofskoga fakulteta u Zagrebu<br>pozivaju Vas na predstavljanje znanstvene monografije<\/p>\n\n\n\n<p><strong>Preci, potomci, presti\u017e:<\/strong> <strong>Naru\u010diteljske elite i nadgrobni spomenici na podru\u010dju<\/strong> <strong>Zagreba\u010dke biskupije od XV. do XVIII. stolje\u0107a<\/strong><\/p>\n\n\n\n<p>autorice Maje \u017dvorc<\/p>\n\n\n\n<p>u izdanju Instituta za povijest umjetnosti<br>u \u010detvrtak 21. studenoga 2024. godine u 12 sati<br>u Konferencijskoj dvorani Knji\u017enice Filozofskoga fakulteta.<\/p>\n\n\n\n<p><strong>Uvodne rije\u010di:<\/strong><br>izv. prof. dr. sc. Lovorka Maga\u0161 Biland\u017ei\u0107,<br>prodekanica Filozofskoga fakulteta za znanost i me\u0111unarodnu suradnju<br>dr. sc. Petar Prelog,<br>predsjednik Znanstvenoga vije\u0107a Instituta za povijest umjetnosti<\/p>\n\n\n\n<p><strong>Knjigu \u0107e predstaviti:<\/strong><br>izv. prof. dr. sc. Danko \u0160ourek (Odsjek za povijest umjetnosti Filozofskoga fakulteta)<br>dr. sc. Daniel Premerl, urednik (Institut za povijest umjetnosti)<br>autorica dr. sc. Maja \u017dvorc (Odsjek za povijest umjetnosti Filozofskoga fakulteta)<\/p>\n\n\n\n<p>Veselimo se Va\u0161em dolasku!<\/p>\n\n\n\n<hr class=\"wp-block-separator\"\/>\n\n\n\n<p>Izvori i dodatne obavijesti:<\/p>\n\n\n\n<figure class=\"wp-block-embed-wordpress wp-block-embed is-type-wp-embed is-provider-filozofski-fakultet-sveucilista-u-zagrebu\"><div class=\"wp-block-embed__wrapper\">\n<blockquote class=\"wp-embedded-content\" data-secret=\"jQiX0cHFrW\"><a href=\"https:\/\/web2020.ffzg.unizg.hr\/blog\/2024\/11\/20\/predstavljanje-znanstvene-monografije-preci-potomci-prestiz-naruciteljske-elite-i-nadgrobni-spomenici-na-podrucju-zagrebacke-biskupije-od-xv-do-xviii-stoljeca\/\">Predstavljanje znanstvene monografije &#8221;Preci, potomci, presti\u017e: Naru\u010diteljske elite i nadgrobni spomenici na podru\u010dju Zagreba\u010dke biskupije od XV. do XVIII. stolje\u0107a&#8221;<\/a><\/blockquote><iframe loading=\"lazy\" class=\"wp-embedded-content\" sandbox=\"allow-scripts\" security=\"restricted\" style=\"position: absolute; clip: rect(1px, 1px, 1px, 1px);\" title=\"&#8220;Predstavljanje znanstvene monografije &#8221;Preci, potomci, presti\u017e: Naru\u010diteljske elite i nadgrobni spomenici na podru\u010dju Zagreba\u010dke biskupije od XV. do XVIII. stolje\u0107a&#8221;&#8221; &#8212; Filozofski fakultet Sveu\u010dili\u0161ta u Zagrebu\" src=\"https:\/\/web2020.ffzg.unizg.hr\/blog\/2024\/11\/20\/predstavljanje-znanstvene-monografije-preci-potomci-prestiz-naruciteljske-elite-i-nadgrobni-spomenici-na-podrucju-zagrebacke-biskupije-od-xv-do-xviii-stoljeca\/embed\/#?secret=jQiX0cHFrW\" data-secret=\"jQiX0cHFrW\" width=\"600\" height=\"338\" frameborder=\"0\" marginwidth=\"0\" marginheight=\"0\" scrolling=\"no\"><\/iframe>\n<\/div><\/figure>\n\n\n\n<p><a href=\"https:\/\/www.ipu.hr\/article\/hr\/1809\/preci-potomci-prestiz-naruciteljske-elite-i-nadgrobni-spomenici-na-podrucju-zagrebacke-biskupije-od-xv-do-xviii-stoljeca\">https:\/\/www.ipu.hr\/article\/hr\/1809\/preci-potomci-prestiz-naruciteljske-elite-i-nadgrobni-spomenici-na-podrucju-zagrebacke-biskupije-od-xv-do-xviii-stoljeca<\/a><\/p>\n\n\n\n<hr class=\"wp-block-separator\"\/>\n","protected":false},"excerpt":{"rendered":"","protected":false},"author":2,"featured_media":43414,"comment_status":"open","ping_status":"open","sticky":false,"template":"","format":"standard","meta":{"_acf_changed":false,"jetpack_post_was_ever_published":false,"_jetpack_newsletter_access":"","_jetpack_dont_email_post_to_subs":false,"_jetpack_newsletter_tier_id":0,"_jetpack_memberships_contains_paywalled_content":false,"_jetpack_memberships_contains_paid_content":false,"footnotes":"","jetpack_publicize_message":"","jetpack_publicize_feature_enabled":true,"jetpack_social_post_already_shared":true,"jetpack_social_options":{"image_generator_settings":{"template":"highway","default_image_id":0,"font":"","enabled":false},"version":2}},"categories":[3],"tags":[],"class_list":["post-43413","post","type-post","status-publish","format-standard","has-post-thumbnail","hentry","category-novosti"],"acf":{"facebook_opis":""},"jetpack_publicize_connections":[],"jetpack_featured_media_url":"https:\/\/i0.wp.com\/historiografija.hr\/wp-content\/uploads\/2024\/11\/IPU_FF_MZ_Pozivnica.png?fit=1536%2C1086&ssl=1","jetpack_sharing_enabled":true,"jetpack-related-posts":[],"_links":{"self":[{"href":"https:\/\/historiografija.hr\/index.php?rest_route=\/wp\/v2\/posts\/43413","targetHints":{"allow":["GET"]}}],"collection":[{"href":"https:\/\/historiografija.hr\/index.php?rest_route=\/wp\/v2\/posts"}],"about":[{"href":"https:\/\/historiografija.hr\/index.php?rest_route=\/wp\/v2\/types\/post"}],"author":[{"embeddable":true,"href":"https:\/\/historiografija.hr\/index.php?rest_route=\/wp\/v2\/users\/2"}],"replies":[{"embeddable":true,"href":"https:\/\/historiografija.hr\/index.php?rest_route=%2Fwp%2Fv2%2Fcomments&post=43413"}],"version-history":[{"count":1,"href":"https:\/\/historiografija.hr\/index.php?rest_route=\/wp\/v2\/posts\/43413\/revisions"}],"predecessor-version":[{"id":43415,"href":"https:\/\/historiografija.hr\/index.php?rest_route=\/wp\/v2\/posts\/43413\/revisions\/43415"}],"wp:featuredmedia":[{"embeddable":true,"href":"https:\/\/historiografija.hr\/index.php?rest_route=\/wp\/v2\/media\/43414"}],"wp:attachment":[{"href":"https:\/\/historiografija.hr\/index.php?rest_route=%2Fwp%2Fv2%2Fmedia&parent=43413"}],"wp:term":[{"taxonomy":"category","embeddable":true,"href":"https:\/\/historiografija.hr\/index.php?rest_route=%2Fwp%2Fv2%2Fcategories&post=43413"},{"taxonomy":"post_tag","embeddable":true,"href":"https:\/\/historiografija.hr\/index.php?rest_route=%2Fwp%2Fv2%2Ftags&post=43413"}],"curies":[{"name":"wp","href":"https:\/\/api.w.org\/{rel}","templated":true}]}}