{"id":43397,"date":"2024-11-19T12:57:43","date_gmt":"2024-11-19T12:57:43","guid":{"rendered":"http:\/\/historiografija.hr\/?p=43397"},"modified":"2024-11-19T13:02:27","modified_gmt":"2024-11-19T13:02:27","slug":"znanstveno-strucni-skup-virovitica-1234-2024-crkva-kultura-drustvo-bastina","status":"publish","type":"post","link":"https:\/\/historiografija.hr\/?p=43397","title":{"rendered":"Znanstveno-stru\u010dni skup &#8220;Virovitica 1234. &#8211; 2024.: Crkva, kultura, dru\u0161tvo, ba\u0161tina&#8221;"},"content":{"rendered":"\n<p>Povodom 790. obljetnice prvog pisanog spomena grada, u Virovitici \u0107e se 21. i 22. studenoga 2024. odr\u017eati znanstvenostru\u010dni skup <em>Virovitica 1234. \u2013 2024.: Crkva, kultura, dru\u0161tvo, ba\u0161tina. <\/em>S namjerom popunjavanja historiografskih praznina i predstavljanja novih spoznaja o Virovitici u kontekstu hrvatske povijesti, cilj skupa je interdisciplinarnim pristupom istra\u017eiti viroviti\u010dko povijesno i dru\u0161tveno naslje\u0111e, osobito ulogu Crkve u kulturno-obrazovnom razvoju grada. Skup organizira Franjeva\u010dki samostan i \u017dupa sv. Roka u Virovitici kao idejni pokreta\u010di, u suradnji s vode\u0107im hrvatskim znanstvenim institucijama \u2013 Fakultetom hrvatskih studija Sveu\u010dili\u0161ta u Zagrebu, Institutom dru\u0161tvenih znanosti Ivo Pilar, Hrvatskim katoli\u010dkim sveu\u010dili\u0161tem te Hrvatskim institutom za povijest \u2013 Podru\u017enica za povijest Slavonije, Srijema i Baranje, pod pokroviteljstvom Grada Virovitice.<\/p>\n\n\n\n<p>Sve\u010dano otvorenje odr\u017eat \u0107e se u \u010detvrtak 21. studenoga 2024. u 9 sati u Kazali\u0161tu Virovitica (Trg Ljudevita Pata\u010di\u0107a 2). Dvodnevni program okupit \u0107e vi\u0161e od 30 izlaga\u010da s vode\u0107ih hrvatskih znanstvenih institucija koji \u0107e, u sedam tematskih sesija, predstaviti razli\u010dite aspekte bogate viroviti\u010dke povijesti, od srednjovjekovne povlastice iz 1234., preko osmanskog razdoblja i franjeva\u010dkog kulturnog djelovanja, do suvremenih demografskih analiza i pitanja lokalnog identiteta. Skup \u0107e biti mogu\u0107e izravno pratiti putem YouTube kanala Fakulteta hrvatskih studija Sveu\u010dili\u0161ta u Zagrebu.<\/p>\n\n\n\n<hr class=\"wp-block-separator\"\/>\n\n\n\n<div class=\"wp-block-file\"><a href=\"https:\/\/historiografija.hr\/wp-content\/uploads\/2024\/11\/Program-skupa-i-knji\u017eica-sa\u017eetaka.pdf\">Program-skupa-i-knji\u017eica-sa\u017eetaka<\/a><a href=\"https:\/\/historiografija.hr\/wp-content\/uploads\/2024\/11\/Program-skupa-i-knji\u017eica-sa\u017eetaka.pdf\" class=\"wp-block-file__button\" download>Preuzmi<\/a><\/div>\n\n\n\n<hr class=\"wp-block-separator\"\/>\n\n\n\n<p>Izvori:<\/p>\n\n\n\n<p><a href=\"https:\/\/www.fhs.unizg.hr\/obavijesti?@=21rrg#news_125014\">https:\/\/www.fhs.unizg.hr\/obavijesti?@=21rrg#news_125014<\/a><\/p>\n\n\n\n<figure class=\"wp-block-embed-wordpress wp-block-embed is-type-wp-embed is-provider-institut-drustvenih-znanosti-ivo-pilar\"><div class=\"wp-block-embed__wrapper\">\n<blockquote class=\"wp-embedded-content\" data-secret=\"tOZ9zUuweG\"><a href=\"https:\/\/www.pilar.hr\/2024\/11\/znanstveno-strucni-skup-virovitica-1234-2024-crkva-kultura-drustvo-bastina-virovitica-21-i-22-11-2024\/\">Znanstveno-stru\u010dni skup: \u201eVirovitica 1234. \u2013 2024.: Crkva, kultura, dru\u0161tvo, ba\u0161tina\u201c; Virovitica, 21. i 22. 11. 2024.<\/a><\/blockquote><iframe loading=\"lazy\" class=\"wp-embedded-content\" sandbox=\"allow-scripts\" security=\"restricted\" style=\"position: absolute; clip: rect(1px, 1px, 1px, 1px);\" title=\"&#8220;Znanstveno-stru\u010dni skup: \u201eVirovitica 1234. \u2013 2024.: Crkva, kultura, dru\u0161tvo, ba\u0161tina\u201c; Virovitica, 21. i 22. 11. 2024.&#8221; &#8212; Institut dru\u0161tvenih znanosti Ivo Pilar\" src=\"https:\/\/www.pilar.hr\/2024\/11\/znanstveno-strucni-skup-virovitica-1234-2024-crkva-kultura-drustvo-bastina-virovitica-21-i-22-11-2024\/embed\/#?secret=IE7beVdxpq#?secret=tOZ9zUuweG\" data-secret=\"tOZ9zUuweG\" width=\"600\" height=\"338\" frameborder=\"0\" marginwidth=\"0\" marginheight=\"0\" scrolling=\"no\"><\/iframe>\n<\/div><\/figure>\n\n\n\n<p><a href=\"https:\/\/www.unicath.hr\/event\/znanstveno-strucni-skup-povodom-790-obljetnice-prvoga-pisanog-spomena-virovitice\">https:\/\/www.unicath.hr\/event\/znanstveno-strucni-skup-povodom-790-obljetnice-prvoga-pisanog-spomena-virovitice<\/a><\/p>\n\n\n\n<figure class=\"wp-block-embed-wordpress wp-block-embed is-type-wp-embed is-provider-hrvatski-institut-za-povijest\"><div class=\"wp-block-embed__wrapper\">\n<blockquote class=\"wp-embedded-content\" data-secret=\"KCDO9x41nl\"><a href=\"https:\/\/hipsb.hr\/znanstveno-strucni-skup-virovitica-1234-2024-crkva-kultura-drustvo-bastina\/\">Znanstveno-stru\u010dni skup \u201eVirovitica 1234. \u2013 2024.: Crkva, kultura, dru\u0161tvo, ba\u0161tina\u201c<\/a><\/blockquote><iframe loading=\"lazy\" class=\"wp-embedded-content\" sandbox=\"allow-scripts\" security=\"restricted\" style=\"position: absolute; clip: rect(1px, 1px, 1px, 1px);\" title=\"&#8220;Znanstveno-stru\u010dni skup \u201eVirovitica 1234. \u2013 2024.: Crkva, kultura, dru\u0161tvo, ba\u0161tina\u201c&#8221; &#8212; Hrvatski institut za povijest\" src=\"https:\/\/hipsb.hr\/znanstveno-strucni-skup-virovitica-1234-2024-crkva-kultura-drustvo-bastina\/embed\/#?secret=KCDO9x41nl\" data-secret=\"KCDO9x41nl\" width=\"600\" height=\"338\" frameborder=\"0\" marginwidth=\"0\" marginheight=\"0\" scrolling=\"no\"><\/iframe>\n<\/div><\/figure>\n\n\n\n<figure class=\"wp-block-embed-wordpress wp-block-embed is-type-wp-embed is-provider-ika\"><div class=\"wp-block-embed__wrapper\">\n<blockquote class=\"wp-embedded-content\" data-secret=\"Mz5yRnE3sA\"><a href=\"https:\/\/ika.hkm.hr\/najave\/znanstveno-strucni-skup-virovitica-1234-2024-crkva-kultura-drustvo-bastina\/\">Znanstveno-stru\u010dni skup \u201eVirovitica 1234. \u2013 2024.: Crkva, kultura, dru\u0161tvo, ba\u0161tina\u201c<\/a><\/blockquote><iframe loading=\"lazy\" class=\"wp-embedded-content\" sandbox=\"allow-scripts\" security=\"restricted\" style=\"position: absolute; clip: rect(1px, 1px, 1px, 1px);\" title=\"&#8220;Znanstveno-stru\u010dni skup \u201eVirovitica 1234. \u2013 2024.: Crkva, kultura, dru\u0161tvo, ba\u0161tina\u201c&#8221; &#8212; IKA\" src=\"https:\/\/ika.hkm.hr\/najave\/znanstveno-strucni-skup-virovitica-1234-2024-crkva-kultura-drustvo-bastina\/embed\/#?secret=dqa5ZwWjBO#?secret=Mz5yRnE3sA\" data-secret=\"Mz5yRnE3sA\" width=\"600\" height=\"338\" frameborder=\"0\" marginwidth=\"0\" marginheight=\"0\" scrolling=\"no\"><\/iframe>\n<\/div><\/figure>\n\n\n\n<hr class=\"wp-block-separator\"\/>\n","protected":false},"excerpt":{"rendered":"","protected":false},"author":2,"featured_media":43399,"comment_status":"open","ping_status":"open","sticky":false,"template":"","format":"standard","meta":{"_acf_changed":false,"jetpack_post_was_ever_published":false,"_jetpack_newsletter_access":"","_jetpack_dont_email_post_to_subs":false,"_jetpack_newsletter_tier_id":0,"_jetpack_memberships_contains_paywalled_content":false,"_jetpack_memberships_contains_paid_content":false,"footnotes":"","jetpack_publicize_message":"","jetpack_publicize_feature_enabled":true,"jetpack_social_post_already_shared":true,"jetpack_social_options":{"image_generator_settings":{"template":"highway","default_image_id":0,"font":"","enabled":false},"version":2}},"categories":[3,9],"tags":[],"class_list":["post-43397","post","type-post","status-publish","format-standard","has-post-thumbnail","hentry","category-novosti","category-skupovi"],"acf":{"facebook_opis":""},"jetpack_publicize_connections":[],"jetpack_featured_media_url":"https:\/\/i0.wp.com\/historiografija.hr\/wp-content\/uploads\/2024\/11\/Logo-skupa-1.png?fit=761%2C285&ssl=1","jetpack_sharing_enabled":true,"jetpack-related-posts":[],"_links":{"self":[{"href":"https:\/\/historiografija.hr\/index.php?rest_route=\/wp\/v2\/posts\/43397","targetHints":{"allow":["GET"]}}],"collection":[{"href":"https:\/\/historiografija.hr\/index.php?rest_route=\/wp\/v2\/posts"}],"about":[{"href":"https:\/\/historiografija.hr\/index.php?rest_route=\/wp\/v2\/types\/post"}],"author":[{"embeddable":true,"href":"https:\/\/historiografija.hr\/index.php?rest_route=\/wp\/v2\/users\/2"}],"replies":[{"embeddable":true,"href":"https:\/\/historiografija.hr\/index.php?rest_route=%2Fwp%2Fv2%2Fcomments&post=43397"}],"version-history":[{"count":4,"href":"https:\/\/historiografija.hr\/index.php?rest_route=\/wp\/v2\/posts\/43397\/revisions"}],"predecessor-version":[{"id":43403,"href":"https:\/\/historiografija.hr\/index.php?rest_route=\/wp\/v2\/posts\/43397\/revisions\/43403"}],"wp:featuredmedia":[{"embeddable":true,"href":"https:\/\/historiografija.hr\/index.php?rest_route=\/wp\/v2\/media\/43399"}],"wp:attachment":[{"href":"https:\/\/historiografija.hr\/index.php?rest_route=%2Fwp%2Fv2%2Fmedia&parent=43397"}],"wp:term":[{"taxonomy":"category","embeddable":true,"href":"https:\/\/historiografija.hr\/index.php?rest_route=%2Fwp%2Fv2%2Fcategories&post=43397"},{"taxonomy":"post_tag","embeddable":true,"href":"https:\/\/historiografija.hr\/index.php?rest_route=%2Fwp%2Fv2%2Ftags&post=43397"}],"curies":[{"name":"wp","href":"https:\/\/api.w.org\/{rel}","templated":true}]}}