{"id":43393,"date":"2024-11-19T12:32:57","date_gmt":"2024-11-19T12:32:57","guid":{"rendered":"http:\/\/historiografija.hr\/?p=43393"},"modified":"2024-11-19T12:32:57","modified_gmt":"2024-11-19T12:32:57","slug":"dani-marije-juric-zagorke-2024-i-znanstveno-knjizevni-skup-nasilje-institucije-rod-izazovi-i-perspektive","status":"publish","type":"post","link":"https:\/\/historiografija.hr\/?p=43393","title":{"rendered":"Dani Marije Juri\u0107 Zagorke 2024. i znanstveno-knji\u017eevni skup \u201eNasilje, institucije, rod: izazovi i perspektive\u201c"},"content":{"rendered":"\n<p>U utorak, 19. studenoga 2024. po\u010dinju 18. po redu Dani Marije Juri\u0107 Zagorke. U sredi\u0161tu manifestacije je znanstveno-knji\u017eevni skup \u010dija je ovogodi\u0161nja tema \u201eNasilje, institucije, rod: izazovi i perspektive\u201c, a koji se odr\u017eava u petak, 22. i subotu, 23. studenoga. Ostale dane, do nedjelje, 24. studenoga bit \u0107e organizirane razli\u010dite popratne aktivnosti, o kojima vi\u0161e u nastavku.<\/p>\n\n\n\n<hr class=\"wp-block-separator\"\/>\n\n\n\n<p><strong>Po\u010dinju Dani Marije Juri\u0107 Zagorke 2024!<\/strong><\/p>\n\n\n\n<p>Program zapo\u010dinjemo <strong>u utorak, 19. studenoga 2024. u 18 h<\/strong> ispred <strong>kipa Marije Juri\u0107 Zagorke u Tkal\u010di\u0107evoj ulici<\/strong> kostimiranom izvedbom <strong>\u201dCvijet za rije\u010d\u201d- Ponesi cvijet za na\u0161u Zagorku.<\/strong> Za onu koja je toliko lijepih rije\u010di napisala i ispunila na\u0161u ma\u0161tu, popunila znanje povijesti, usadila nam vjeru da mo\u017eemo biti hrabre\/hrabri, za na\u0161u Zagorku! Zagorka je ispunila na\u0161u ma\u0161tu, a mi vas pozivamo da ispunite buket cvije\u0107a namijenjen njoj. Ponesite jedan cvjeti\u0107 ili lijepu misao i pomozite nam kreirati zajedni\u010dki znak pa\u017enje za ovu damu. Osim Zagorkina kipa i njene vje\u010dne prisutnosti, kroz program \u0107e vas voditi kostimirani \u017eenski lik, nalik onima koji su \u0161etali stranicama njenih romana. Uz kratku prezentaciju na mjestu okupljanja, pro\u0161etat \u0107emo gradom i prisjetiti se zajedni\u010dki nekih scena, koje je tako \u017eivopisno opisala u svojim romanima. Predvi\u0111eno trajanje programa je sat vremena, te za ovo doga\u0111anje <strong>nije potrebna najava<\/strong>.<\/p>\n\n\n\n<p><strong>U srijedu 20. studenoga 2024. u 19 h<\/strong> odr\u017eat \u0107e se edukativno kostimirana \u0161etnju <strong>\u201eNeznane junakinje\u201c<\/strong> u izvedbi <strong>Gornjogradskih coprnica<\/strong>. Glamurozne zabave, rasko\u0161ne toalete, ranonovovjekovne neobi\u010dnosti i skriveni \u017eivot \u017eena iz hrvatske povijesti o\u010dekuje Vas u ovoj kostimiranoj izvedbi na ulicama grada. Zavirite u djeli\u0107 \u017eenske svakodnevice iz minulih stolje\u0107a gdje Vas o\u010dekuju \u017eivopisni likovi i neobi\u010dne pri\u010de. \u201dI mi smo tu u povijesti! Mi \u017eene! \u0160ap\u0107emo iz pro\u0161losti. \u010cujete li na\u0161 glas? Zakora\u010dite u mrak gdje le\u017ei prekriven pra\u0161inom zaborava na\u0161 \u017eivot\u2026\u201d (Glas Neznanih junakinja).<br><strong>Svoj dolazak mo\u017eete najaviti na mail <a href=\"mailto:zagorka@zenstud.hr\">zagorka@zenstud.hr<\/a> ili isklju\u010divo SMS na broj telefona 098 433 121.<\/strong> Tada \u0107ete saznati mjesto sastanka te druge potrebne informacije. Broj mjesta je ograni\u010den. <strong>Kontakt osoba je Ana Zbiljski.<\/strong><\/p>\n\n\n\n<p><strong>U \u010detvrtak, 21. studenoga od 11 do 19 sati Memorijalni stan Marije Juri\u0107 Zagorke bit \u0107e otvoren za javnost<\/strong>. Posjetitelji \u0107e mo\u0107i vidjeti stan u kojem je Zagorka \u017eivjela 19 godina, stalni postav, te \u010duti poznate i manje poznate informacije i pri\u010de iz \u017eivota popularne spisateljice i prve hrvatske novinarke. <strong>Memorijalni stan bit \u0107e otvoren za javnost i u nedjelju, 26.11. od 11 do 19 sati.<\/strong><\/p>\n\n\n\n<p><strong>U suradnji s Odsjekom za komparativnu knji\u017eevnost Filozofskog fakulteta u Zagrebu i Odjelom za komunikologiju, medije i novinarstvo Sveu\u010dili\u0161ta Sjever, u petak i subotu, 22. i 23. studenoga<\/strong> odr\u017eat \u0107e se <strong>znanstveno-knji\u017eevni skup Dana Marije Juri\u0107 Zagorke \u201eMarija Juri\u0107 Zagorka \u2013 \u017eivot, djelo, naslje\u0111e\u201c na temu \u201eNasilje, institucije, rod: izazovi i perspektive\u201c.<\/strong> Tema ove konferencije na\u017ealost je iznimno aktualna i relevantna u dana\u0161njem dru\u0161tvu gdje se suo\u010davamo s brojnim izazovima u vezi s pitanjima roda, nasilja i uloge institucija. Rodno uvjetovano nasilje temelji se na socijalnim konstrukcijama roda i obuhva\u0107a razli\u010dite oblike, uklju\u010duju\u0107i fizi\u010dko nasilje, seksualno nasilje, emocionalno i psihi\u010dko zlostavljanje, ekonomsko nasilje te nasilje u obliku kontrole ili prisile, a koje se doga\u0111a na temelju rodnog identiteta ili spola. Osim interpersonalnog nasilja, postoji institucionalno nasilje, tako\u0111er poznato kao sistemsko nasilje ili strukturalno nasilje, a odnosi se na oblik nasilja koji proizlazi iz nefunkcionalnih ili nepravednih institucionalnih struktura, politika ili procesa u dru\u0161tvu. Ova vrsta nasilja mo\u017ee biti manje o\u010digledna od interpersonalnog nasilja, ali mo\u017ee imati ozbiljne negativne posljedice za pojedince i zajednice. Neki su primjeri institucionalnog nasilja sustavna diskriminacija, kr\u0161enje ljudskih prava, nepravedno tretiranje i opstrukcija pristupa resursima, pravdi ili uslugama, nepravedni zakoni i politike, nejednakost u pristupu obrazovanju, zdravstvu i zapo\u0161ljavanju, zlostavljanje u zatvorima, nepravedni pravosudni postupci itd. I sama Zagorka je u svom \u017eivotu i radu \u010desto bila \u017ertvom kako interpersonalnog nasilja u roditeljskom domu i u braku tako i institucionalnog, \u010desto upravo rodno uvjetovanog nasilja na radnom mjestu i u kulturnoj javnoj sferi, od prisilne izolacije u \u201eposebnoj sobi\u201c tijekom anga\u017emana u Obzoru do brojnih slu\u010dajeva zlostavljanja i vrije\u0111anja koje je redovito pratila eksploatacija uspjeha i popularnosti njezinih djela. Uvijek buntovna i hrabra, Zagorka je te slu\u010dajeve detaljno opisala u svojim autobiografskih tekstovima, a to je iskustvo upotrijebila i u kreiranju borbenih junakinja svojih romana koje se tako\u0111er neumorno suprotstavljaju rodno, klasno i nacionalno uvjetovanom nasilju koje ponekad dolazi od mizoginih mu\u0161karaca, ali i autoritarnih \u017eena, ponekad od represivne dr\u017eave i drugih institucija, a naj\u010de\u0161\u0107e u obliku maskuline figure koja u sebi ujedinjuje obje vrste nasilja.<\/p>\n\n\n\n<p><strong>U nedjelju, 24. studenoga<\/strong> odr\u017eat \u0107e se i tradicionalna<strong> \u0161etnja \u201cZagorkinim tragom kroz Zagreb\u201d<\/strong> s po\u010detkom <strong>u 11 h<\/strong>, u izvedbi <strong>Slavice Jakobovi\u0107-Fribec.<\/strong> <strong>Mjesto sastanka<\/strong> je <strong>spomenik banu Jela\u010di\u0107u<\/strong>, Trg bana Jela\u010di\u0107a. Za \u0161etnju <strong>nije potrebna prijava<\/strong>.<\/p>\n\n\n\n<p>Taj isti dan, <strong>u nedjelju, 24. studenoga<\/strong> vodimo vas i u samostalan razgled grada! Uz pomo\u0107 <strong>\u201cMisterioznog pisma\u201d<\/strong> pretvaramo vas u vodi\u010da_kinju. Tragovi zapisani na papiru vode kroz grad i upoznaju vas s mjestima povezanim Zagorkinim \u017eivotom, radom i ba\u0161tinom.<br>Misteriozno pismo mo\u017eete <strong>preuzeti<\/strong> kod nas u <strong>Memorijalnom stanu Marije Juri\u0107 Zagorke, Dolac 8 od 11 h do 17 h<\/strong> i potom pohitati u potragu za mjestima iz pisma, fotografirati se na njima i s \u2018\u2019dokazima\u2019\u2019 se vratiti na Dolac i pokupiti svoju skromnu nagradu za trud. U aktivnosti mo\u017eete sudjelovati sami ili u grupi, te nije potrebna prijava.<\/p>\n\n\n\n<p>Dobrodo\u0161li\/e!<\/p>\n\n\n\n<p>Program se odr\u017eava uz potporu Grada Zagreba i Ministarstva kulture i medija.<\/p>\n\n\n\n<hr class=\"wp-block-separator\"\/>\n\n\n\n<p>Izvor:<\/p>\n\n\n\n<figure class=\"wp-block-embed-wordpress wp-block-embed is-type-wp-embed is-provider-memorijalni-stan-marije-juric-zagorke\"><div class=\"wp-block-embed__wrapper\">\n<blockquote class=\"wp-embedded-content\" data-secret=\"YcyKotiko3\"><a href=\"http:\/\/zagorka.net\/pocinju-dani-marije-juric-zagorke-2024\/\">Po\u010dinju Dani Marije Juri\u0107 Zagorke 2024!<\/a><\/blockquote><iframe loading=\"lazy\" class=\"wp-embedded-content\" sandbox=\"allow-scripts\" security=\"restricted\" style=\"position: absolute; clip: rect(1px, 1px, 1px, 1px);\" title=\"&#8220;Po\u010dinju Dani Marije Juri\u0107 Zagorke 2024!&#8221; &#8212; Memorijalni stan Marije Juri\u0107 Zagorke\" src=\"http:\/\/zagorka.net\/pocinju-dani-marije-juric-zagorke-2024\/embed\/#?secret=YcyKotiko3\" data-secret=\"YcyKotiko3\" width=\"600\" height=\"338\" frameborder=\"0\" marginwidth=\"0\" marginheight=\"0\" scrolling=\"no\"><\/iframe>\n<\/div><\/figure>\n\n\n\n<hr class=\"wp-block-separator\"\/>\n","protected":false},"excerpt":{"rendered":"","protected":false},"author":2,"featured_media":43394,"comment_status":"open","ping_status":"open","sticky":false,"template":"","format":"standard","meta":{"_acf_changed":false,"jetpack_post_was_ever_published":false,"_jetpack_newsletter_access":"","_jetpack_dont_email_post_to_subs":false,"_jetpack_newsletter_tier_id":0,"_jetpack_memberships_contains_paywalled_content":false,"_jetpack_memberships_contains_paid_content":false,"footnotes":"","jetpack_publicize_message":"","jetpack_publicize_feature_enabled":true,"jetpack_social_post_already_shared":true,"jetpack_social_options":{"image_generator_settings":{"template":"highway","default_image_id":0,"font":"","enabled":false},"version":2}},"categories":[3,9],"tags":[],"class_list":["post-43393","post","type-post","status-publish","format-standard","has-post-thumbnail","hentry","category-novosti","category-skupovi"],"acf":{"facebook_opis":""},"jetpack_publicize_connections":[],"jetpack_featured_media_url":"https:\/\/i0.wp.com\/historiografija.hr\/wp-content\/uploads\/2024\/11\/Dani-MJZ_web.jpg?fit=768%2C382&ssl=1","jetpack_sharing_enabled":true,"jetpack-related-posts":[],"_links":{"self":[{"href":"https:\/\/historiografija.hr\/index.php?rest_route=\/wp\/v2\/posts\/43393","targetHints":{"allow":["GET"]}}],"collection":[{"href":"https:\/\/historiografija.hr\/index.php?rest_route=\/wp\/v2\/posts"}],"about":[{"href":"https:\/\/historiografija.hr\/index.php?rest_route=\/wp\/v2\/types\/post"}],"author":[{"embeddable":true,"href":"https:\/\/historiografija.hr\/index.php?rest_route=\/wp\/v2\/users\/2"}],"replies":[{"embeddable":true,"href":"https:\/\/historiografija.hr\/index.php?rest_route=%2Fwp%2Fv2%2Fcomments&post=43393"}],"version-history":[{"count":1,"href":"https:\/\/historiografija.hr\/index.php?rest_route=\/wp\/v2\/posts\/43393\/revisions"}],"predecessor-version":[{"id":43395,"href":"https:\/\/historiografija.hr\/index.php?rest_route=\/wp\/v2\/posts\/43393\/revisions\/43395"}],"wp:featuredmedia":[{"embeddable":true,"href":"https:\/\/historiografija.hr\/index.php?rest_route=\/wp\/v2\/media\/43394"}],"wp:attachment":[{"href":"https:\/\/historiografija.hr\/index.php?rest_route=%2Fwp%2Fv2%2Fmedia&parent=43393"}],"wp:term":[{"taxonomy":"category","embeddable":true,"href":"https:\/\/historiografija.hr\/index.php?rest_route=%2Fwp%2Fv2%2Fcategories&post=43393"},{"taxonomy":"post_tag","embeddable":true,"href":"https:\/\/historiografija.hr\/index.php?rest_route=%2Fwp%2Fv2%2Ftags&post=43393"}],"curies":[{"name":"wp","href":"https:\/\/api.w.org\/{rel}","templated":true}]}}