{"id":43388,"date":"2024-11-19T12:16:16","date_gmt":"2024-11-19T12:16:16","guid":{"rendered":"http:\/\/historiografija.hr\/?p=43388"},"modified":"2024-11-19T12:16:38","modified_gmt":"2024-11-19T12:16:38","slug":"predavanje-cesi-medu-prvim-profesorima-sveucilista-u-zagrebu","status":"publish","type":"post","link":"https:\/\/historiografija.hr\/?p=43388","title":{"rendered":"Predavanje \u201e\u010cesi me\u0111u prvim profesorima Sveu\u010dili\u0161ta u Zagrebu\u201c"},"content":{"rendered":"\n<p>Hrvatsko-\u010de\u0161ko dru\u0161tvo poziva vas na predavanje organizirano u povodu 150. godi\u0161njice modernog Sveu\u010dili\u0161ta u Zagrebu pod naslovom \u201e\u010cesi me\u0111u prvim profesorima Sveu\u010dili\u0161ta u Zagrebu\u201c koje \u0107e odr\u017eati izv. prof. dr. Suzana Ini\u0107 i Marijan Lipovac u srijedu 20. studenog 2024. u 19 sati u \u010ce\u0161kom narodnom domu u Zagrebu, Pavla \u0160ubi\u0107a 20 (1. kat).<\/p>\n\n\n\n<p><br>Kad je 1874. na tradicijama isusova\u010dke Akademije osnovane 1669. utemeljeno moderno Sveu\u010dili\u0161te u Zagrebu, neke od njegovih novih katedri preuzeli su mladi \u010de\u0161ki znanstvenici. Te je godine prvi profesor slavistike na Filozofskom fakultetu postao <strong>Lavoslav Geitler<\/strong>, a prvi profesor pravne povijesti na Pravnom fakultetu <strong>Jarom\u00edr Han\u011bl<\/strong>. Dvije godine kasnije, 1876., na Filozofskom fakultetu otvoren je i Prirodoslovno-matemati\u010dki odjel, a od njegovih \u0161est prvih profesora trojica su bili \u010cesi: fizi\u010dar <strong>Vinko Dvo\u0159\u00e1k<\/strong>, botani\u010dar <strong>Bohuslav Jiru\u0161<\/strong> i matemati\u010dar <strong>Karel Zahradnik<\/strong> kojima se 1879. pridru\u017eio i kemi\u010dar <strong>Gustav Jane\u010dek<\/strong>. On i Dvo\u0159\u00e1k ostali su u Hrvatskoj jo\u0161 gotovo pola stolje\u0107a, sve do smrti. Dvo\u0159\u00e1k je umro 1922., Jane\u010dek 1929., Geitler 1885., a ostali su se profesori s vremenom vratili u \u010ce\u0161ku \u2013 Han\u011bl 1881., Jiru\u0161 1886., a Zahradnik 1899. Sve do danas pamte se njihove zasluge za hrvatsku znanost i sveu\u010dili\u0161nu nastavu, posebno pionirska uloga koju su imali u svojim strukama. Jane\u010dek, Dvo\u0159\u00e1k i Zahradnik u Zagrebu su dobili i svoje ulice.<\/p>\n\n\n\n<hr class=\"wp-block-separator\"\/>\n\n\n\n<p>Predavanje se odr\u017eava uz potporu Ministarstva vanjskih i europskih poslova Republike Hrvatske<\/p>\n\n\n\n<hr class=\"wp-block-separator\"\/>\n\n\n\n<div class=\"wp-block-file\"><a href=\"https:\/\/historiografija.hr\/wp-content\/uploads\/2024\/11\/HCD-Cesi-profesori2024-pozivnica.pdf\">HCD-Cesi-profesori2024-pozivnica<\/a><a href=\"https:\/\/historiografija.hr\/wp-content\/uploads\/2024\/11\/HCD-Cesi-profesori2024-pozivnica.pdf\" class=\"wp-block-file__button\" download>Preuzmi<\/a><\/div>\n\n\n\n<hr class=\"wp-block-separator\"\/>\n\n\n\n<p>Izvor:<\/p>\n\n\n\n<p><a href=\"https:\/\/www.facebook.com\/HCDZG\">https:\/\/www.facebook.com\/HCDZG<\/a><\/p>\n\n\n\n<hr class=\"wp-block-separator\"\/>\n\n\n\n<p><\/p>\n","protected":false},"excerpt":{"rendered":"","protected":false},"author":2,"featured_media":43389,"comment_status":"open","ping_status":"open","sticky":false,"template":"","format":"standard","meta":{"_acf_changed":false,"jetpack_post_was_ever_published":false,"_jetpack_newsletter_access":"","_jetpack_dont_email_post_to_subs":false,"_jetpack_newsletter_tier_id":0,"_jetpack_memberships_contains_paywalled_content":false,"_jetpack_memberships_contains_paid_content":false,"footnotes":"","jetpack_publicize_message":"","jetpack_publicize_feature_enabled":true,"jetpack_social_post_already_shared":true,"jetpack_social_options":{"image_generator_settings":{"template":"highway","default_image_id":0,"font":"","enabled":false},"version":2}},"categories":[3],"tags":[],"class_list":["post-43388","post","type-post","status-publish","format-standard","has-post-thumbnail","hentry","category-novosti"],"acf":{"facebook_opis":""},"jetpack_publicize_connections":[],"jetpack_featured_media_url":"https:\/\/i0.wp.com\/historiografija.hr\/wp-content\/uploads\/2024\/11\/%C4%8Cesi.jpg?fit=825%2C191&ssl=1","jetpack_sharing_enabled":true,"jetpack-related-posts":[],"_links":{"self":[{"href":"https:\/\/historiografija.hr\/index.php?rest_route=\/wp\/v2\/posts\/43388","targetHints":{"allow":["GET"]}}],"collection":[{"href":"https:\/\/historiografija.hr\/index.php?rest_route=\/wp\/v2\/posts"}],"about":[{"href":"https:\/\/historiografija.hr\/index.php?rest_route=\/wp\/v2\/types\/post"}],"author":[{"embeddable":true,"href":"https:\/\/historiografija.hr\/index.php?rest_route=\/wp\/v2\/users\/2"}],"replies":[{"embeddable":true,"href":"https:\/\/historiografija.hr\/index.php?rest_route=%2Fwp%2Fv2%2Fcomments&post=43388"}],"version-history":[{"count":2,"href":"https:\/\/historiografija.hr\/index.php?rest_route=\/wp\/v2\/posts\/43388\/revisions"}],"predecessor-version":[{"id":43392,"href":"https:\/\/historiografija.hr\/index.php?rest_route=\/wp\/v2\/posts\/43388\/revisions\/43392"}],"wp:featuredmedia":[{"embeddable":true,"href":"https:\/\/historiografija.hr\/index.php?rest_route=\/wp\/v2\/media\/43389"}],"wp:attachment":[{"href":"https:\/\/historiografija.hr\/index.php?rest_route=%2Fwp%2Fv2%2Fmedia&parent=43388"}],"wp:term":[{"taxonomy":"category","embeddable":true,"href":"https:\/\/historiografija.hr\/index.php?rest_route=%2Fwp%2Fv2%2Fcategories&post=43388"},{"taxonomy":"post_tag","embeddable":true,"href":"https:\/\/historiografija.hr\/index.php?rest_route=%2Fwp%2Fv2%2Ftags&post=43388"}],"curies":[{"name":"wp","href":"https:\/\/api.w.org\/{rel}","templated":true}]}}