{"id":43371,"date":"2024-11-18T20:16:50","date_gmt":"2024-11-18T20:16:50","guid":{"rendered":"http:\/\/historiografija.hr\/?p=43371"},"modified":"2024-11-18T20:16:50","modified_gmt":"2024-11-18T20:16:50","slug":"zbornik-300-godina-franjevacke-crkve-u-vukovaru-1723-2023","status":"publish","type":"post","link":"https:\/\/historiografija.hr\/?p=43371","title":{"rendered":"Zbornik \u201e300 GODINA FRANJEVA\u010cKE CRKVE U VUKOVARU (1723. \u2013 2023.)\u201c"},"content":{"rendered":"\n<p>U Biblioteci Posebna izdanja Instituta dru\u0161tvenih znanosti Ivo Pilar objavljen je zbornik radova 300 GODINA FRANJEVA\u010cKE CRKVE U VUKOVARU (1723. \u2013 2023.) koji su uredili dr. sc. Dra\u017een \u017divi\u0107 i fra Ivica Jagodi\u0107.<\/p>\n\n\n\n<hr class=\"wp-block-separator\"\/>\n\n\n\n<p><strong>Sadr\u017eaj<\/strong><\/p>\n\n\n\n<p>Uvodna rije\u010d<\/p>\n\n\n\n<p>Milan Vrbanus: Dru\u0161tveno-ekonomske prilike u Slavoniji tijekom osnivanja samostana te izgradnje crkve i samostana u Vukovaru<br>Marko Jerkovi\u0107 \u2013 Ivan Marjanovi\u0107: Osnivanje franjeva\u010dke rezidencije i samostana u Vukovaru<br>Danijel Jela\u0161 \u2013 Petra Plantosar: Crkvene ustanove Vukovara i okolice u srednjem vijeku<br>Robert Skenderovi\u0107: Migracije i naseljavanje u vukovarskom kraju nakon oslobo\u0111enja od osmanlijske vlasti<br>Hrvoje Kekez: Vukovar i Dunav na kartografskim prikazima u ostav\u0161tini grofa Luigija Marsiglija u Sveu\u010dili\u0161noj knji\u017enici u Bologni<br>Ante Grubi\u0161i\u0107: Franjeva\u010dki zemlji\u0161ni prostor u Vukovaru prema kartografskim izvorima do kraja feudalizma<br>Ivan Zubac: Crtice iz povijesti Vukovara i vukovarskih franjevaca za vrijeme Kraljevine SHS\/Jugoslavije (1918. \u2013 1941.)<br>Sla\u0111ana Josipovi\u0107 Batorek: Vukovarski franjevci i komunisti\u010dke vlasti<br>Fra Daniel Patafta, OFM: Samostanski \u017eivot i pastoralno djelovanje vukovarskih franjevaca u 18. i prvoj polovici 19. stolje\u0107a<br>Fra Mario Cifrak, OFM: Lekcionari fra Kaje Agji\u0107a i fra Roberta Kauka<br>Fra Mario Zraki\u0107, OFM: Vukovarski franjevci glazbenici<br>Georg grof Eltz Vukovarski: \u010clanovi obitelji Eltz u kripti franjeva\u010dke crkve u Vukovaru<br>Sandra Cviki\u0107: Vukovarski franjevci i kultura sje\u0107anja na Prvi svjetski rat<br>Vine Mihaljevi\u0107: Vukovarski franjevci i kultura sje\u0107anja na Domovinski rat u vrijeme progonstva<br>Ivana Bendra \u2013 Mateo \u017dani\u0107 \u2013 Dra\u017een \u017divi\u0107: Vukovarski franjevci i kultura sje\u0107anja na Vukovarsku bitku od 1998. do 2022. godine<\/p>\n\n\n\n<hr class=\"wp-block-separator\"\/>\n\n\n\n<p><strong>Iz recenzija<\/strong><\/p>\n\n\n\n<p>Zbornik radova <em>300 godina franjeva\u010dke crkve u Vukovaru (1723. \u2013 2023.)<\/em> sadr\u017ei 15 radova koji obuhva\u0107aju doga\u0111aje usko vezane uz izgradnju samostanske i \u017eupne crkve sv. Filipa i Jakova, ali i obuhva\u0107aju djelovanje franjevaca prije 1723. godine na podru\u010dju Slavonije i Srijema, sve do suvremenog doba. Tako\u0111er u radovima zbornika mo\u0107i \u0107e se prona\u0107i rad i djelovanje ostalih kulturnih institucija na podru\u010dju Slavonije i Srijema, kao i dru\u0161tvene, socijalne, gospodarske, politi\u010dke i ekonomske prilike toga doba u Slavoniji i Srijemu.<br><em>Dr. sc. Tomislav Smiljani\u0107<\/em><\/p>\n\n\n\n<p>Znanstveni doprinos o\u010dituje se nizom zanimljivih, iscrpnih i uglavnom \u010ditateljskoj javnosti manje poznatih ili potpuno nepoznatih podataka, informacija i analiza koje se predstavljaju u ovom zborniku. Svojim multidisciplinarnim pristupom koji na jednom mjestu sjedinjuje povijest, demografiju, religijsku znanost, sociologiju, arheologiju, antropologiju, ali i glazbeno-umjetni\u010dka istra\u017eivanja, predstavljaju jedinstven, cjelovit, znanstveno utemeljen i u svakom slu\u010daju iznimno vrijedan, jedinstven prikaz puna tri stolje\u0107a djelovanja franjeva\u010dke crkve u Vukovaru.<br><em>Prof. dr. sc. Renato Mati\u0107<\/em><\/p>\n\n\n\n<p>Iako povijest i doprinos franjevaca kulturnom i dru\u0161tvenom \u017eivotu Vukovara dosad nisu nepoznati, ta je tema ipak nedovoljno istra\u017eena, a postoje\u0107i znanstveni radovi na hrvatskom jeziku relativno su malobrojni. Ovaj zbornik radova donosi brojne podatke, mnoge od njih dosad potpuno nepoznate, koje autori detaljno analiziraju, s originalnim i novim zaklju\u010dcima. Zbornik radova koristan je ne samo znanstvenoj zajednici, nego i \u0161iroj publici zainteresiranoj za povijest vukovarskih franjevaca, ali i \u0161ire, povijest grada Vukovara i njegove u\u017ee okolice.<br><em>Izv. prof. dr. sc. Denis Njari<\/em><\/p>\n\n\n\n<hr class=\"wp-block-separator\"\/>\n\n\n\n<p>Izvor i dodatni materijali:<\/p>\n\n\n\n<figure class=\"wp-block-embed-wordpress wp-block-embed is-type-wp-embed is-provider-institut-drustvenih-znanosti-ivo-pilar\"><div class=\"wp-block-embed__wrapper\">\n<blockquote class=\"wp-embedded-content\" data-secret=\"eFWh7d1qym\"><a href=\"https:\/\/www.pilar.hr\/2024\/11\/objavljen-zbornik-300-godina-franjevacke-crkve-u-vukovaru-1723-2023\/\">Objavljen zbornik 300 GODINA FRANJEVA\u010cKE CRKVE U VUKOVARU (1723. \u2013 2023.)<\/a><\/blockquote><iframe loading=\"lazy\" class=\"wp-embedded-content\" sandbox=\"allow-scripts\" security=\"restricted\" style=\"position: absolute; clip: rect(1px, 1px, 1px, 1px);\" title=\"&#8220;Objavljen zbornik 300 GODINA FRANJEVA\u010cKE CRKVE U VUKOVARU (1723. \u2013 2023.)&#8221; &#8212; Institut dru\u0161tvenih znanosti Ivo Pilar\" src=\"https:\/\/www.pilar.hr\/2024\/11\/objavljen-zbornik-300-godina-franjevacke-crkve-u-vukovaru-1723-2023\/embed\/#?secret=ssXgRgDzhn#?secret=eFWh7d1qym\" data-secret=\"eFWh7d1qym\" width=\"600\" height=\"338\" frameborder=\"0\" marginwidth=\"0\" marginheight=\"0\" scrolling=\"no\"><\/iframe>\n<\/div><\/figure>\n\n\n\n<hr class=\"wp-block-separator\"\/>\n","protected":false},"excerpt":{"rendered":"","protected":false},"author":2,"featured_media":43372,"comment_status":"open","ping_status":"open","sticky":false,"template":"","format":"standard","meta":{"_acf_changed":false,"jetpack_post_was_ever_published":false,"_jetpack_newsletter_access":"","_jetpack_dont_email_post_to_subs":false,"_jetpack_newsletter_tier_id":0,"_jetpack_memberships_contains_paywalled_content":false,"_jetpack_memberships_contains_paid_content":false,"footnotes":"","jetpack_publicize_message":"","jetpack_publicize_feature_enabled":true,"jetpack_social_post_already_shared":true,"jetpack_social_options":{"image_generator_settings":{"template":"highway","default_image_id":0,"font":"","enabled":false},"version":2}},"categories":[8,3],"tags":[],"class_list":["post-43371","post","type-post","status-publish","format-standard","has-post-thumbnail","hentry","category-knjige","category-novosti"],"acf":{"facebook_opis":""},"jetpack_publicize_connections":[],"jetpack_featured_media_url":"https:\/\/i0.wp.com\/historiografija.hr\/wp-content\/uploads\/2024\/11\/%C5%BDivi%C4%87_Jagodi%C4%87.jpg?fit=620%2C438&ssl=1","jetpack_sharing_enabled":true,"jetpack-related-posts":[],"_links":{"self":[{"href":"https:\/\/historiografija.hr\/index.php?rest_route=\/wp\/v2\/posts\/43371","targetHints":{"allow":["GET"]}}],"collection":[{"href":"https:\/\/historiografija.hr\/index.php?rest_route=\/wp\/v2\/posts"}],"about":[{"href":"https:\/\/historiografija.hr\/index.php?rest_route=\/wp\/v2\/types\/post"}],"author":[{"embeddable":true,"href":"https:\/\/historiografija.hr\/index.php?rest_route=\/wp\/v2\/users\/2"}],"replies":[{"embeddable":true,"href":"https:\/\/historiografija.hr\/index.php?rest_route=%2Fwp%2Fv2%2Fcomments&post=43371"}],"version-history":[{"count":1,"href":"https:\/\/historiografija.hr\/index.php?rest_route=\/wp\/v2\/posts\/43371\/revisions"}],"predecessor-version":[{"id":43373,"href":"https:\/\/historiografija.hr\/index.php?rest_route=\/wp\/v2\/posts\/43371\/revisions\/43373"}],"wp:featuredmedia":[{"embeddable":true,"href":"https:\/\/historiografija.hr\/index.php?rest_route=\/wp\/v2\/media\/43372"}],"wp:attachment":[{"href":"https:\/\/historiografija.hr\/index.php?rest_route=%2Fwp%2Fv2%2Fmedia&parent=43371"}],"wp:term":[{"taxonomy":"category","embeddable":true,"href":"https:\/\/historiografija.hr\/index.php?rest_route=%2Fwp%2Fv2%2Fcategories&post=43371"},{"taxonomy":"post_tag","embeddable":true,"href":"https:\/\/historiografija.hr\/index.php?rest_route=%2Fwp%2Fv2%2Ftags&post=43371"}],"curies":[{"name":"wp","href":"https:\/\/api.w.org\/{rel}","templated":true}]}}