{"id":43368,"date":"2024-11-18T20:09:15","date_gmt":"2024-11-18T20:09:15","guid":{"rendered":"http:\/\/historiografija.hr\/?p=43368"},"modified":"2024-11-18T20:09:15","modified_gmt":"2024-11-18T20:09:15","slug":"predstavljanje-zbornika-vukovar-danas-sjecanja-iskustva-i-realitet-zivljenja","status":"publish","type":"post","link":"https:\/\/historiografija.hr\/?p=43368","title":{"rendered":"Predstavljanje zbornika \u201eVUKOVAR DANAS \u2013 SJE\u0106ANJA, ISKUSTVA I REALITET \u017dIVLJENJA\u201c"},"content":{"rendered":"\n<p>Povodom obilje\u017eavanja Dana sje\u0107anja na \u017ertvu Vukovara 1991. \u2013 2024. Institut dru\u0161tvenih znanosti Ivo Pilar organizirao je predstavljanje zbornika radova VUKOVAR \u201891. \u201cVukovar danas \u2013 sje\u0107anja, iskustva i realitet \u017eivljenja\u201d koje je odr\u017eano 14. studenog 2024. u Vukovaru. Zbornik su predstavili Sandra Cviki\u0107 i Ozren \u017dunec, a moderirala je voditeljica Podru\u010dnog centra Instituta Pilar u Vukovaru Ivana Bendra.<\/p>\n\n\n\n<hr class=\"wp-block-separator\"\/>\n\n\n\n<p>Izvori i dodatne obavijesti:<\/p>\n\n\n\n<figure class=\"wp-block-embed-wordpress wp-block-embed is-type-wp-embed is-provider-institut-drustvenih-znanosti-ivo-pilar\"><div class=\"wp-block-embed__wrapper\">\n<blockquote class=\"wp-embedded-content\" data-secret=\"GE9h0VsstH\"><a href=\"https:\/\/www.pilar.hr\/2024\/11\/predstavljanje-zbornika-vukovar-danas-sjecanja-iskustva-i-realitet-zivljenja-vukovar-14-11-2024\/\">Predstavljanje zbornika VUKOVAR DANAS &#8211; SJE\u0106ANJA, ISKUSTVA I REALITET \u017dIVLJENJA; Vukovar, 14. 11. 2024.<\/a><\/blockquote><iframe loading=\"lazy\" class=\"wp-embedded-content\" sandbox=\"allow-scripts\" security=\"restricted\" style=\"position: absolute; clip: rect(1px, 1px, 1px, 1px);\" title=\"&#8220;Predstavljanje zbornika VUKOVAR DANAS &#8211; SJE\u0106ANJA, ISKUSTVA I REALITET \u017dIVLJENJA; Vukovar, 14. 11. 2024.&#8221; &#8212; Institut dru\u0161tvenih znanosti Ivo Pilar\" src=\"https:\/\/www.pilar.hr\/2024\/11\/predstavljanje-zbornika-vukovar-danas-sjecanja-iskustva-i-realitet-zivljenja-vukovar-14-11-2024\/embed\/#?secret=zM1yi5e9k5#?secret=GE9h0VsstH\" data-secret=\"GE9h0VsstH\" width=\"600\" height=\"338\" frameborder=\"0\" marginwidth=\"0\" marginheight=\"0\" scrolling=\"no\"><\/iframe>\n<\/div><\/figure>\n\n\n\n<figure class=\"wp-block-embed-wordpress wp-block-embed is-type-wp-embed is-provider-vukovarsko-srijemska-zupanija\"><div class=\"wp-block-embed__wrapper\">\n<blockquote class=\"wp-embedded-content\" data-secret=\"NFWAhCE7ut\"><a href=\"https:\/\/vusz.hr\/javnosti-predstavljen-zbornik-radova-vukovar-1991-vukovar-danas-sjecanja-iskustva-i-realitet-zivljenja\/\">Javnosti predstavljen Zbornik radova Vukovar 1991 \u201eVukovar danas \u2013 sje\u0107anja, iskustva i realitet \u017eivljenja\u201c<\/a><\/blockquote><iframe loading=\"lazy\" class=\"wp-embedded-content\" sandbox=\"allow-scripts\" security=\"restricted\" style=\"position: absolute; clip: rect(1px, 1px, 1px, 1px);\" title=\"&#8220;Javnosti predstavljen Zbornik radova Vukovar 1991 \u201eVukovar danas \u2013 sje\u0107anja, iskustva i realitet \u017eivljenja\u201c&#8221; &#8212; Vukovarsko-srijemska \u017eupanija\" src=\"https:\/\/vusz.hr\/javnosti-predstavljen-zbornik-radova-vukovar-1991-vukovar-danas-sjecanja-iskustva-i-realitet-zivljenja\/embed\/#?secret=JijO0kkzQ5#?secret=NFWAhCE7ut\" data-secret=\"NFWAhCE7ut\" width=\"600\" height=\"338\" frameborder=\"0\" marginwidth=\"0\" marginheight=\"0\" scrolling=\"no\"><\/iframe>\n<\/div><\/figure>\n\n\n\n<p><a href=\"http:\/\/hrv.hr\/vijesti\/vijesti\/item\/36402-predstavljen-zbornik-vukovar-danas-sjecanja-iskustva-i-realitet-zivljenja\">http:\/\/hrv.hr\/vijesti\/vijesti\/item\/36402-predstavljen-zbornik-vukovar-danas-sjecanja-iskustva-i-realitet-zivljenja<\/a><\/p>\n\n\n\n<hr class=\"wp-block-separator\"\/>\n","protected":false},"excerpt":{"rendered":"","protected":false},"author":2,"featured_media":43369,"comment_status":"open","ping_status":"open","sticky":false,"template":"","format":"standard","meta":{"_acf_changed":false,"jetpack_post_was_ever_published":false,"_jetpack_newsletter_access":"","_jetpack_dont_email_post_to_subs":false,"_jetpack_newsletter_tier_id":0,"_jetpack_memberships_contains_paywalled_content":false,"_jetpack_memberships_contains_paid_content":false,"footnotes":"","jetpack_publicize_message":"","jetpack_publicize_feature_enabled":true,"jetpack_social_post_already_shared":true,"jetpack_social_options":{"image_generator_settings":{"template":"highway","default_image_id":0,"font":"","enabled":false},"version":2}},"categories":[3],"tags":[],"class_list":["post-43368","post","type-post","status-publish","format-standard","has-post-thumbnail","hentry","category-novosti"],"acf":{"facebook_opis":""},"jetpack_publicize_connections":[],"jetpack_featured_media_url":"https:\/\/i0.wp.com\/historiografija.hr\/wp-content\/uploads\/2024\/11\/Vukovar-danas.jpg?fit=620%2C466&ssl=1","jetpack_sharing_enabled":true,"jetpack-related-posts":[],"_links":{"self":[{"href":"https:\/\/historiografija.hr\/index.php?rest_route=\/wp\/v2\/posts\/43368","targetHints":{"allow":["GET"]}}],"collection":[{"href":"https:\/\/historiografija.hr\/index.php?rest_route=\/wp\/v2\/posts"}],"about":[{"href":"https:\/\/historiografija.hr\/index.php?rest_route=\/wp\/v2\/types\/post"}],"author":[{"embeddable":true,"href":"https:\/\/historiografija.hr\/index.php?rest_route=\/wp\/v2\/users\/2"}],"replies":[{"embeddable":true,"href":"https:\/\/historiografija.hr\/index.php?rest_route=%2Fwp%2Fv2%2Fcomments&post=43368"}],"version-history":[{"count":1,"href":"https:\/\/historiografija.hr\/index.php?rest_route=\/wp\/v2\/posts\/43368\/revisions"}],"predecessor-version":[{"id":43370,"href":"https:\/\/historiografija.hr\/index.php?rest_route=\/wp\/v2\/posts\/43368\/revisions\/43370"}],"wp:featuredmedia":[{"embeddable":true,"href":"https:\/\/historiografija.hr\/index.php?rest_route=\/wp\/v2\/media\/43369"}],"wp:attachment":[{"href":"https:\/\/historiografija.hr\/index.php?rest_route=%2Fwp%2Fv2%2Fmedia&parent=43368"}],"wp:term":[{"taxonomy":"category","embeddable":true,"href":"https:\/\/historiografija.hr\/index.php?rest_route=%2Fwp%2Fv2%2Fcategories&post=43368"},{"taxonomy":"post_tag","embeddable":true,"href":"https:\/\/historiografija.hr\/index.php?rest_route=%2Fwp%2Fv2%2Ftags&post=43368"}],"curies":[{"name":"wp","href":"https:\/\/api.w.org\/{rel}","templated":true}]}}