{"id":43364,"date":"2024-11-18T20:01:17","date_gmt":"2024-11-18T20:01:17","guid":{"rendered":"http:\/\/historiografija.hr\/?p=43364"},"modified":"2024-11-18T20:01:59","modified_gmt":"2024-11-18T20:01:59","slug":"predstavljeno-slovacko-izdanje-prica-iz-vukovara-sinise-glavasevica","status":"publish","type":"post","link":"https:\/\/historiografija.hr\/?p=43364","title":{"rendered":"Predstavljeno slova\u010dko izdanje \u201cPri\u010da iz Vukovara\u201d Sini\u0161e Glava\u0161evi\u0107a"},"content":{"rendered":"\n<p>Predstavljanje slova\u010dkog izdanja \u201cPri\u010da iz Vukovara\u201d Sini\u0161e Glava\u0161evi\u0107a odr\u017eano je u \u010detvrtak, 14. studenoga 2024. godine u Sve\u010danoj dvorani Sveu\u010dili\u0161ta u Zadru.<\/p>\n\n\n\n<hr class=\"wp-block-separator\"\/>\n\n\n\n<p>Op\u0161irnije na poveznicama:<\/p>\n\n\n\n<p><a href=\"https:\/\/www.unizd.hr\/obavijesti\/view\/predstavljanje-slovackog-izdanja-prica-iz-vukovara-sinise-glavasevica\">https:\/\/www.unizd.hr\/obavijesti\/view\/predstavljanje-slovackog-izdanja-prica-iz-vukovara-sinise-glavasevica<\/a><\/p>\n\n\n\n<figure class=\"wp-block-embed-wordpress wp-block-embed is-type-wp-embed is-provider-antena-zadar\"><div class=\"wp-block-embed__wrapper\">\n<blockquote class=\"wp-embedded-content\" data-secret=\"6w2J0RXolh\"><a href=\"https:\/\/www.antenazadar.hr\/clanak\/2024\/11\/sveuciliste-u-zadru-predstavljeno-slovacko-izdanje-prica-iz-vukovara-sinise-glavasevica\/\">SVEU\u010cILI\u0160TE U ZADRU Predstavljeno slova\u010dko izdanje &#8220;Pri\u010da iz Vukovara&#8221; Sini\u0161e Glava\u0161evi\u0107a<\/a><\/blockquote><iframe loading=\"lazy\" class=\"wp-embedded-content\" sandbox=\"allow-scripts\" security=\"restricted\" style=\"position: absolute; clip: rect(1px, 1px, 1px, 1px);\" title=\"&#8220;SVEU\u010cILI\u0160TE U ZADRU Predstavljeno slova\u010dko izdanje &#8220;Pri\u010da iz Vukovara&#8221; Sini\u0161e Glava\u0161evi\u0107a&#8221; &#8212; Antena Zadar\" src=\"https:\/\/www.antenazadar.hr\/clanak\/2024\/11\/sveuciliste-u-zadru-predstavljeno-slovacko-izdanje-prica-iz-vukovara-sinise-glavasevica\/embed\/#?secret=ZNGoYLpqCp#?secret=6w2J0RXolh\" data-secret=\"6w2J0RXolh\" width=\"600\" height=\"338\" frameborder=\"0\" marginwidth=\"0\" marginheight=\"0\" scrolling=\"no\"><\/iframe>\n<\/div><\/figure>\n\n\n\n<hr class=\"wp-block-separator\"\/>\n","protected":false},"excerpt":{"rendered":"","protected":false},"author":2,"featured_media":43365,"comment_status":"open","ping_status":"open","sticky":false,"template":"","format":"standard","meta":{"_acf_changed":false,"jetpack_post_was_ever_published":false,"_jetpack_newsletter_access":"","_jetpack_dont_email_post_to_subs":false,"_jetpack_newsletter_tier_id":0,"_jetpack_memberships_contains_paywalled_content":false,"_jetpack_memberships_contains_paid_content":false,"footnotes":"","jetpack_publicize_message":"","jetpack_publicize_feature_enabled":true,"jetpack_social_post_already_shared":true,"jetpack_social_options":{"image_generator_settings":{"template":"highway","default_image_id":0,"font":"","enabled":false},"version":2}},"categories":[3],"tags":[],"class_list":["post-43364","post","type-post","status-publish","format-standard","has-post-thumbnail","hentry","category-novosti"],"acf":{"facebook_opis":""},"jetpack_publicize_connections":[],"jetpack_featured_media_url":"https:\/\/i0.wp.com\/historiografija.hr\/wp-content\/uploads\/2024\/11\/Glava%C5%A1evi%C4%87.jpg?fit=960%2C640&ssl=1","jetpack_sharing_enabled":true,"jetpack-related-posts":[],"_links":{"self":[{"href":"https:\/\/historiografija.hr\/index.php?rest_route=\/wp\/v2\/posts\/43364","targetHints":{"allow":["GET"]}}],"collection":[{"href":"https:\/\/historiografija.hr\/index.php?rest_route=\/wp\/v2\/posts"}],"about":[{"href":"https:\/\/historiografija.hr\/index.php?rest_route=\/wp\/v2\/types\/post"}],"author":[{"embeddable":true,"href":"https:\/\/historiografija.hr\/index.php?rest_route=\/wp\/v2\/users\/2"}],"replies":[{"embeddable":true,"href":"https:\/\/historiografija.hr\/index.php?rest_route=%2Fwp%2Fv2%2Fcomments&post=43364"}],"version-history":[{"count":2,"href":"https:\/\/historiografija.hr\/index.php?rest_route=\/wp\/v2\/posts\/43364\/revisions"}],"predecessor-version":[{"id":43367,"href":"https:\/\/historiografija.hr\/index.php?rest_route=\/wp\/v2\/posts\/43364\/revisions\/43367"}],"wp:featuredmedia":[{"embeddable":true,"href":"https:\/\/historiografija.hr\/index.php?rest_route=\/wp\/v2\/media\/43365"}],"wp:attachment":[{"href":"https:\/\/historiografija.hr\/index.php?rest_route=%2Fwp%2Fv2%2Fmedia&parent=43364"}],"wp:term":[{"taxonomy":"category","embeddable":true,"href":"https:\/\/historiografija.hr\/index.php?rest_route=%2Fwp%2Fv2%2Fcategories&post=43364"},{"taxonomy":"post_tag","embeddable":true,"href":"https:\/\/historiografija.hr\/index.php?rest_route=%2Fwp%2Fv2%2Ftags&post=43364"}],"curies":[{"name":"wp","href":"https:\/\/api.w.org\/{rel}","templated":true}]}}