{"id":43358,"date":"2024-11-15T23:38:43","date_gmt":"2024-11-15T23:38:43","guid":{"rendered":"http:\/\/historiografija.hr\/?p=43358"},"modified":"2024-11-15T23:38:43","modified_gmt":"2024-11-15T23:38:43","slug":"domagoj-maric-dora-pejacevic-zivoti-i-svjetovi","status":"publish","type":"post","link":"https:\/\/historiografija.hr\/?p=43358","title":{"rendered":"Domagoj Mari\u0107, \u201eDora Peja\u010devi\u0107 &#8211; \u017divoti i svjetovi\u201c"},"content":{"rendered":"\n<p>&#8220;Kraljevstvo glazbe<br>je kraljevstvo du\u0161e.&#8221;<br>\u2013 Dora Peja\u010devi\u0107<br><br>Dora Peja\u010devi\u0107 (10. rujna 1885. \u2013 5. o\u017eujka 1923.) bila je hrvatska skladateljica, k\u0107i bana Teodora Peja\u010devi\u0107a i ma\u0111arske barunice Elizabete (Lile) Vay de Vaya. U prve dvadeset i tri godine ovoga stolje\u0107a mnogi su glazbeni umjetnici uvrstili djela Dore Peja\u010devi\u0107 na programe svojih koncerata, a o njoj pi\u0161u i brojni glazbeni publicisti i muzikolozi. Zanimanje glazbenika za Doru Peja\u010devi\u0107 postajalo je sve ve\u0107e, kako bi do\u017eivjelo vrhunac obilje\u017eavanjem stote godi\u0161njice skladatelji\u010dine smrti 2023. godine, kada su se njezina djela u velikoj mjeri izvodila u Hrvatskoj i u inozemstvu. Time je jo\u0161 jednom potvr\u0111eno da Doru Peja\u010devi\u0107 bez oklijevanja mo\u017eemo nazvati najve\u0107om hrvatskom skladateljicom.<br><br>Ova knjiga donosi toplu i sna\u017enu pri\u010du o privatnom i o profesionalnom \u017eivotu Dore Peja\u010devi\u0107, povlasticama koje je u\u017eivala i ograni\u010denjima kojima se odupirala, ljubavi koju je davala i nadanjima koje je dijelila, buntovnom duhu kojeg se nije odricala i izvanrednom umu s kojim je stvarala.<br><br>Dorin privatni i profesionalni \u017eivot ispisan je u sedam poglavlja, a knjiga nudi i nekoliko dragocjenosti \u2013 pisma, novinske \u010dlanke i ostale tekstove izvorno objavljene u raznim izvorima na stranim jezicima pomno je i precizno preveo autor knjige. Uz to, ova je knjiga bogata fotografskim prilozima kako iz hrvatskih tako i iz me\u0111unarodnih arhiva te privatnih kolekcija, zbog \u010dega omogu\u0107uje iznimno vrijedan uvid ne samo u Dorinu pro\u0161lost, nego i u politi\u010dku, dru\u0161tvenu i kulturnu povijest Hrvatske.<br><br>O AUTORU<br>Domagoj Mari\u0107 ro\u0111en je u Zadru 1981. godine. Diplomirao je muzikologiju na Muzi\u010dkoj akademiji te njema\u010dki i francuski jezik na Filozofskom fakultetu Sveu\u010dili\u0161ta u Zagrebu. Magistrirao je na Europskom institutu u Nici, u Francuskoj, na temi iz europske jezi\u010dne politike i zavr\u0161io jednogodi\u0161nji studij na Diplomatskoj akademiji u Zagrebu. Od 2010. stalno je zaposlen u Ministarstvu vanjskih i europskih poslova Republike Hrvatske. Radio je u hrvatskim veleposlanstvima u Be\u010du i Berlinu kao diplomat zadu\u017een za politi\u010dku i kulturnu bilateralnu suradnju. Autor je monografije \u201eKulturna diplomacija u praksi. Godina kulture Hrvatska \u2013 Austrija 2017.\u201c (\u0160kolska knjiga, 2021.) i mnogih znanstvenih i stru\u010dnih radova iz muzikologije, lingvistike i kulturne diplomacije. Stalni je suradnik Tre\u0107eg programa Hrvatskog radija (ciklusi glazbeno-dokumentarnih emisija \u201eTragom hrvatske glazbe\u201d i \u201eIz povijesti Zagreba\u010dke filharmonije\u201d) i kolumnist Vijenca.<br><br><br>IZ RECENZIJE<br>\u201eUmjetnost Dore Peja\u010devi\u0107 svakako zaslu\u017euje ovakvu knjigu, a autorovo duboko po\u0161tovanje skladateljice prisutno je na svakoj stranici i prenosi se i na \u010ditatelja. Nakon renesanse njezine glazbe, Dora Peja\u010devi\u0107 je ovom knjigom ponovno o\u017eivjela kao intrigantna osoba nestandardnog \u017eivota, i onog prije, i onog poslije smrti. Autorov istra\u017eiva\u010dki talent potpuno je razbio sve sumnje skeptika i pitanja treba li nam jo\u0161 jedna knjiga o Dori Peja\u010devi\u0107. Koli\u010dina novih podataka i saznanja uistinu je velika te nam otkriva nove \u017eivote i svjetove Dore Peja\u010devi\u0107. Autor \u010ditatelje tako uspje\u0161no uvla\u010di u bogato dokumentiranu pri\u010du o Dori, da i njima postaje va\u017eno ho\u0107e li se neki rukopis ili dokument jednom prona\u0107i ili ne. Osobito treba pohvaliti dijelove monografije posve\u0107ene glazbi jer je autor pogodio pravu mjeru analiziranja skladbi koja \u0107e biti zanimljiva i glazbenim stru\u010dnjacima i amaterima.\u201d<br>&#8211; dr. sc. Nada Bezi\u0107<\/p>\n\n\n\n<hr class=\"wp-block-separator\"\/>\n\n\n\n<p>Izdava\u010d: \u0160kolska knjiga<\/p>\n\n\n\n<p>Broj stranica: 328<\/p>\n\n\n\n<p>Godina izdanja: 2024<\/p>\n\n\n\n<hr class=\"wp-block-separator\"\/>\n\n\n\n<p>Izvor:<\/p>\n\n\n\n<p><a href=\"https:\/\/shop.skolskaknjiga.hr\/dora-pejacevic-zivoti-i-svjetovi.html\">https:\/\/shop.skolskaknjiga.hr\/dora-pejacevic-zivoti-i-svjetovi.html<\/a><\/p>\n\n\n\n<hr class=\"wp-block-separator\"\/>\n","protected":false},"excerpt":{"rendered":"","protected":false},"author":2,"featured_media":43359,"comment_status":"open","ping_status":"open","sticky":false,"template":"","format":"standard","meta":{"_acf_changed":false,"jetpack_post_was_ever_published":false,"_jetpack_newsletter_access":"","_jetpack_dont_email_post_to_subs":false,"_jetpack_newsletter_tier_id":0,"_jetpack_memberships_contains_paywalled_content":false,"_jetpack_memberships_contains_paid_content":false,"footnotes":"","jetpack_publicize_message":"","jetpack_publicize_feature_enabled":true,"jetpack_social_post_already_shared":true,"jetpack_social_options":{"image_generator_settings":{"template":"highway","default_image_id":0,"font":"","enabled":false},"version":2}},"categories":[8,3],"tags":[],"class_list":["post-43358","post","type-post","status-publish","format-standard","has-post-thumbnail","hentry","category-knjige","category-novosti"],"acf":{"facebook_opis":""},"jetpack_publicize_connections":[],"jetpack_featured_media_url":"https:\/\/i0.wp.com\/historiografija.hr\/wp-content\/uploads\/2024\/11\/Peja%C4%8Devi%C4%87.jpg?fit=764%2C1000&ssl=1","jetpack_sharing_enabled":true,"jetpack-related-posts":[{"id":52536,"url":"https:\/\/historiografija.hr\/?p=52536","url_meta":{"origin":43358,"position":0},"title":"Kader Abdolah, \u201ePrije nego \u0161to bude kasno\u201c","author":"Branimir Jankovi\u0107","date":"20. travnja 2026.","format":false,"excerpt":"Kader Abdolah \u017eeli se vratiti ku\u0107i. Ali povratak je nemogu\u0107: u Iranu bi bio uhap\u0161en. Pod la\u017enim imenom i s krivotvorenim paso\u0161em ipak uspijeva u\u0107i u domovinu i sti\u017ee do roditeljske ku\u0107e, visoko u planinama. Majka ga ne prepoznaje, otac je mrtav, a sve \u0161to je tra\u017eio izmi\u010de mu pred\u2026","rel":"","context":"U &quot;Novosti&quot;","block_context":{"text":"Novosti","link":"https:\/\/historiografija.hr\/?cat=3"},"img":{"alt_text":"","src":"https:\/\/i0.wp.com\/historiografija.hr\/wp-content\/uploads\/2026\/04\/Prije-nego-sto-bude-kasno.webp?fit=566%2C872&ssl=1&resize=350%2C200","width":350,"height":200,"srcset":"https:\/\/i0.wp.com\/historiografija.hr\/wp-content\/uploads\/2026\/04\/Prije-nego-sto-bude-kasno.webp?fit=566%2C872&ssl=1&resize=350%2C200 1x, https:\/\/i0.wp.com\/historiografija.hr\/wp-content\/uploads\/2026\/04\/Prije-nego-sto-bude-kasno.webp?fit=566%2C872&ssl=1&resize=525%2C300 1.5x"},"classes":[]},{"id":52439,"url":"https:\/\/historiografija.hr\/?p=52439","url_meta":{"origin":43358,"position":1},"title":"Tribina &#8220;Ahmi\u0107i 33 godine kasnije: Ne u na\u0161e ime&#8221;","author":"Branimir Jankovi\u0107","date":"16. travnja 2026.","format":false,"excerpt":"U \u010detvrtak, 16. travnja 2026. u 17 sati u Knji\u017enici i \u010ditaonici Bogdana Ogrizovi\u0107a u Zagrebu odr\u017eat \u0107e se tribina pod nazivom Ahmi\u0107i 33 godine kasnije: Ne u na\u0161e ime. Na tribini \u0107e govoriti Ivica \u0110iki\u0107, novinar, Mubera Masli\u0107 \u2013 \u017ddralovi\u0107, aktivistikinja, prevoditeljica za arapski, Domagoj Fuk, student politologije, \u010dlan\u2026","rel":"","context":"U &quot;Novosti&quot;","block_context":{"text":"Novosti","link":"https:\/\/historiografija.hr\/?cat=3"},"img":{"alt_text":"","src":"https:\/\/i0.wp.com\/historiografija.hr\/wp-content\/uploads\/2026\/04\/Zagreb_2026.jpeg?fit=1200%2C900&ssl=1&resize=350%2C200","width":350,"height":200,"srcset":"https:\/\/i0.wp.com\/historiografija.hr\/wp-content\/uploads\/2026\/04\/Zagreb_2026.jpeg?fit=1200%2C900&ssl=1&resize=350%2C200 1x, https:\/\/i0.wp.com\/historiografija.hr\/wp-content\/uploads\/2026\/04\/Zagreb_2026.jpeg?fit=1200%2C900&ssl=1&resize=525%2C300 1.5x, https:\/\/i0.wp.com\/historiografija.hr\/wp-content\/uploads\/2026\/04\/Zagreb_2026.jpeg?fit=1200%2C900&ssl=1&resize=700%2C400 2x, https:\/\/i0.wp.com\/historiografija.hr\/wp-content\/uploads\/2026\/04\/Zagreb_2026.jpeg?fit=1200%2C900&ssl=1&resize=1050%2C600 3x"},"classes":[]},{"id":52628,"url":"https:\/\/historiografija.hr\/?p=52628","url_meta":{"origin":43358,"position":2},"title":"Predavanje dopisnog \u010dlana HAZU Alaina Finkielkrauta Izrael, Europa, antisemitizam","author":"Branimir Jankovi\u0107","date":"23. travnja 2026.","format":false,"excerpt":"Francuski filozof Alain Finkielkraut, redoviti \u010dlan Francuske akademije i dopisni \u010dlan HAZU, odr\u017eat \u0107e predavanje\u00a0Izrael, Europa, antisemitizam u utorak 28. travnja 2026. u 13 sati u Knji\u017enici HAZU,\u00a0Strossmayerov trg 14 u Zagrebu. Uvodne rije\u010di odr\u017eat \u0107e\u00a0akademkinja \u017deljka \u010corak i\u00a0akademik Dra\u017een Katunari\u0107. Predavanje \u0107e se odr\u017eati na francuskom jeziku uz konsekutivno\u2026","rel":"","context":"U &quot;Novosti&quot;","block_context":{"text":"Novosti","link":"https:\/\/historiografija.hr\/?cat=3"},"img":{"alt_text":"","src":"https:\/\/i0.wp.com\/historiografija.hr\/wp-content\/uploads\/2026\/04\/Alain_Finkielkraut.jpg?fit=350%2C407&ssl=1&resize=350%2C200","width":350,"height":200},"classes":[]},{"id":52616,"url":"https:\/\/historiografija.hr\/?p=52616","url_meta":{"origin":43358,"position":3},"title":"No\u0107 knjige 2026.","author":"Branimir Jankovi\u0107","date":"22. travnja 2026.","format":false,"excerpt":"Slavljeni\u010dka 15. No\u0107 knjige odr\u017eat \u0107e se 23. travnja diljem Hrvatske u povodu Svjetskog dana knjige i autorskih prava te Dana hrvatske knjige. S vi\u0161e od 1.000 prijavljenih programa i akcija s pravom nosi epitet najmasovnije doma\u0107e kulturne manifestacije, a ove \u0107e godine prote\u0107i u znaku mira, razumijevanja, tolerancije, srodnosti\u2026","rel":"","context":"U &quot;Novosti&quot;","block_context":{"text":"Novosti","link":"https:\/\/historiografija.hr\/?cat=3"},"img":{"alt_text":"","src":"https:\/\/i0.wp.com\/historiografija.hr\/wp-content\/uploads\/2026\/04\/noc_knjige_2026.jpg?fit=680%2C276&ssl=1&resize=350%2C200","width":350,"height":200,"srcset":"https:\/\/i0.wp.com\/historiografija.hr\/wp-content\/uploads\/2026\/04\/noc_knjige_2026.jpg?fit=680%2C276&ssl=1&resize=350%2C200 1x, https:\/\/i0.wp.com\/historiografija.hr\/wp-content\/uploads\/2026\/04\/noc_knjige_2026.jpg?fit=680%2C276&ssl=1&resize=525%2C300 1.5x"},"classes":[]},{"id":52569,"url":"https:\/\/historiografija.hr\/?p=52569","url_meta":{"origin":43358,"position":4},"title":"[Predavanje] Ne \u010dekaju\u0107i inspiraciju \u2013 anga\u017eovane intelektualne, kulturalne i umetni\u010dke prakse u me\u0111uratnom periodu: teorija i praksa kriti\u010dke levice u jugoslovenskoj kulturi (YugoLab)","author":"Branimir Jankovi\u0107","date":"21. travnja 2026.","format":false,"excerpt":"U vreme agresivnog ja\u010danja globalne desnice, (pro)fa\u0161isti\u010dkih, rasisti\u010dkih i imperijalisti\u010dkih politika, dok je istovremeno globalna levica izrazito slaba, a progresivni pokreti atomizirani i fragmentisani, va\u017eno je iz savremene perspektive vratiti se revolucionarnim i emancipatorskim zbivanjima u jugoslovenskom (ali i s njima u vezi internacionalnim de\u0161avanjima), kao i dru\u0161tvenoj ulozi kulturalnih\u2026","rel":"","context":"U &quot;Novosti&quot;","block_context":{"text":"Novosti","link":"https:\/\/historiografija.hr\/?cat=3"},"img":{"alt_text":"","src":"","width":0,"height":0},"classes":[]},{"id":52666,"url":"https:\/\/historiografija.hr\/?p=52666","url_meta":{"origin":43358,"position":5},"title":"Najava programa Festivala povijesti Kliofest (5-8. V. 2026)","author":"Branimir Jankovi\u0107","date":"24. travnja 2026.","format":false,"excerpt":"Po trinaesti put odr\u017eava se Festival povijesti Kliofest! Do petka \u0107emo odr\u017eati osam okruglih stolova i dva kolokvija te niz predstavljanja knjiga i projekata razli\u010dite tematike, od antike do suvremenosti. Bit \u0107e predstavljeno i nekoliko izlo\u017ebi te odr\u017ean jedan povijesni kviz. Prikazat \u0107emo i jedan film \u2013 o generalu Boroevi\u0107u.\u2026","rel":"","context":"U &quot;Novosti&quot;","block_context":{"text":"Novosti","link":"https:\/\/historiografija.hr\/?cat=3"},"img":{"alt_text":"","src":"https:\/\/i0.wp.com\/historiografija.hr\/wp-content\/uploads\/2026\/04\/Kliofest-2026.jpg?fit=526%2C526&ssl=1&resize=350%2C200","width":350,"height":200,"srcset":"https:\/\/i0.wp.com\/historiografija.hr\/wp-content\/uploads\/2026\/04\/Kliofest-2026.jpg?fit=526%2C526&ssl=1&resize=350%2C200 1x, https:\/\/i0.wp.com\/historiografija.hr\/wp-content\/uploads\/2026\/04\/Kliofest-2026.jpg?fit=526%2C526&ssl=1&resize=525%2C300 1.5x"},"classes":[]}],"_links":{"self":[{"href":"https:\/\/historiografija.hr\/index.php?rest_route=\/wp\/v2\/posts\/43358","targetHints":{"allow":["GET"]}}],"collection":[{"href":"https:\/\/historiografija.hr\/index.php?rest_route=\/wp\/v2\/posts"}],"about":[{"href":"https:\/\/historiografija.hr\/index.php?rest_route=\/wp\/v2\/types\/post"}],"author":[{"embeddable":true,"href":"https:\/\/historiografija.hr\/index.php?rest_route=\/wp\/v2\/users\/2"}],"replies":[{"embeddable":true,"href":"https:\/\/historiografija.hr\/index.php?rest_route=%2Fwp%2Fv2%2Fcomments&post=43358"}],"version-history":[{"count":1,"href":"https:\/\/historiografija.hr\/index.php?rest_route=\/wp\/v2\/posts\/43358\/revisions"}],"predecessor-version":[{"id":43360,"href":"https:\/\/historiografija.hr\/index.php?rest_route=\/wp\/v2\/posts\/43358\/revisions\/43360"}],"wp:featuredmedia":[{"embeddable":true,"href":"https:\/\/historiografija.hr\/index.php?rest_route=\/wp\/v2\/media\/43359"}],"wp:attachment":[{"href":"https:\/\/historiografija.hr\/index.php?rest_route=%2Fwp%2Fv2%2Fmedia&parent=43358"}],"wp:term":[{"taxonomy":"category","embeddable":true,"href":"https:\/\/historiografija.hr\/index.php?rest_route=%2Fwp%2Fv2%2Fcategories&post=43358"},{"taxonomy":"post_tag","embeddable":true,"href":"https:\/\/historiografija.hr\/index.php?rest_route=%2Fwp%2Fv2%2Ftags&post=43358"}],"curies":[{"name":"wp","href":"https:\/\/api.w.org\/{rel}","templated":true}]}}