{"id":43353,"date":"2024-11-15T23:33:36","date_gmt":"2024-11-15T23:33:36","guid":{"rendered":"http:\/\/historiografija.hr\/?p=43353"},"modified":"2024-11-15T23:34:55","modified_gmt":"2024-11-15T23:34:55","slug":"sasa-drach-do-posljednjeg-zbora-vladimir-kranjcevic-zivot-i-djelo","status":"publish","type":"post","link":"https:\/\/historiografija.hr\/?p=43353","title":{"rendered":"Sa\u0161a Drach, \u201eDo posljednjeg zbora: Vladimir Kranj\u010devi\u0107 &#8211; \u017eivot i djelo\u201c"},"content":{"rendered":"\n<p>Iscrpna biografija dirigenta Vladimira Kranj\u010devi\u0107a (1936.-2020.) nastajala je pet godina. Temelji se na nizu dugih razgovora s maestrom u njegovu domu i pomnom istra\u017eivanju maestrova \u017eivota, vremena i djela. Knjige, novinski \u010dlanci, televizijske i radijske emisije, arhivi i brojni susreti s njegovim u\u010denicima, studentima, kolegama muzi\u010darima i prijateljima, sve su to bili izvori, kako se to u nakladni\u010dkom svijetu danas naziva, za definitivnu biografiju jednog glazbenika. Kad bi jedna takva, definitivna biografija uop\u0107e bila mogu\u0107a. Nije ovo, me\u0111utim, tek vje\u0161to i detaljno napisana saga o dugom i raznovrsnom Kranj\u010devi\u0107evom djelovanju, pa stoga zanimljiva prije svega onima koji su ga poznavali ili su naprosto ljubitelji glazbe. Naime, da bi se Kranj\u010devi\u0107a razumjelo, valjalo je ne\u0161to re\u0107i i o vremenu u kojem je on stvarao. \u010cuvaju\u0107i se elitisti\u010dkog pristupa, ova je opse\u017ena knjiga dala ravnopravno mjesto lokalnim zaljubljenicima u glazbu i velikim zvijezdama vremena (kao \u0161to su Karajan i Ivo Pogoreli\u0107, Mata\u010di\u0107 i Milan Horvat, Ru\u017ea Pospi\u0161 Baldani i Dunja Vejzovi\u0107, Melita Lorkovi\u0107 i Oskar Danon), partijskim i strana\u010dkim birokratima iz provincije i mo\u0107nim ljudima iz zemlje i svijeta (od Stepinca i pape Ivana Pavla II., \u0161panjolske kraljice Sofije i Grace Kelly, Kim Il-sunga i Tita do Franje Tu\u0111mana i Ive Sanadera), a svoje su mjesto tu na\u0161li i glazbeni kriti\u010dari koji za maestra nisu uvijek imali razumijevanja. Opisuju se nastupi u socijalisti\u010dkim tvorni\u010dkim halama i zaba\u010denim mjestima, ali i muziciranje po katedralama i presti\u017enim dvoranama glazbenih metropola (Musikverein u Be\u010du, Grand Amphith\u00e9\u00e2tre de la Sorbonne u Parizu, Op\u00e9ra de Monte-Carlo, Teatro La Fenice di Venezia, beogradski Sava centar i Kolarac, zagreba\u010dki Hrvatski glazbeni zavod, HNK i Vatroslav Lisinski). Ovo nije samo zanimljiva biografija jednog osebujnog i agilnog glazbenika, profesora i dirigenta, temeljena prije svega na njegovim razmi\u0161ljanjima i sje\u0107anjima. Ovo je \u0161iroka freska jednog doba, politi\u010dkih i dru\u0161tvenih prilika, burnih vremena u kojima se Kranj\u010devi\u0107 vje\u0161to i okretno snalazio, razdoblja u kojem je ostavio sna\u017ean trag, razvijaju\u0107i pedago\u0161ki i menad\u017eerski potencijal, ba\u0161 kao i svoj umjetni\u010dki credo. Iza Vladimira Kranj\u010devi\u0107a ostale su tisu\u0107e njegovih \u0111aka, amatera i profesionalaca, pjeva\u010da i instrumentalista, pedagoga i dirigenata, zaljubljenika u glazbu. Ostali su svi oni kojima je maestro nastojao prenijeti ljubav prema glazbi kao svoj kona\u010dni duhovni poriv.<br>Ova knjiga napisana je za sve njih.<\/p>\n\n\n\n<hr class=\"wp-block-separator\"\/>\n\n\n\n<p>&#8216;Ova knjiga monografskog zna\u010daja od prvih stranica osvaja ne samo pitkim i dinami\u010dnim stilom kojim komunicira s \u010ditateljem nego i \u0161irinom pogleda kojim prati \u017eivot dirigenta i pedagoga Vladimira Kranj\u010devi\u0107a. A na tom su \u017eivotnom obzoru brojni ljudi i doga\u0111aji koji su obilje\u017eili \u017eivot ovog umjetnika i ostavili velik trag u hrvatskoj umjetni\u010dkoj, dru\u0161tvenoj i politi\u010dkoj stvarnosti. Autor s velikim razumijevanjem konteksta prikazuje lik Vladimira Kranj\u010devi\u0107a, opisuju\u0107i brojna zbivanja iz kojih ovaj umjetnik izranja kao jedna od najistaknutijih hrvatskih osobnosti druge polovice 20. i po\u010detka 21. stolje\u0107a. Zahvaljuju\u0107i autoru i njegovom poznavanju teme knjiga se \u010dita gotovo u jednom dahu dok zanimljivo pripovijeda o jednom \u017eivotu i vremenu.&#8217;<br>Erika Krpan<\/p>\n\n\n\n<hr class=\"wp-block-separator\"\/>\n\n\n\n<p>&#8216;Vladimir Kranj\u010devi\u0107 bio je u Zagrebu jedan od posljednjih ljudi s aurom njegova autenti\u010dnog gra\u0111anina. Premda je pripadao obitelji koja se u grad doselila tridesetih godina pro\u0161loga stolje\u0107a nastaniv\u0161i se na tada\u0161njem novom gradskom obodu du\u017e Zvonimirove ulice, bio je u ova posljednja doba novog tisu\u0107lje\u0107a idealtipski stari Zagrep\u010danin. Sa\u0161a Drach je u razgovorima s njim u isto vrijeme sastavljao knjigu Kranj\u010devi\u0107eva \u017eivota i jednu od najdragocjenijih malih povijesti Zagreba uop\u0107e. Ovo je knjiga o glazbi i o \u017eivotu, o transformacijama jedne zajednice pred kraj dvadesetog stolje\u0107a, ali, na neki vrlo neobi\u010dan na\u010din, i knjiga o na\u010dinima funkcioniranja hrvatskog dru\u0161tva u razli\u010dita vremena. Kranj\u010devi\u0107 je kao klasi\u010dni starovremenski zborovo\u0111a (a ne samo dirigent, glazbenik ili pedagog) bio onaj koji je vladao svakodnevicama svojih zborista, a pritom je bio majstor anegdote i detalja u razgovoru, koji je u Drachu na\u0161ao najboljeg mogu\u0107eg sugovornika. Onog koji je umio ispri\u010dati povijest ku\u0107e i stana na \u010detvrtom katu s ugla Nodilove ulice, i koji je bio svjestan kulturolo\u0161ke i emocionalne vrijednosti Plani\u0107eva ormara. Kranj\u010devi\u0107 bi vjerojatno bio ganut ovom knjigom, ali mo\u017eda je i bolje \u0161to je to ganu\u0107e prepu\u0161teno budu\u0107im \u010ditateljima. Oni su, zahvaljuju\u0107i ovoj knjizi, kustosi Kranj\u010devi\u0107eva \u017eivota i svijeta.&#8217;<br>Miljenko Jergovi\u0107<\/p>\n\n\n\n<hr class=\"wp-block-separator\"\/>\n\n\n\n<p>Sa\u0161a Drach ro\u0111en je 1961. u Zagrebu, gdje je studirao Komparativnu knji\u017eevnost i Anglistiku na Filozofskom fakultetu. Od studentskih dana pi\u0161e i prevodi za novine, radio, televiziju i \u010dasopise. Radio je kao knji\u017ear i antikvar, izdava\u010d, redaktor, prevodilac, urednik i novinar. Zanima se za film, kazali\u0161te, knji\u017eevnost, fotografiju, strip i glazbu. Preveo je \u0161ezdesetak i objavio tri autorske knjige, Dnevnik bez reda (2012. i 2019.), Pri\u010de o jazzu i drugi zapisi (2016.) i Svijet jazza: Od Adorna do Johna Zorna (2018.).<\/p>\n\n\n\n<hr class=\"wp-block-separator\"\/>\n\n\n\n<p>Izvor:<\/p>\n\n\n\n<p><a href=\"http:\/\/www.sandorf.hr\/\">http:\/\/www.sandorf.hr\/<\/a><\/p>\n\n\n\n<hr class=\"wp-block-separator\"\/>\n","protected":false},"excerpt":{"rendered":"","protected":false},"author":2,"featured_media":43354,"comment_status":"open","ping_status":"open","sticky":false,"template":"","format":"standard","meta":{"_acf_changed":false,"jetpack_post_was_ever_published":false,"_jetpack_newsletter_access":"","_jetpack_dont_email_post_to_subs":false,"_jetpack_newsletter_tier_id":0,"_jetpack_memberships_contains_paywalled_content":false,"_jetpack_memberships_contains_paid_content":false,"footnotes":"","jetpack_publicize_message":"","jetpack_publicize_feature_enabled":true,"jetpack_social_post_already_shared":true,"jetpack_social_options":{"image_generator_settings":{"template":"highway","default_image_id":0,"font":"","enabled":false},"version":2}},"categories":[8,3],"tags":[],"class_list":["post-43353","post","type-post","status-publish","format-standard","has-post-thumbnail","hentry","category-knjige","category-novosti"],"acf":{"facebook_opis":""},"jetpack_publicize_connections":[],"jetpack_featured_media_url":"https:\/\/i0.wp.com\/historiografija.hr\/wp-content\/uploads\/2024\/11\/Do-posljednjeg-zbora.jpg?fit=1226%2C1800&ssl=1","jetpack_sharing_enabled":true,"jetpack-related-posts":[],"_links":{"self":[{"href":"https:\/\/historiografija.hr\/index.php?rest_route=\/wp\/v2\/posts\/43353","targetHints":{"allow":["GET"]}}],"collection":[{"href":"https:\/\/historiografija.hr\/index.php?rest_route=\/wp\/v2\/posts"}],"about":[{"href":"https:\/\/historiografija.hr\/index.php?rest_route=\/wp\/v2\/types\/post"}],"author":[{"embeddable":true,"href":"https:\/\/historiografija.hr\/index.php?rest_route=\/wp\/v2\/users\/2"}],"replies":[{"embeddable":true,"href":"https:\/\/historiografija.hr\/index.php?rest_route=%2Fwp%2Fv2%2Fcomments&post=43353"}],"version-history":[{"count":3,"href":"https:\/\/historiografija.hr\/index.php?rest_route=\/wp\/v2\/posts\/43353\/revisions"}],"predecessor-version":[{"id":43357,"href":"https:\/\/historiografija.hr\/index.php?rest_route=\/wp\/v2\/posts\/43353\/revisions\/43357"}],"wp:featuredmedia":[{"embeddable":true,"href":"https:\/\/historiografija.hr\/index.php?rest_route=\/wp\/v2\/media\/43354"}],"wp:attachment":[{"href":"https:\/\/historiografija.hr\/index.php?rest_route=%2Fwp%2Fv2%2Fmedia&parent=43353"}],"wp:term":[{"taxonomy":"category","embeddable":true,"href":"https:\/\/historiografija.hr\/index.php?rest_route=%2Fwp%2Fv2%2Fcategories&post=43353"},{"taxonomy":"post_tag","embeddable":true,"href":"https:\/\/historiografija.hr\/index.php?rest_route=%2Fwp%2Fv2%2Ftags&post=43353"}],"curies":[{"name":"wp","href":"https:\/\/api.w.org\/{rel}","templated":true}]}}