{"id":43335,"date":"2024-11-15T22:57:30","date_gmt":"2024-11-15T22:57:30","guid":{"rendered":"http:\/\/historiografija.hr\/?p=43335"},"modified":"2024-11-15T22:57:30","modified_gmt":"2024-11-15T22:57:30","slug":"lax-kozje-sveuciliste","status":"publish","type":"post","link":"https:\/\/historiografija.hr\/?p=43335","title":{"rendered":"Lax, &#8220;Kozje sveu\u010dili\u0161te&#8221;"},"content":{"rendered":"\n<p>Godine 1833. u ju\u017enim Alpama \u017eivi Fortun\u00e9 Chabert, putuju\u0107i u\u010ditelj. Od sela do sela on radosno pou\u010dava djecu \u010ditanju, pisanju i ra\u010dunanju. Takvo se nomadsko pou\u010davanje nazivalo \u201ekozjim sveu\u010dili\u0161tem\u201c. Fortun\u00e9 \u0107e morati odustati od svoje sve\u0107eni\u010dke slu\u017ebe te \u0107e se godinama poslije pridru\u017eiti Hopi Indijancima u Arizoni.<br><br>Godine 2018. Sand\u017ear putuje po afganistanskim planinama sa svojom plo\u010dom na le\u0111ima. I on prakticira \u201ekozje sveu\u010dili\u0161te\u201c. Prognan od talibana, pomagat \u0107e ameri\u010dkoj vojsci u Afganistanu. Koja je poveznica izme\u0111u Fortun\u00e9a i Sand\u017eara, naizgled tako udaljenima u vremenu i prostoru? Mlada \u017eena Arizona Flor\u00e8s, Fortun\u00e9ova potomkinja (peta generacija), novinarka je Phoenix Posta. Jedna od njenih velikih borbi je denuncijacija nasilja u \u0161kolama, nasilja s \u010destim pucnjavama koje je uzrok tugovanja mnogih ameri\u010dkih obitelji. Budu\u0107i da je o\u0161tra kriti\u010darka lobija za oru\u017eje u svom dru\u0161tvu, \u010dasopis je se rje\u0161ava tako da je po\u0161alje u Afganistan kao reporterku. Ondje susre\u0107e Sand\u017eara. Kako je on sve vi\u0161e u opasnosti, mo\u017ee samo odustati, kao i Fortun\u00e9, od svoje emancipacijske misije&#8230;<br><br>Od Afganistana do Sjedinjenih Ameri\u010dkih Dr\u017eava, od 18. stolje\u0107a do dana\u0161njeg dana, opskuranti su oduvijek odbacivali obrazovanje. Kroz veli\u010danstvenu pri\u010du o bijesu i velikodu\u0161nosti, ljepoti i ljubavi, Christian Lax zauzima se za \u0161kolu koja osloba\u0111a i emancipira.<\/p>\n\n\n\n<hr class=\"wp-block-separator\"\/>\n\n\n\n<p>Broj stranica: 152<\/p>\n\n\n\n<p>Objavljeno: 20.9.2024.<\/p>\n\n\n\n<p>Scenarij: Lax<\/p>\n\n\n\n<p>Crte\u017e: Lax<\/p>\n\n\n\n<p>Prijevod: Dora Held<\/p>\n\n\n\n<p>Lektura: Aleksandar Gucunski<\/p>\n\n\n\n<p>Dizajn: Melina Mikuli\u0107<\/p>\n\n\n\n<hr class=\"wp-block-separator\"\/>\n\n\n\n<p>Ogledne stranice stripa:<\/p>\n\n\n\n<p><a href=\"https:\/\/www.fibra.hr\/katalog\/izdanja\/kolorka-295-kozje-sveuciliste\/1008\/\">https:\/\/www.fibra.hr\/katalog\/izdanja\/kolorka-295-kozje-sveuciliste\/1008\/<\/a><\/p>\n\n\n\n<hr class=\"wp-block-separator\"\/>\n","protected":false},"excerpt":{"rendered":"","protected":false},"author":2,"featured_media":43336,"comment_status":"open","ping_status":"open","sticky":false,"template":"","format":"standard","meta":{"_acf_changed":false,"jetpack_post_was_ever_published":false,"_jetpack_newsletter_access":"","_jetpack_dont_email_post_to_subs":false,"_jetpack_newsletter_tier_id":0,"_jetpack_memberships_contains_paywalled_content":false,"_jetpack_memberships_contains_paid_content":false,"footnotes":"","jetpack_publicize_message":"","jetpack_publicize_feature_enabled":true,"jetpack_social_post_already_shared":true,"jetpack_social_options":{"image_generator_settings":{"template":"highway","default_image_id":0,"font":"","enabled":false},"version":2}},"categories":[3,12],"tags":[],"class_list":["post-43335","post","type-post","status-publish","format-standard","has-post-thumbnail","hentry","category-novosti","category-knjizevnost"],"acf":{"facebook_opis":""},"jetpack_publicize_connections":[],"jetpack_featured_media_url":"https:\/\/i0.wp.com\/historiografija.hr\/wp-content\/uploads\/2024\/11\/KLO_FB_295.jpg?fit=600%2C800&ssl=1","jetpack_sharing_enabled":true,"jetpack-related-posts":[],"_links":{"self":[{"href":"https:\/\/historiografija.hr\/index.php?rest_route=\/wp\/v2\/posts\/43335","targetHints":{"allow":["GET"]}}],"collection":[{"href":"https:\/\/historiografija.hr\/index.php?rest_route=\/wp\/v2\/posts"}],"about":[{"href":"https:\/\/historiografija.hr\/index.php?rest_route=\/wp\/v2\/types\/post"}],"author":[{"embeddable":true,"href":"https:\/\/historiografija.hr\/index.php?rest_route=\/wp\/v2\/users\/2"}],"replies":[{"embeddable":true,"href":"https:\/\/historiografija.hr\/index.php?rest_route=%2Fwp%2Fv2%2Fcomments&post=43335"}],"version-history":[{"count":1,"href":"https:\/\/historiografija.hr\/index.php?rest_route=\/wp\/v2\/posts\/43335\/revisions"}],"predecessor-version":[{"id":43337,"href":"https:\/\/historiografija.hr\/index.php?rest_route=\/wp\/v2\/posts\/43335\/revisions\/43337"}],"wp:featuredmedia":[{"embeddable":true,"href":"https:\/\/historiografija.hr\/index.php?rest_route=\/wp\/v2\/media\/43336"}],"wp:attachment":[{"href":"https:\/\/historiografija.hr\/index.php?rest_route=%2Fwp%2Fv2%2Fmedia&parent=43335"}],"wp:term":[{"taxonomy":"category","embeddable":true,"href":"https:\/\/historiografija.hr\/index.php?rest_route=%2Fwp%2Fv2%2Fcategories&post=43335"},{"taxonomy":"post_tag","embeddable":true,"href":"https:\/\/historiografija.hr\/index.php?rest_route=%2Fwp%2Fv2%2Ftags&post=43335"}],"curies":[{"name":"wp","href":"https:\/\/api.w.org\/{rel}","templated":true}]}}