{"id":43313,"date":"2024-11-14T21:09:42","date_gmt":"2024-11-14T21:09:42","guid":{"rendered":"http:\/\/historiografija.hr\/?p=43313"},"modified":"2024-11-14T21:10:01","modified_gmt":"2024-11-14T21:10:01","slug":"i-krizmanic-n-rafaj-frutti-di-mare","status":"publish","type":"post","link":"https:\/\/historiografija.hr\/?p=43313","title":{"rendered":"I. Krizmani\u0107 \/ N. Rafaj: FRUTTI DI MARE"},"content":{"rendered":"\n<p><strong>Premijera, 5.11.2024., Polukru\u017ena &amp;TD, 20:00<\/strong><\/p>\n\n\n\n<p><strong>Reprizne izvedbe: 6. i 7.11., 20:00, Polukru\u017ena &amp;TD<\/strong><\/p>\n\n\n\n<p><strong>Trajanje izvedbe: 70 minuta<\/strong><\/p>\n\n\n\n<hr class=\"wp-block-separator\"\/>\n\n\n\n<p>Autorski projekt:<strong>&nbsp;Ivana Krizmani\u0107 i Nikolina Rafaj<\/strong><\/p>\n\n\n\n<p>Tekst i izvedba:<strong>&nbsp;Ivana Krizmani\u0107<\/strong><\/p>\n\n\n\n<p>Re\u017eija i dramaturgija:<strong>&nbsp;Nikolina Rafaj<\/strong><\/p>\n\n\n\n<p>Scenski pokret:&nbsp;<strong>Ema Crni\u0107<\/strong><\/p>\n\n\n\n<p>Glazba:&nbsp;<strong>Damir \u0160imunovi\u0107<\/strong><\/p>\n\n\n\n<p>Dizajn svjetla:&nbsp;<strong>Sa\u0161a Fistri\u0107<\/strong><\/p>\n\n\n\n<p>Kostim:&nbsp;<strong>Ivana Krizmani\u0107<\/strong><\/p>\n\n\n\n<p>Fotograf predstave:&nbsp;<strong>Luka Dubroja<\/strong><\/p>\n\n\n\n<p>Dizajn plakata:&nbsp;<strong>Borjan Pavlek<\/strong><\/p>\n\n\n\n<p>Majstorica maske:&nbsp;<strong>Iva Lea De\u017emar<\/strong><\/p>\n\n\n\n<p>Produkcija:\u00a0<strong>UO TeatruM &amp; Teatar ITD<\/strong><\/p>\n\n\n\n<hr class=\"wp-block-separator\"\/>\n\n\n\n<p>Protagonistica ima jednostavnu \u017eelju za odlaskom na more no niz prepreka promijene destinaciju njenog putovanja, i odvedu je tamo gdje mo\u017eda nije bila sigurna u mnoge stvari, ali u jednu je \u2013 kako je bila sretna. Ravno u&nbsp;<em>osamdesete<\/em>. Kroz ovaj vrlo osoban&nbsp;<em>hommage<\/em>&nbsp;osamdesetima, i vlastitom djetinjstvu, putujemo kroz eklekti\u010dan niz izvedbenih kodova, od doku-fikcionalnih epizoda, preko dionica koje se oslanjaju na stand-up elemente, sve do kola\u017ea filmskih i glazbenih citata tog razdoblja. Mogli bi raspravljati jesu li osamdesete vi\u0161e pop-kulturni, dru\u0161tveni, medijski, tr\u017ei\u0161ni ili fenomen nekog drugog predznaka, ali slo\u017eit \u0107emo se kako neka vrsta fenomena zasigurno jesu. Fenomena koji i dalje ne prestaje inspirirati ono \u0161to gledamo, \u0161to slu\u0161amo, na\u010din na koji se obla\u010dimo, ono za \u010dim mo\u017eda i \u010deznemo. Gotovo neovisno o tome jesmo li ili nismo aktivno sudjelovali u toj dekadi.<\/p>\n\n\n\n<p>Ovaj autorski projekt zanima kako ne\u0161to \u0161to smatramo globalnim fenomenom djeluje iz intimne perspektive.<\/p>\n\n\n\n<hr class=\"wp-block-separator\"\/>\n\n\n\n<p>Izvor:<\/p>\n\n\n\n<p><a href=\"https:\/\/www.sczg.unizg.hr\/kultura\/eventi\/i-krizmanic-n-rafaj-frutti-di-mare\">https:\/\/www.sczg.unizg.hr\/kultura\/eventi\/i-krizmanic-n-rafaj-frutti-di-mare<\/a><\/p>\n\n\n\n<hr class=\"wp-block-separator\"\/>\n","protected":false},"excerpt":{"rendered":"","protected":false},"author":2,"featured_media":43314,"comment_status":"open","ping_status":"open","sticky":false,"template":"","format":"standard","meta":{"_acf_changed":false,"jetpack_post_was_ever_published":false,"_jetpack_newsletter_access":"","_jetpack_dont_email_post_to_subs":false,"_jetpack_newsletter_tier_id":0,"_jetpack_memberships_contains_paywalled_content":false,"_jetpack_memberships_contains_paid_content":false,"footnotes":"","jetpack_publicize_message":"","jetpack_publicize_feature_enabled":true,"jetpack_social_post_already_shared":true,"jetpack_social_options":{"image_generator_settings":{"template":"highway","default_image_id":0,"font":"","enabled":false},"version":2}},"categories":[22,3],"tags":[],"class_list":["post-43313","post","type-post","status-publish","format-standard","has-post-thumbnail","hentry","category-kazalisne-predstave","category-novosti"],"acf":{"facebook_opis":""},"jetpack_publicize_connections":[],"jetpack_featured_media_url":"https:\/\/i0.wp.com\/historiografija.hr\/wp-content\/uploads\/2024\/11\/80-e.jpg?fit=2560%2C1707&ssl=1","jetpack_sharing_enabled":true,"jetpack-related-posts":[],"_links":{"self":[{"href":"https:\/\/historiografija.hr\/index.php?rest_route=\/wp\/v2\/posts\/43313","targetHints":{"allow":["GET"]}}],"collection":[{"href":"https:\/\/historiografija.hr\/index.php?rest_route=\/wp\/v2\/posts"}],"about":[{"href":"https:\/\/historiografija.hr\/index.php?rest_route=\/wp\/v2\/types\/post"}],"author":[{"embeddable":true,"href":"https:\/\/historiografija.hr\/index.php?rest_route=\/wp\/v2\/users\/2"}],"replies":[{"embeddable":true,"href":"https:\/\/historiografija.hr\/index.php?rest_route=%2Fwp%2Fv2%2Fcomments&post=43313"}],"version-history":[{"count":2,"href":"https:\/\/historiografija.hr\/index.php?rest_route=\/wp\/v2\/posts\/43313\/revisions"}],"predecessor-version":[{"id":43316,"href":"https:\/\/historiografija.hr\/index.php?rest_route=\/wp\/v2\/posts\/43313\/revisions\/43316"}],"wp:featuredmedia":[{"embeddable":true,"href":"https:\/\/historiografija.hr\/index.php?rest_route=\/wp\/v2\/media\/43314"}],"wp:attachment":[{"href":"https:\/\/historiografija.hr\/index.php?rest_route=%2Fwp%2Fv2%2Fmedia&parent=43313"}],"wp:term":[{"taxonomy":"category","embeddable":true,"href":"https:\/\/historiografija.hr\/index.php?rest_route=%2Fwp%2Fv2%2Fcategories&post=43313"},{"taxonomy":"post_tag","embeddable":true,"href":"https:\/\/historiografija.hr\/index.php?rest_route=%2Fwp%2Fv2%2Ftags&post=43313"}],"curies":[{"name":"wp","href":"https:\/\/api.w.org\/{rel}","templated":true}]}}