{"id":43309,"date":"2024-11-14T21:05:00","date_gmt":"2024-11-14T21:05:00","guid":{"rendered":"http:\/\/historiografija.hr\/?p=43309"},"modified":"2024-11-14T21:05:21","modified_gmt":"2024-11-14T21:05:21","slug":"barry-phillips-u-potrazi-za-titovim-punkerima","status":"publish","type":"post","link":"https:\/\/historiografija.hr\/?p=43309","title":{"rendered":"Barry Phillips, &#8220;U potrazi za Titovim punkerima&#8221;"},"content":{"rendered":"\n<p>Izdava\u010d: Rockmark<\/p>\n\n\n\n<p>Godina izdanja: 2024.<\/p>\n\n\n\n<p>Broj stranica: 316<\/p>\n\n\n\n<p>Prijevod: Stjepan Vre\u010dko<\/p>\n\n\n\n<hr class=\"wp-block-separator\"\/>\n\n\n\n<p>U potrazi za Titovim punkerima, prijevod je knjige koja je izvorno na engleskom jeziku objavljena 2023. pod naslovom In Search of Tito\u2019s Punks.<\/p>\n\n\n\n<p>Demob, mladi street punk punk iz engleske provincije, snimio je 1981. pjesmu No Room For You koja se prodala u nekoliko tisu\u0107a primjeraka prije nego \u0161to je i\u0161\u010deznula u zaborav. Trideset godina kasnije njezin autor i basist benda, <strong>Barry Phillips<\/strong>, saznao je da je pjesma slavna na podru\u010dju nekada\u0161nje Jugoslavije i da su je obradila eminentna punk imena.<\/p>\n\n\n\n<p><strong>Odakle sada punkeri u socijalisti\u010dkoj Jugoslaviji, pitao se Phillips, i kakve veze s njima ima pjesma Demoba?<\/strong> Kako bi nau\u010dio \u0161to vi\u0161e o \u201cTitovim punkerima\u201d, njihovoj glazbi i razmi\u0161ljanjima, obi\u0161ao je Zagreb, Ljubljanu, Pulu, Novi Sad, Beograd i Kragujevac gdje je porazgovarao s glavnim protagonistima (Pankrti, Darko Rundek, KUD Idijoti, Urbana gerila, Atheist Rap, KBO!\u2026), novinarima, kriti\u010darima, izdava\u010dima i fanovima (Petar Janjatovi\u0107, Aleksandar Draga\u0161, Zdenko Franji\u0107, Marin Rosi\u0107\u2026) <strong>donose\u0107i na vi\u0161e od 300 stranica jedinstven uvid o vremenu i prostoru koje je tih godina zauzimalo specifi\u010dan polo\u017eaj u svijetu<\/strong>.<\/p>\n\n\n\n<p>\u201cPhillips nikada ne docira; on dijeli \u017eablju perspektivu, sa svojim sugovornicima koje intervjuira tek nakon \u0161to za njih pripremi odgovaraju\u0107u pozornicu, razglas i svjetlo. Kada se tome doda njegovo poznavanje moderne europske povijesti i dobro povijesno istra\u017eivanje, kao i zanimanje i razumijevanje za socioekonomske prilike biv\u0161ih jugoslavenskih republika \u2013 a danas neovisnih dr\u017eava, \u010ditatelj dobiva puno vi\u0161e od putopisa \u2013 ili \u017eanrovske glazbene knjige.\u201d (iz predgovora Rujane Jeger)<\/p>\n\n\n\n<hr class=\"wp-block-separator\"\/>\n\n\n\n<p>Izvor:<\/p>\n\n\n\n<figure class=\"wp-block-embed-wordpress wp-block-embed is-type-wp-embed is-provider-rockmark\"><div class=\"wp-block-embed__wrapper\">\n<blockquote class=\"wp-embedded-content\" data-secret=\"9ztr3iUnyJ\"><a href=\"https:\/\/www.rockmark.hr\/trgovina\/u-potrazi-za-titovim-punkerima\/\">U potrazi za Titovim punkerima<\/a><\/blockquote><iframe loading=\"lazy\" class=\"wp-embedded-content\" sandbox=\"allow-scripts\" security=\"restricted\" style=\"position: absolute; clip: rect(1px, 1px, 1px, 1px);\" title=\"&#8220;U potrazi za Titovim punkerima&#8221; &#8212; Rockmark\" src=\"https:\/\/www.rockmark.hr\/trgovina\/u-potrazi-za-titovim-punkerima\/embed\/#?secret=jj9z8nbWTM#?secret=9ztr3iUnyJ\" data-secret=\"9ztr3iUnyJ\" width=\"600\" height=\"338\" frameborder=\"0\" marginwidth=\"0\" marginheight=\"0\" scrolling=\"no\"><\/iframe>\n<\/div><\/figure>\n\n\n\n<hr class=\"wp-block-separator\"\/>\n\n\n\n<p>Iz medija:<\/p>\n\n\n\n<p><a href=\"https:\/\/www.jutarnji.hr\/kultura\/knjizevnost\/u-potrazi-za-titovim-punkerima-nevjerojatna-prica-o-pjesmi-koja-je-postala-hit-u-jugoslaviji-15502793\">https:\/\/www.jutarnji.hr\/kultura\/knjizevnost\/u-potrazi-za-titovim-punkerima-nevjerojatna-prica-o-pjesmi-koja-je-postala-hit-u-jugoslaviji-15502793<\/a><\/p>\n\n\n\n<figure class=\"wp-block-embed-wordpress wp-block-embed is-type-wp-embed is-provider-nacional-hr\"><div class=\"wp-block-embed__wrapper\">\n<blockquote class=\"wp-embedded-content\" data-secret=\"ht2rnHzqzQ\"><a href=\"https:\/\/www.nacional.hr\/barry-phillips-jugoslavija-je-bila-mnogo-vise-od-uzasnih-ratnih-zlocina-krajnje-desnicarskih-nogometnih-huligana-i-melanije-trump\/\">BARRY PHILLIPS: Jugoslavija je bila mnogo vi\u0161e od u\u017easnih ratnih zlo\u010dina, krajnje desni\u010darskih nogometnih huligana i\u00a0Melanije\u00a0Trump<\/a><\/blockquote><iframe loading=\"lazy\" class=\"wp-embedded-content\" sandbox=\"allow-scripts\" security=\"restricted\" style=\"position: absolute; clip: rect(1px, 1px, 1px, 1px);\" title=\"&#8220;BARRY PHILLIPS: Jugoslavija je bila mnogo vi\u0161e od u\u017easnih ratnih zlo\u010dina, krajnje desni\u010darskih nogometnih huligana i\u00a0Melanije\u00a0Trump&#8221; &#8212; NACIONAL.HR\" src=\"https:\/\/www.nacional.hr\/barry-phillips-jugoslavija-je-bila-mnogo-vise-od-uzasnih-ratnih-zlocina-krajnje-desnicarskih-nogometnih-huligana-i-melanije-trump\/embed\/#?secret=7FEuWdmit6#?secret=ht2rnHzqzQ\" data-secret=\"ht2rnHzqzQ\" width=\"600\" height=\"338\" frameborder=\"0\" marginwidth=\"0\" marginheight=\"0\" scrolling=\"no\"><\/iframe>\n<\/div><\/figure>\n\n\n\n<p><a href=\"https:\/\/www.vecernji.hr\/kultura\/ima-ih-jos-u-potrazi-za-titovim-pankerima-na-mjesto-koje-vise-ne-postoji-1803214\">https:\/\/www.vecernji.hr\/kultura\/ima-ih-jos-u-potrazi-za-titovim-pankerima-na-mjesto-koje-vise-ne-postoji-1803214<\/a><\/p>\n\n\n\n<p><a href=\"https:\/\/magazin.hrt.hr\/zabava\/u-potrazi-za-titovim-punkerima-prica-o-zaboravljenoj-pjesmi-11760574\">https:\/\/magazin.hrt.hr\/zabava\/u-potrazi-za-titovim-punkerima-prica-o-zaboravljenoj-pjesmi-11760574<\/a><\/p>\n\n\n\n<figure class=\"wp-block-embed-wordpress wp-block-embed is-type-wp-embed is-provider-novi-list\"><div class=\"wp-block-embed__wrapper\">\n<blockquote class=\"wp-embedded-content\" data-secret=\"y7H4W12Du4\"><a href=\"https:\/\/www.novilist.hr\/mozaik\/objavljena-nova-knjiga-u-potrazi-za-titovim-punkerima-o-putovanju-jedne-punk-pjesme\/\">Objavljena nova knjiga \u00bbU potrazi za Titovim punkerima\u00ab o putovanju jedne punk pjesme<\/a><\/blockquote><iframe loading=\"lazy\" class=\"wp-embedded-content\" sandbox=\"allow-scripts\" security=\"restricted\" style=\"position: absolute; clip: rect(1px, 1px, 1px, 1px);\" title=\"&#8220;Objavljena nova knjiga \u00bbU potrazi za Titovim punkerima\u00ab o putovanju jedne punk pjesme&#8221; &#8212; Novi list\" src=\"https:\/\/www.novilist.hr\/mozaik\/objavljena-nova-knjiga-u-potrazi-za-titovim-punkerima-o-putovanju-jedne-punk-pjesme\/embed\/#?secret=Xm2qGCdxN0#?secret=y7H4W12Du4\" data-secret=\"y7H4W12Du4\" width=\"600\" height=\"338\" frameborder=\"0\" marginwidth=\"0\" marginheight=\"0\" scrolling=\"no\"><\/iframe>\n<\/div><\/figure>\n\n\n\n<hr class=\"wp-block-separator\"\/>\n","protected":false},"excerpt":{"rendered":"","protected":false},"author":2,"featured_media":43310,"comment_status":"open","ping_status":"open","sticky":false,"template":"","format":"standard","meta":{"_acf_changed":false,"jetpack_post_was_ever_published":false,"_jetpack_newsletter_access":"","_jetpack_dont_email_post_to_subs":false,"_jetpack_newsletter_tier_id":0,"_jetpack_memberships_contains_paywalled_content":false,"_jetpack_memberships_contains_paid_content":false,"footnotes":"","jetpack_publicize_message":"","jetpack_publicize_feature_enabled":true,"jetpack_social_post_already_shared":true,"jetpack_social_options":{"image_generator_settings":{"template":"highway","default_image_id":0,"font":"","enabled":false},"version":2}},"categories":[8,3],"tags":[],"class_list":["post-43309","post","type-post","status-publish","format-standard","has-post-thumbnail","hentry","category-knjige","category-novosti"],"acf":{"facebook_opis":""},"jetpack_publicize_connections":[],"jetpack_featured_media_url":"https:\/\/i0.wp.com\/historiografija.hr\/wp-content\/uploads\/2024\/11\/titovi-punkeri-rockmark.jpg?fit=800%2C1213&ssl=1","jetpack_sharing_enabled":true,"jetpack-related-posts":[],"_links":{"self":[{"href":"https:\/\/historiografija.hr\/index.php?rest_route=\/wp\/v2\/posts\/43309","targetHints":{"allow":["GET"]}}],"collection":[{"href":"https:\/\/historiografija.hr\/index.php?rest_route=\/wp\/v2\/posts"}],"about":[{"href":"https:\/\/historiografija.hr\/index.php?rest_route=\/wp\/v2\/types\/post"}],"author":[{"embeddable":true,"href":"https:\/\/historiografija.hr\/index.php?rest_route=\/wp\/v2\/users\/2"}],"replies":[{"embeddable":true,"href":"https:\/\/historiografija.hr\/index.php?rest_route=%2Fwp%2Fv2%2Fcomments&post=43309"}],"version-history":[{"count":2,"href":"https:\/\/historiografija.hr\/index.php?rest_route=\/wp\/v2\/posts\/43309\/revisions"}],"predecessor-version":[{"id":43312,"href":"https:\/\/historiografija.hr\/index.php?rest_route=\/wp\/v2\/posts\/43309\/revisions\/43312"}],"wp:featuredmedia":[{"embeddable":true,"href":"https:\/\/historiografija.hr\/index.php?rest_route=\/wp\/v2\/media\/43310"}],"wp:attachment":[{"href":"https:\/\/historiografija.hr\/index.php?rest_route=%2Fwp%2Fv2%2Fmedia&parent=43309"}],"wp:term":[{"taxonomy":"category","embeddable":true,"href":"https:\/\/historiografija.hr\/index.php?rest_route=%2Fwp%2Fv2%2Fcategories&post=43309"},{"taxonomy":"post_tag","embeddable":true,"href":"https:\/\/historiografija.hr\/index.php?rest_route=%2Fwp%2Fv2%2Ftags&post=43309"}],"curies":[{"name":"wp","href":"https:\/\/api.w.org\/{rel}","templated":true}]}}