{"id":43305,"date":"2024-11-14T20:49:04","date_gmt":"2024-11-14T20:49:04","guid":{"rendered":"http:\/\/historiografija.hr\/?p=43305"},"modified":"2024-11-14T20:50:08","modified_gmt":"2024-11-14T20:50:08","slug":"sabrina-p-ramet-srednja-i-jugoistocna-europa-politika-kultura-i-drustvo-1943-1991","status":"publish","type":"post","link":"https:\/\/historiografija.hr\/?p=43305","title":{"rendered":"Sabrina P. Ramet, \u201eSrednja i Jugoisto\u010dna Europa. Politika, kultura i dru\u0161tvo 1943-1991.\u201c"},"content":{"rendered":"\n<p>Preveo Vladimir Filipovi\u0107.<\/p>\n\n\n\n<hr class=\"wp-block-separator\"\/>\n\n\n\n<p>Sabrina Ramet slikovito pi\u0161e o ljudskim strastima i ne glumi da je nepristrana. Njezina objektivnost ne isklju\u010duje suosje\u0107anje s onima koji su potla\u010deni. Ona prepoznaje zadivljuju\u0107u mo\u0107 ideja i poziva \u010ditatelja na fascinantno putovanje kroz neke od najdramati\u010dnijih trenutaka druge polovice onoga \u0161to je povjesni\u010dar Eric Hobsbawm nazvao \u201cdobom ekstrema\u201d: hladni rat, pojava \u201cnarodnih demokracija\u201d u Srednjoj i Jugoisto\u010dnoj Europi, prkos jugoslavenskog vo\u0111e Tita prema Staljinovu imperijalizmu, nasrtaj Nikite Hru\u0161\u010dova na Staljinov \u201ckult li\u010dnosti\u201d, poljski Listopad, Ma\u0111arska revolucija, Pra\u0161ko prolje\u0107e, rumunjski \u201cnacionalni staljinizam\u201d, uspon alternativnih oblika monopolisti\u010dkoj komunisti\u010dkoj ideologiji\u2026 (Vladimir Tismaneanu)<\/p>\n\n\n\n<hr class=\"wp-block-separator\"\/>\n\n\n\n<p>Sabrina P. Ramet autorica je dvadesetak znanstvenih knjiga i urednica ili suurednica \u010detrdesetak.<\/p>\n\n\n\n<hr class=\"wp-block-separator\"\/>\n\n\n\n<p>Broj stranica: 358<\/p>\n\n\n\n<p>Godina izdanja: 2024.<\/p>\n\n\n\n<hr class=\"wp-block-separator\"\/>\n\n\n\n<p>Izvor:<\/p>\n\n\n\n<figure class=\"wp-block-embed-wordpress wp-block-embed is-type-wp-embed is-provider-srednja-europa\"><div class=\"wp-block-embed__wrapper\">\n<blockquote class=\"wp-embedded-content\" data-secret=\"tjjcbbdSGO\"><a href=\"https:\/\/srednja-europa.hr\/proizvod\/srednja-i-jugoistocna-europa-politika-kultura-i-drustvo-1943-1991\/\">Srednja i Jugoisto\u010dna Europa. Politika, kultura i dru\u0161tvo 1943-1991.<\/a><\/blockquote><iframe loading=\"lazy\" class=\"wp-embedded-content\" sandbox=\"allow-scripts\" security=\"restricted\" style=\"position: absolute; clip: rect(1px, 1px, 1px, 1px);\" title=\"&#8220;Srednja i Jugoisto\u010dna Europa. Politika, kultura i dru\u0161tvo 1943-1991.&#8221; &#8212; Srednja Europa\" src=\"https:\/\/srednja-europa.hr\/proizvod\/srednja-i-jugoistocna-europa-politika-kultura-i-drustvo-1943-1991\/embed\/#?secret=tjjcbbdSGO\" data-secret=\"tjjcbbdSGO\" width=\"600\" height=\"338\" frameborder=\"0\" marginwidth=\"0\" marginheight=\"0\" scrolling=\"no\"><\/iframe>\n<\/div><\/figure>\n\n\n\n<hr class=\"wp-block-separator\"\/>\n\n\n\n<p>Obavijest je objavljena i na portalu <strong>Historiografija.ba<\/strong>:<\/p>\n\n\n\n<p><a href=\"https:\/\/historiografija.ba\/knjige\/jugoistocna-evropa\/srednja-i-jugoistocna-europa-politika-kultura-i-drustvo-1943-1991\">https:\/\/historiografija.ba\/knjige\/jugoistocna-evropa\/srednja-i-jugoistocna-europa-politika-kultura-i-drustvo-1943-1991<\/a><\/p>\n\n\n\n<hr class=\"wp-block-separator\"\/>\n","protected":false},"excerpt":{"rendered":"","protected":false},"author":2,"featured_media":43306,"comment_status":"open","ping_status":"open","sticky":false,"template":"","format":"standard","meta":{"_acf_changed":false,"jetpack_post_was_ever_published":false,"_jetpack_newsletter_access":"","_jetpack_dont_email_post_to_subs":false,"_jetpack_newsletter_tier_id":0,"_jetpack_memberships_contains_paywalled_content":false,"_jetpack_memberships_contains_paid_content":false,"footnotes":"","jetpack_publicize_message":"","jetpack_publicize_feature_enabled":true,"jetpack_social_post_already_shared":true,"jetpack_social_options":{"image_generator_settings":{"template":"highway","default_image_id":0,"font":"","enabled":false},"version":2}},"categories":[8,3],"tags":[],"class_list":["post-43305","post","type-post","status-publish","format-standard","has-post-thumbnail","hentry","category-knjige","category-novosti"],"acf":{"facebook_opis":""},"jetpack_publicize_connections":[],"jetpack_featured_media_url":"https:\/\/i0.wp.com\/historiografija.hr\/wp-content\/uploads\/2024\/11\/Ramet.jpg?fit=450%2C563&ssl=1","jetpack_sharing_enabled":true,"jetpack-related-posts":[],"_links":{"self":[{"href":"https:\/\/historiografija.hr\/index.php?rest_route=\/wp\/v2\/posts\/43305","targetHints":{"allow":["GET"]}}],"collection":[{"href":"https:\/\/historiografija.hr\/index.php?rest_route=\/wp\/v2\/posts"}],"about":[{"href":"https:\/\/historiografija.hr\/index.php?rest_route=\/wp\/v2\/types\/post"}],"author":[{"embeddable":true,"href":"https:\/\/historiografija.hr\/index.php?rest_route=\/wp\/v2\/users\/2"}],"replies":[{"embeddable":true,"href":"https:\/\/historiografija.hr\/index.php?rest_route=%2Fwp%2Fv2%2Fcomments&post=43305"}],"version-history":[{"count":2,"href":"https:\/\/historiografija.hr\/index.php?rest_route=\/wp\/v2\/posts\/43305\/revisions"}],"predecessor-version":[{"id":43308,"href":"https:\/\/historiografija.hr\/index.php?rest_route=\/wp\/v2\/posts\/43305\/revisions\/43308"}],"wp:featuredmedia":[{"embeddable":true,"href":"https:\/\/historiografija.hr\/index.php?rest_route=\/wp\/v2\/media\/43306"}],"wp:attachment":[{"href":"https:\/\/historiografija.hr\/index.php?rest_route=%2Fwp%2Fv2%2Fmedia&parent=43305"}],"wp:term":[{"taxonomy":"category","embeddable":true,"href":"https:\/\/historiografija.hr\/index.php?rest_route=%2Fwp%2Fv2%2Fcategories&post=43305"},{"taxonomy":"post_tag","embeddable":true,"href":"https:\/\/historiografija.hr\/index.php?rest_route=%2Fwp%2Fv2%2Ftags&post=43305"}],"curies":[{"name":"wp","href":"https:\/\/api.w.org\/{rel}","templated":true}]}}