{"id":43290,"date":"2024-11-14T20:16:30","date_gmt":"2024-11-14T20:16:30","guid":{"rendered":"http:\/\/historiografija.hr\/?p=43290"},"modified":"2024-11-14T20:18:29","modified_gmt":"2024-11-14T20:18:29","slug":"interliber-2024-dvor-trakoscan-i-promocije-kataloga-o-vojnoj-povijesti-i-zenidbenim-vezama-obitelji-draskovic","status":"publish","type":"post","link":"https:\/\/historiografija.hr\/?p=43290","title":{"rendered":"Interliber 2024: Dvor Trako\u0161\u0107an i promocije kataloga o vojnoj povijesti i \u017eenidbenim vezama obitelji Dra\u0161kovi\u0107"},"content":{"rendered":"\n<p>Dvor Trako\u0161\u0107an s ponosom najavljuje promociju dva kataloga koja prate zna\u010dajne zbirke i izlo\u017ebene projekte posve\u0107ene vojnoj povijesti i obiteljskim vezama obitelji Dra\u0161kovi\u0107. Promocija \u0107e se odr\u017eati u petak, 15. studenog na glavnoj pozornici Interlibera u paviljonu broj 6, a s po\u010detkom u 13 sati.<br><br>Prvi katalog, pod naslovom \u201eVojnici grofa Josipa Kazimira Dra\u0161kovi\u0107a: katalog likovnih djela vojne tematike iz 18. stolje\u0107a u Dvoru Trako\u0161\u0107an\u201c, predstavlja likovna djela vojne tematike iz 18. stolje\u0107a. U Trako\u0161\u0107anu se nalazi zbirka ilustracija koje&nbsp;prikazuju vojne postrojbe i \u010dasnike iz sredine 18. stolje\u0107a vezane uz vlasnike dvorca, obitelj&nbsp;Dra\u0161kovi\u0107. Jedan dio zbirke&nbsp;obuhva\u0107a&nbsp;49 portreta \u010dasnika 37. linijske pje\u0161a\u010dke pukovnije&nbsp;kojom je zapovijedao grof Josip Kazimir Dra\u0161kovi\u0107, a drugi dio zidne tapiserije s prikazom vi\u0161e&nbsp;pje\u0161a\u010dkih i konjani\u010dkih postrojbi carske vojske. Ovoj zbirci mo\u017eemo pridru\u017eiti i tzv. Malo&nbsp;rodoslovlje obitelji Dra\u0161kovi\u0107 na kojem je prikazan banderij Josipa Kazimira Dra\u0161kovi\u0107a. Iako&nbsp;su ovi dijelovi zbirki u vi\u0161e navrata obra\u0111ivani i objavljivani, nikada nisu to\u010dno datirani,&nbsp;protuma\u010deni i kontekstualizirani. Stoga je Dvor Trako\u0161\u0107an u katalogu objavio najnovija istra\u017eivanja skupine stru\u010dnjaka nakon kojega \u0107e sljede\u0107e godine biti uprili\u010dena i izlo\u017eba.<\/p>\n\n\n\n<p>Drugi katalog nosi naziv \u201eTko tu koga \u017eeni?\u201d, a prati istoimenu izlo\u017ebu koja istra\u017euje ugovorene brakove i \u017eenidbene strategije plemi\u0107kih obitelji. Povodom 70. obljetnice otvaranja prvog muzejskog postava u dvorcu, ova izlo\u017eba predstavlja zna\u010daj i doprinos \u017eena, kao i dru\u0161tvene konvencije povezane sa sklapanjem brakova unutar plemi\u0107kih krugova.\u00a0<br><br>Oba kataloga namijenjena su kako stru\u010dnoj, tako i \u0161iroj javnosti, a realizirani su uz potporu Ministarstva kulture i medija RH te JANAF-a.<\/p>\n\n\n\n<hr class=\"wp-block-separator\"\/>\n\n\n\n<figure class=\"wp-block-image size-large\"><img data-recalc-dims=\"1\" loading=\"lazy\" decoding=\"async\" width=\"860\" height=\"365\" data-attachment-id=\"43293\" data-permalink=\"https:\/\/historiografija.hr\/?attachment_id=43293\" data-orig-file=\"https:\/\/i0.wp.com\/historiografija.hr\/wp-content\/uploads\/2024\/11\/JKD.png?fit=1536%2C652&amp;ssl=1\" data-orig-size=\"1536,652\" data-comments-opened=\"1\" data-image-meta=\"{&quot;aperture&quot;:&quot;0&quot;,&quot;credit&quot;:&quot;&quot;,&quot;camera&quot;:&quot;&quot;,&quot;caption&quot;:&quot;&quot;,&quot;created_timestamp&quot;:&quot;0&quot;,&quot;copyright&quot;:&quot;&quot;,&quot;focal_length&quot;:&quot;0&quot;,&quot;iso&quot;:&quot;0&quot;,&quot;shutter_speed&quot;:&quot;0&quot;,&quot;title&quot;:&quot;&quot;,&quot;orientation&quot;:&quot;0&quot;}\" data-image-title=\"JKD\" data-image-description=\"\" data-image-caption=\"\" data-large-file=\"https:\/\/i0.wp.com\/historiografija.hr\/wp-content\/uploads\/2024\/11\/JKD.png?fit=860%2C365&amp;ssl=1\" src=\"https:\/\/i0.wp.com\/historiografija.hr\/wp-content\/uploads\/2024\/11\/JKD.png?resize=860%2C365&#038;ssl=1\" alt=\"\" class=\"wp-image-43293\" srcset=\"https:\/\/i0.wp.com\/historiografija.hr\/wp-content\/uploads\/2024\/11\/JKD.png?resize=1024%2C435&amp;ssl=1 1024w, https:\/\/i0.wp.com\/historiografija.hr\/wp-content\/uploads\/2024\/11\/JKD.png?resize=300%2C127&amp;ssl=1 300w, https:\/\/i0.wp.com\/historiografija.hr\/wp-content\/uploads\/2024\/11\/JKD.png?resize=768%2C326&amp;ssl=1 768w, https:\/\/i0.wp.com\/historiografija.hr\/wp-content\/uploads\/2024\/11\/JKD.png?w=1536&amp;ssl=1 1536w\" sizes=\"auto, (max-width: 860px) 100vw, 860px\" \/><\/figure>\n\n\n\n<hr class=\"wp-block-separator\"\/>\n\n\n\n<p>Izvor:<\/p>\n\n\n\n<figure class=\"wp-block-embed-wordpress wp-block-embed is-type-wp-embed is-provider-dvor-trakoscan\"><div class=\"wp-block-embed__wrapper\">\n<blockquote class=\"wp-embedded-content\" data-secret=\"2I5YyXMNun\"><a href=\"https:\/\/trakoscan.hr\/2024\/11\/06\/poziv-na-promociju-dvaju-kataloga-koji-donose-pregled-vojne-povijesti-i-zenidbenih-veza-obitelji-draskovic-na-interliberu\/\">POZIV NA PROMOCIJU DVAJU KATALOGA KOJI DONOSE PREGLED VOJNE POVIJESTI I \u017dENIDBENIH VEZA OBITELJI DRA\u0160KOVI\u0106 NA INTERLIBERU<\/a><\/blockquote><iframe loading=\"lazy\" class=\"wp-embedded-content\" sandbox=\"allow-scripts\" security=\"restricted\" style=\"position: absolute; clip: rect(1px, 1px, 1px, 1px);\" title=\"&#8220;POZIV NA PROMOCIJU DVAJU KATALOGA KOJI DONOSE PREGLED VOJNE POVIJESTI I \u017dENIDBENIH VEZA OBITELJI DRA\u0160KOVI\u0106 NA INTERLIBERU&#8221; &#8212; Dvor Trako\u0161\u0107an\" src=\"https:\/\/trakoscan.hr\/2024\/11\/06\/poziv-na-promociju-dvaju-kataloga-koji-donose-pregled-vojne-povijesti-i-zenidbenih-veza-obitelji-draskovic-na-interliberu\/embed\/#?secret=EwSwjzM8cB#?secret=2I5YyXMNun\" data-secret=\"2I5YyXMNun\" width=\"600\" height=\"338\" frameborder=\"0\" marginwidth=\"0\" marginheight=\"0\" scrolling=\"no\"><\/iframe>\n<\/div><\/figure>\n\n\n\n<hr class=\"wp-block-separator\"\/>\n","protected":false},"excerpt":{"rendered":"","protected":false},"author":2,"featured_media":43291,"comment_status":"open","ping_status":"open","sticky":false,"template":"","format":"standard","meta":{"_acf_changed":false,"jetpack_post_was_ever_published":false,"_jetpack_newsletter_access":"","_jetpack_dont_email_post_to_subs":false,"_jetpack_newsletter_tier_id":0,"_jetpack_memberships_contains_paywalled_content":false,"_jetpack_memberships_contains_paid_content":false,"footnotes":"","jetpack_publicize_message":"","jetpack_publicize_feature_enabled":true,"jetpack_social_post_already_shared":true,"jetpack_social_options":{"image_generator_settings":{"template":"highway","default_image_id":0,"font":"","enabled":false},"version":2}},"categories":[3],"tags":[],"class_list":["post-43290","post","type-post","status-publish","format-standard","has-post-thumbnail","hentry","category-novosti"],"acf":{"facebook_opis":""},"jetpack_publicize_connections":[],"jetpack_featured_media_url":"https:\/\/i0.wp.com\/historiografija.hr\/wp-content\/uploads\/2024\/11\/TTKZ-1.png?fit=1536%2C652&ssl=1","jetpack_sharing_enabled":true,"jetpack-related-posts":[],"_links":{"self":[{"href":"https:\/\/historiografija.hr\/index.php?rest_route=\/wp\/v2\/posts\/43290","targetHints":{"allow":["GET"]}}],"collection":[{"href":"https:\/\/historiografija.hr\/index.php?rest_route=\/wp\/v2\/posts"}],"about":[{"href":"https:\/\/historiografija.hr\/index.php?rest_route=\/wp\/v2\/types\/post"}],"author":[{"embeddable":true,"href":"https:\/\/historiografija.hr\/index.php?rest_route=\/wp\/v2\/users\/2"}],"replies":[{"embeddable":true,"href":"https:\/\/historiografija.hr\/index.php?rest_route=%2Fwp%2Fv2%2Fcomments&post=43290"}],"version-history":[{"count":3,"href":"https:\/\/historiografija.hr\/index.php?rest_route=\/wp\/v2\/posts\/43290\/revisions"}],"predecessor-version":[{"id":43295,"href":"https:\/\/historiografija.hr\/index.php?rest_route=\/wp\/v2\/posts\/43290\/revisions\/43295"}],"wp:featuredmedia":[{"embeddable":true,"href":"https:\/\/historiografija.hr\/index.php?rest_route=\/wp\/v2\/media\/43291"}],"wp:attachment":[{"href":"https:\/\/historiografija.hr\/index.php?rest_route=%2Fwp%2Fv2%2Fmedia&parent=43290"}],"wp:term":[{"taxonomy":"category","embeddable":true,"href":"https:\/\/historiografija.hr\/index.php?rest_route=%2Fwp%2Fv2%2Fcategories&post=43290"},{"taxonomy":"post_tag","embeddable":true,"href":"https:\/\/historiografija.hr\/index.php?rest_route=%2Fwp%2Fv2%2Ftags&post=43290"}],"curies":[{"name":"wp","href":"https:\/\/api.w.org\/{rel}","templated":true}]}}