{"id":43281,"date":"2024-11-13T11:46:31","date_gmt":"2024-11-13T11:46:31","guid":{"rendered":"http:\/\/historiografija.hr\/?p=43281"},"modified":"2024-11-13T11:49:43","modified_gmt":"2024-11-13T11:49:43","slug":"interliber-2024-predstavljanje-knjige-dragana-markovine-programirani-zaborav-podijeljeni-gradovi-i-nezeljena-sjecanja","status":"publish","type":"post","link":"https:\/\/historiografija.hr\/?p=43281","title":{"rendered":"Interliber 2024: Predstavljanje knjige Dragana Markovine &#8220;Programirani zaborav. Podijeljeni gradovi i ne\u017eeljena sje\u0107anja&#8221;"},"content":{"rendered":"\n<p>Zagreba\u010dki velesajam<\/p>\n\n\n\n<p>Paviljon 7<\/p>\n\n\n\n<p>16.11.2024. (subota)<\/p>\n\n\n\n<p>14.00-14.45 sati<\/p>\n\n\n\n<p><br>PREDSTAVLJANJE KNJIGE DRAGANA MARKOVINE: &#8220;PROGRAMIRANI ZABORAV&#8221;<br><br><\/p>\n\n\n\n<p>Biblioteka XX vek<\/p>\n\n\n\n<p>Uz autora knjigu \u0107e predstaviti Dubravka Stojanovi\u0107 i urednik Ivan \u010colovi\u0107<\/p>\n\n\n\n<p><br>Organizatori: Superknji\u017eara i Srpsko narodno vije\u0107e<br><br><br>Izvori:<\/p>\n\n\n\n<p><a href=\"https:\/\/www.zv.hr\/sajmovi-7\/interliber-2519\/program-dogadjanja-2717\/2717\">https:\/\/www.zv.hr\/sajmovi-7\/interliber-2519\/program-dogadjanja-2717\/2717<\/a><\/p>\n\n\n\n<p><a href=\"https:\/\/www.facebook.com\/profile.php?id=100057607563288\">https:\/\/www.facebook.com\/profile.php?id=100057607563288<\/a><\/p>\n\n\n\n<hr class=\"wp-block-separator\"\/>\n\n\n\n<p><br>Dragan Markovina<br>Programirani zaborav. Podijeljeni gradovi i ne\u017eeljena sje\u0107anja<br>Prvo izdanje: oktobar&nbsp; 2024<br>Strana: 160<br>Cena: 900 din<\/p>\n\n\n\n<p>Dragan Markovina (Mostar, 1981) je istori\u010dar, publicista i pisac. Od 2004. do 2014. godine radio je na Odsjeku za povijest Filozofskog fakulteta u Splitu, i u tom periodu stekao titulu doktora istorijskih nauka. Redovni je kolumnista portala Telegram, sarajevskog Oslobo\u0111enja, portala Pe\u0161\u010danik i portala Velike pri\u010de te autor emisije \u201eU kontru sa Draganom Markovinom\u201d na sarajevskom O kanalu. Utemeljitelj je ljetnje \u0161kole \u201eKor\u010dula after Party\u201d. Markovina je autor knjiga Izme\u0111u crvenog i crnog. Split i Mostar u kulturi sje\u0107anja (2014), Ti\u0161ina pora\u017eenog grada. Eseji, pri\u010de, kolumne (2015), Povijest pora\u017eenih (2015), Jugoslavenstvo poslije svega (2015), Doba kontrarevolucije (2017), Usamljena djeca juga (2018) Jugoslavija u Hrvatskoj (1918-2018): od euforije do tabua (2018), Libanon na Neretvi. Kultura sje\u0107anja, kultura zaborava (Mostar, 2019), Neum, Casablanka (Sarajevo, 2021), Povijest, politika, popularna kultura (2022), Partizani prohodu (2022) i 14 februar 1945. (2023). Za knjigu Izme\u0111u crvenog i crnog dobio je 2015. godine nagradu \u201eMirko Kova\u010d\u201d, a za jedan esej iz knjige Libanon na Neretvi 2019. godine nagradu \u201eZdravko Grebo\u201d.<\/p>\n\n\n\n<p><a href=\"http:\/\/www.bibliotekaxxvek.com\/wp-content\/uploads\/2024\/10\/Markovina_Zaborav_2024_predgovor.pdf\" target=\"_blank\" rel=\"noreferrer noopener\"><strong>Predgovor<\/strong><\/a> (pdf)<\/p>\n\n\n\n<p><a rel=\"noreferrer noopener\" href=\"http:\/\/www.bibliotekaxxvek.com\/wp-content\/uploads\/2024\/10\/Markovina_Zaborav_2024_sadrzaj.pdf\" target=\"_blank\"><strong>Sadr\u017eaj<\/strong><\/a> (pdf)<\/p>\n\n\n\n<hr class=\"wp-block-separator\"\/>\n\n\n\n<p>Izvor:<\/p>\n\n\n\n<figure class=\"wp-block-embed-wordpress wp-block-embed is-type-wp-embed is-provider-biblioteka-xx-vek\"><div class=\"wp-block-embed__wrapper\">\n<blockquote class=\"wp-embedded-content\" data-secret=\"nZ4Gv62OM6\"><a href=\"http:\/\/www.bibliotekaxxvek.com\/nova-knjiga-dragan-markovina-programirani-zaborav\/\">Nova knjiga: Dragan, Markovina \u2013 Programirani zaborav<\/a><\/blockquote><iframe loading=\"lazy\" class=\"wp-embedded-content\" sandbox=\"allow-scripts\" security=\"restricted\" style=\"position: absolute; clip: rect(1px, 1px, 1px, 1px);\" title=\"&#8220;Nova knjiga: Dragan, Markovina \u2013 Programirani zaborav&#8221; &#8212; Biblioteka XX vek\" src=\"http:\/\/www.bibliotekaxxvek.com\/nova-knjiga-dragan-markovina-programirani-zaborav\/embed\/#?secret=nZ4Gv62OM6\" data-secret=\"nZ4Gv62OM6\" width=\"600\" height=\"338\" frameborder=\"0\" marginwidth=\"0\" marginheight=\"0\" scrolling=\"no\"><\/iframe>\n<\/div><\/figure>\n\n\n\n<hr class=\"wp-block-separator\"\/>\n\n\n\n<figure class=\"wp-block-image size-large\"><img data-recalc-dims=\"1\" loading=\"lazy\" decoding=\"async\" width=\"860\" height=\"860\" data-attachment-id=\"43282\" data-permalink=\"https:\/\/historiografija.hr\/?attachment_id=43282\" data-orig-file=\"https:\/\/i0.wp.com\/historiografija.hr\/wp-content\/uploads\/2024\/11\/Interliber_Markovina.jpg?fit=1346%2C1347&amp;ssl=1\" data-orig-size=\"1346,1347\" data-comments-opened=\"1\" data-image-meta=\"{&quot;aperture&quot;:&quot;0&quot;,&quot;credit&quot;:&quot;&quot;,&quot;camera&quot;:&quot;&quot;,&quot;caption&quot;:&quot;&quot;,&quot;created_timestamp&quot;:&quot;0&quot;,&quot;copyright&quot;:&quot;&quot;,&quot;focal_length&quot;:&quot;0&quot;,&quot;iso&quot;:&quot;0&quot;,&quot;shutter_speed&quot;:&quot;0&quot;,&quot;title&quot;:&quot;&quot;,&quot;orientation&quot;:&quot;0&quot;}\" data-image-title=\"Interliber_Markovina\" data-image-description=\"\" data-image-caption=\"\" data-large-file=\"https:\/\/i0.wp.com\/historiografija.hr\/wp-content\/uploads\/2024\/11\/Interliber_Markovina.jpg?fit=860%2C860&amp;ssl=1\" src=\"https:\/\/i0.wp.com\/historiografija.hr\/wp-content\/uploads\/2024\/11\/Interliber_Markovina.jpg?resize=860%2C860&#038;ssl=1\" alt=\"\" class=\"wp-image-43282\" srcset=\"https:\/\/i0.wp.com\/historiografija.hr\/wp-content\/uploads\/2024\/11\/Interliber_Markovina.jpg?resize=1024%2C1024&amp;ssl=1 1024w, https:\/\/i0.wp.com\/historiografija.hr\/wp-content\/uploads\/2024\/11\/Interliber_Markovina.jpg?resize=300%2C300&amp;ssl=1 300w, https:\/\/i0.wp.com\/historiografija.hr\/wp-content\/uploads\/2024\/11\/Interliber_Markovina.jpg?resize=150%2C150&amp;ssl=1 150w, https:\/\/i0.wp.com\/historiografija.hr\/wp-content\/uploads\/2024\/11\/Interliber_Markovina.jpg?resize=768%2C769&amp;ssl=1 768w, https:\/\/i0.wp.com\/historiografija.hr\/wp-content\/uploads\/2024\/11\/Interliber_Markovina.jpg?resize=90%2C90&amp;ssl=1 90w, https:\/\/i0.wp.com\/historiografija.hr\/wp-content\/uploads\/2024\/11\/Interliber_Markovina.jpg?resize=75%2C75&amp;ssl=1 75w, https:\/\/i0.wp.com\/historiografija.hr\/wp-content\/uploads\/2024\/11\/Interliber_Markovina.jpg?w=1346&amp;ssl=1 1346w\" sizes=\"auto, (max-width: 860px) 100vw, 860px\" \/><\/figure>\n\n\n\n<hr class=\"wp-block-separator\"\/>\n","protected":false},"excerpt":{"rendered":"","protected":false},"author":2,"featured_media":43282,"comment_status":"open","ping_status":"open","sticky":false,"template":"","format":"standard","meta":{"_acf_changed":false,"jetpack_post_was_ever_published":false,"_jetpack_newsletter_access":"","_jetpack_dont_email_post_to_subs":false,"_jetpack_newsletter_tier_id":0,"_jetpack_memberships_contains_paywalled_content":false,"_jetpack_memberships_contains_paid_content":false,"footnotes":"","jetpack_publicize_message":"","jetpack_publicize_feature_enabled":true,"jetpack_social_post_already_shared":true,"jetpack_social_options":{"image_generator_settings":{"template":"highway","default_image_id":0,"font":"","enabled":false},"version":2}},"categories":[3],"tags":[],"class_list":["post-43281","post","type-post","status-publish","format-standard","has-post-thumbnail","hentry","category-novosti"],"acf":{"facebook_opis":""},"jetpack_publicize_connections":[],"jetpack_featured_media_url":"https:\/\/i0.wp.com\/historiografija.hr\/wp-content\/uploads\/2024\/11\/Interliber_Markovina.jpg?fit=1346%2C1347&ssl=1","jetpack_sharing_enabled":true,"jetpack-related-posts":[],"_links":{"self":[{"href":"https:\/\/historiografija.hr\/index.php?rest_route=\/wp\/v2\/posts\/43281","targetHints":{"allow":["GET"]}}],"collection":[{"href":"https:\/\/historiografija.hr\/index.php?rest_route=\/wp\/v2\/posts"}],"about":[{"href":"https:\/\/historiografija.hr\/index.php?rest_route=\/wp\/v2\/types\/post"}],"author":[{"embeddable":true,"href":"https:\/\/historiografija.hr\/index.php?rest_route=\/wp\/v2\/users\/2"}],"replies":[{"embeddable":true,"href":"https:\/\/historiografija.hr\/index.php?rest_route=%2Fwp%2Fv2%2Fcomments&post=43281"}],"version-history":[{"count":3,"href":"https:\/\/historiografija.hr\/index.php?rest_route=\/wp\/v2\/posts\/43281\/revisions"}],"predecessor-version":[{"id":43285,"href":"https:\/\/historiografija.hr\/index.php?rest_route=\/wp\/v2\/posts\/43281\/revisions\/43285"}],"wp:featuredmedia":[{"embeddable":true,"href":"https:\/\/historiografija.hr\/index.php?rest_route=\/wp\/v2\/media\/43282"}],"wp:attachment":[{"href":"https:\/\/historiografija.hr\/index.php?rest_route=%2Fwp%2Fv2%2Fmedia&parent=43281"}],"wp:term":[{"taxonomy":"category","embeddable":true,"href":"https:\/\/historiografija.hr\/index.php?rest_route=%2Fwp%2Fv2%2Fcategories&post=43281"},{"taxonomy":"post_tag","embeddable":true,"href":"https:\/\/historiografija.hr\/index.php?rest_route=%2Fwp%2Fv2%2Ftags&post=43281"}],"curies":[{"name":"wp","href":"https:\/\/api.w.org\/{rel}","templated":true}]}}