{"id":43278,"date":"2024-11-13T11:24:47","date_gmt":"2024-11-13T11:24:47","guid":{"rendered":"http:\/\/historiografija.hr\/?p=43278"},"modified":"2024-11-13T11:24:47","modified_gmt":"2024-11-13T11:24:47","slug":"interliber-2024-predstavljanje-knjige-davida-d-herszenhorna-disident-aleksej-navaljni-profil-politickog-zatvorenika","status":"publish","type":"post","link":"https:\/\/historiografija.hr\/?p=43278","title":{"rendered":"Interliber 2024: Predstavljanje knjige Davida D. Herszenhorna &#8220;Disident: Aleksej Navaljni &#8211; Profil politi\u010dkog zatvorenika&#8221;"},"content":{"rendered":"\n<p>Program doga\u0111anja<\/p>\n\n\n\n<p>14.11.2024. (\u010cetvrtak)<\/p>\n\n\n\n<p>PAVILJON 7<\/p>\n\n\n\n<p>19.00-19.30 sati<\/p>\n\n\n\n<p>PREDSTAVLJANJE KNJIGE &#8220;DISIDENT &#8211; ALEKSEJ NAVALJNI &#8211; PROFIL POLITI\u010cKOG ZATVORENIKA&#8221;<\/p>\n\n\n\n<p>Promotori: Bo\u017eo Kova\u010devi\u0107, Miro Kova\u010d&nbsp;&nbsp;&nbsp;<\/p>\n\n\n\n<p>Organizator: Stanek<\/p>\n\n\n\n<hr class=\"wp-block-separator\"\/>\n\n\n\n<p>Izvor:<\/p>\n\n\n\n<p><a href=\"https:\/\/www.zv.hr\/sajmovi-7\/interliber-2519\/program-dogadjanja-2717\/2717\">https:\/\/www.zv.hr\/sajmovi-7\/interliber-2519\/program-dogadjanja-2717\/2717<\/a><\/p>\n\n\n\n<hr class=\"wp-block-separator\"\/>\n\n\n\n<p>Ovo je pri\u010da o borbi Davida i Golijata na\u0161ega doba koja se vodi pred zapanjenim o\u010dima cijeloga svijeta. No ovoga puta dobro ne pobje\u0111uje \u2013 pobjedu odnose sile zla. Aleksej Navaljni bio je karizmati\u010dni vo\u0111a ruskog oporbenog pokreta, najglasniji Putinov kriti\u010dar. Bio je odvjetnik, politi\u010dar, bloger, pokreta\u010d masovnih protuvladinih prosvjednih skupova, neustra\u0161ivi borac protiv korupcije koji nikad ne odustaje \u2013 ni po cijenu svoje slobode i \u017eivota. Kandidirao se za gradona\u010delnika Moskve, bio Putinov protukandidat na predsjedni\u010dkim izborima \u2013 ali onemogu\u0107en la\u017eiranom optu\u017enicom. Bio je uho\u0111en, napadan, otrovan bojnim otrovom, la\u017eno optu\u017eivan, na montiranim procesima osu\u0111ivan na brojne dugotrajne zatvorske kazne, utamni\u010den \u2026 Umro je u arkti\u010dkoj zatvorskoj koloniji, jednoj od najsurovijih u Rusiji. U ovoj je knjizi prikazan Navaljnijev fascinantni politi\u010dki put, ali i njegova obitelj i korijeni: rusko i ukrajinsko podrijetlo, djetinjstvo kod bake i djeda u selu pokraj \u010cernobila, ljubav i partnerstvo sa suprugom Julijom, njihova djeca \u2026<\/p>\n\n\n\n<p>Prijevod: Maja Gotal<\/p>\n\n\n\n<hr class=\"wp-block-separator\"\/>\n\n\n\n<p>Izvor:<\/p>\n\n\n\n<p><a href=\"https:\/\/citajknjigu.com\/shop\/proizvodi\/disident-aleksej-navaljni-profil-politickog-zatvorenika-iskoristi-popust-pretprodaja-do-12-11-2024\">https:\/\/citajknjigu.com\/shop\/proizvodi\/disident-aleksej-navaljni-profil-politickog-zatvorenika-iskoristi-popust-pretprodaja-do-12-11-2024<\/a><\/p>\n\n\n\n<hr class=\"wp-block-separator\"\/>\n","protected":false},"excerpt":{"rendered":"","protected":false},"author":2,"featured_media":43279,"comment_status":"open","ping_status":"open","sticky":false,"template":"","format":"standard","meta":{"_acf_changed":false,"jetpack_post_was_ever_published":false,"_jetpack_newsletter_access":"","_jetpack_dont_email_post_to_subs":false,"_jetpack_newsletter_tier_id":0,"_jetpack_memberships_contains_paywalled_content":false,"_jetpack_memberships_contains_paid_content":false,"footnotes":"","jetpack_publicize_message":"","jetpack_publicize_feature_enabled":true,"jetpack_social_post_already_shared":true,"jetpack_social_options":{"image_generator_settings":{"template":"highway","default_image_id":0,"font":"","enabled":false},"version":2}},"categories":[3],"tags":[],"class_list":["post-43278","post","type-post","status-publish","format-standard","has-post-thumbnail","hentry","category-novosti"],"acf":{"facebook_opis":""},"jetpack_publicize_connections":[],"jetpack_featured_media_url":"https:\/\/i0.wp.com\/historiografija.hr\/wp-content\/uploads\/2024\/11\/herszenhorn_disident.png?fit=600%2C800&ssl=1","jetpack_sharing_enabled":true,"jetpack-related-posts":[],"_links":{"self":[{"href":"https:\/\/historiografija.hr\/index.php?rest_route=\/wp\/v2\/posts\/43278","targetHints":{"allow":["GET"]}}],"collection":[{"href":"https:\/\/historiografija.hr\/index.php?rest_route=\/wp\/v2\/posts"}],"about":[{"href":"https:\/\/historiografija.hr\/index.php?rest_route=\/wp\/v2\/types\/post"}],"author":[{"embeddable":true,"href":"https:\/\/historiografija.hr\/index.php?rest_route=\/wp\/v2\/users\/2"}],"replies":[{"embeddable":true,"href":"https:\/\/historiografija.hr\/index.php?rest_route=%2Fwp%2Fv2%2Fcomments&post=43278"}],"version-history":[{"count":1,"href":"https:\/\/historiografija.hr\/index.php?rest_route=\/wp\/v2\/posts\/43278\/revisions"}],"predecessor-version":[{"id":43280,"href":"https:\/\/historiografija.hr\/index.php?rest_route=\/wp\/v2\/posts\/43278\/revisions\/43280"}],"wp:featuredmedia":[{"embeddable":true,"href":"https:\/\/historiografija.hr\/index.php?rest_route=\/wp\/v2\/media\/43279"}],"wp:attachment":[{"href":"https:\/\/historiografija.hr\/index.php?rest_route=%2Fwp%2Fv2%2Fmedia&parent=43278"}],"wp:term":[{"taxonomy":"category","embeddable":true,"href":"https:\/\/historiografija.hr\/index.php?rest_route=%2Fwp%2Fv2%2Fcategories&post=43278"},{"taxonomy":"post_tag","embeddable":true,"href":"https:\/\/historiografija.hr\/index.php?rest_route=%2Fwp%2Fv2%2Ftags&post=43278"}],"curies":[{"name":"wp","href":"https:\/\/api.w.org\/{rel}","templated":true}]}}