{"id":43272,"date":"2024-11-13T11:08:01","date_gmt":"2024-11-13T11:08:01","guid":{"rendered":"http:\/\/historiografija.hr\/?p=43272"},"modified":"2024-11-13T11:08:01","modified_gmt":"2024-11-13T11:08:01","slug":"witold-gombrowicz-dnevnik-1953-1969","status":"publish","type":"post","link":"https:\/\/historiografija.hr\/?p=43272","title":{"rendered":"Witold Gombrowicz, \u201eDNEVNIK 1953-1969.\u201c"},"content":{"rendered":"\n<p>S poljskoga preveo Adrian Cvitanovi\u0107<\/p>\n\n\n\n<hr class=\"wp-block-separator\"\/>\n\n\n\n<p>Aktivan duh, prijemljiv i nametljiv u isto vrijeme, o\u0161trouman i dalekovidan, intelektualac i stvaralac, pisac i komentator svog djela, <strong>Gombrowicz<\/strong> s istan\u010danim osje\u0107ajem i avangardnom domi\u0161ljato\u0161\u0107u bilje\u017ei niz fragmenata: umjetni\u010dkih, esejisti\u010dkih, filozofskih, biografskih, memoarskih, niz stilskih eksperimenata i idejnih rasprava, u kojima se i s pomo\u0107u kojih opredjeljuje prema suvremenosti i pro\u0161losti, prema svijetu i prema Poljskoj, prema svom i tu\u0111em knji\u017eevnom stvarala\u0161tvu, prema osnovnim idejnim i filozofskim strujanjima svog vremena, prema politici i kulturi. (\u2026)<\/p>\n\n\n\n<p>Ovaj je <em>Dnevnik <\/em>pi\u0161\u010dev \u017eivotopis, ali to nije kao u njegovim romanima \u201cmitologizirana\u201d, nego je \u2013 \u201cdesakralizirana autobiografija\u201d. U <em>Dnevniku <\/em>Gombrowicz izravnije, javnije nego u svojim fabularnim tekstovima, razgoli\u0107uje sebe. (\u2026) U <em>Dnevniku <\/em>se skupa s danima u tjednu naizmjence ni\u017eu pi\u0161\u010deva raspolo\u017eenja u spektru koji ide od osje\u0107aja krajnje rezignacije i bespomo\u0107nosti do isto tako krajnjega ga\u0111enja. <em>Dnevnikom <\/em>Gombrowicz name\u0107e sebe svijetu, utvr\u0111uje, brani, produbljuje i pro\u0161iruje svoje mjesto u njemu.<\/p>\n\n\n\n<p>Za Gombrowicza, kod kojega nikad ni\u0161ta nije kona\u010dno i kategori\u010dno, forma je dnevnika \u201ckao naru\u010dena\u201d, i ne bi se suvi\u0161e pretjeralo tvrdnjom da bi Gombrowicz tu formu izmislio da je nije zatekao, da mu se knji\u017eevnopovijesno nije gotovo nametnula. Takav kakav jest \u2013 Gombrowiczev je <em>Dnevnik <\/em>djelo u kojem su se sretno na\u0161le na okupu valjda sve zna\u010dajke njegove knji\u017eevnosti, od odnosa prema rije\u010di do sposobnosti komponiranja u sebi zatvorenih cjelina, kao i \u010ditav idejni repertoar autorove \u201cprivatne\u201d filozofije. U <em>Dnevniku <\/em>se uz to zrcale i temeljne komponente Gombrowiczeve biografi je, njegova samo\u0107a i njegove intimne idejne krize.<\/p>\n\n\n\n<p>Po\u010dinju\u0107i pisati <em>Dnevnik<\/em>, Gombrowicz je polazio od uvjerenja da se \u201csrozava u publicistiku\u201d. S vremenom, kada je postao svjestan mno\u0161tva mogu\u0107nosti koje dnevnik kao knji\u017eevna vrsta pru\u017ea i kada je vlastitom praksom porekao svoje prvotno poimanje dnevnika kao ni\u017ee knji\u017eevne vrste, odlike mikrostilistike njegovih fabularnih djela sve su slobodnije po\u010dele dolaziti do glasa i u <em>Dnevniku<\/em>. (\u2026)<\/p>\n\n\n\n<p>Gombrowiczev je <em>Dnevnik <\/em>autotemati\u010dna drama kojoj bi pasao naslov \u2013 <em>Ja i svijet<\/em>. Kakav meni svijet jest i kakav ja jesam svijetu? \u2013 tog se protejskog pitanja Gomber s punom odlu\u010dno\u0161\u0107u dr\u017ei od prve do posljednje stranice <em>Dnevnika<\/em>.<\/p>\n\n\n\n<p>\/izvaci iz tekstova <strong>Zdravka Mali\u0107a<\/strong> o Gombrowiczu objavljeni na stra\u017enjim koricama knjige\/<\/p>\n\n\n\n<hr class=\"wp-block-separator\"\/>\n\n\n\n<p>Godina izdanja: 2024<\/p>\n\n\n\n<p>Broj stranica: 616<\/p>\n\n\n\n<hr class=\"wp-block-separator\"\/>\n\n\n\n<p>Pro\u010ditaj po\u010detak knjige:<\/p>\n\n\n\n<figure class=\"wp-block-embed-wordpress wp-block-embed is-type-wp-embed is-provider-disput\"><div class=\"wp-block-embed__wrapper\">\n<blockquote class=\"wp-embedded-content\" data-secret=\"sVkC6YZ7HF\"><a href=\"https:\/\/disput.hr\/shop\/dnevnik-1953-1969\/\">DNEVNIK 1953-1969.<\/a><\/blockquote><iframe loading=\"lazy\" class=\"wp-embedded-content\" sandbox=\"allow-scripts\" security=\"restricted\" style=\"position: absolute; clip: rect(1px, 1px, 1px, 1px);\" title=\"&#8220;DNEVNIK 1953-1969.&#8221; &#8212; Disput\" src=\"https:\/\/disput.hr\/shop\/dnevnik-1953-1969\/embed\/#?secret=Ze5o9PJjHT#?secret=sVkC6YZ7HF\" data-secret=\"sVkC6YZ7HF\" width=\"600\" height=\"338\" frameborder=\"0\" marginwidth=\"0\" marginheight=\"0\" scrolling=\"no\"><\/iframe>\n<\/div><\/figure>\n\n\n\n<hr class=\"wp-block-separator\"\/>\n","protected":false},"excerpt":{"rendered":"","protected":false},"author":2,"featured_media":43273,"comment_status":"open","ping_status":"open","sticky":false,"template":"","format":"standard","meta":{"_acf_changed":false,"jetpack_post_was_ever_published":false,"_jetpack_newsletter_access":"","_jetpack_dont_email_post_to_subs":false,"_jetpack_newsletter_tier_id":0,"_jetpack_memberships_contains_paywalled_content":false,"_jetpack_memberships_contains_paid_content":false,"footnotes":"","jetpack_publicize_message":"","jetpack_publicize_feature_enabled":true,"jetpack_social_post_already_shared":true,"jetpack_social_options":{"image_generator_settings":{"template":"highway","default_image_id":0,"font":"","enabled":false},"version":2}},"categories":[8,3,12],"tags":[],"class_list":["post-43272","post","type-post","status-publish","format-standard","has-post-thumbnail","hentry","category-knjige","category-novosti","category-knjizevnost"],"acf":{"facebook_opis":""},"jetpack_publicize_connections":[],"jetpack_featured_media_url":"https:\/\/i0.wp.com\/historiografija.hr\/wp-content\/uploads\/2024\/11\/Dnevnik.jpg?fit=1580%2C2560&ssl=1","jetpack_sharing_enabled":true,"jetpack-related-posts":[],"_links":{"self":[{"href":"https:\/\/historiografija.hr\/index.php?rest_route=\/wp\/v2\/posts\/43272","targetHints":{"allow":["GET"]}}],"collection":[{"href":"https:\/\/historiografija.hr\/index.php?rest_route=\/wp\/v2\/posts"}],"about":[{"href":"https:\/\/historiografija.hr\/index.php?rest_route=\/wp\/v2\/types\/post"}],"author":[{"embeddable":true,"href":"https:\/\/historiografija.hr\/index.php?rest_route=\/wp\/v2\/users\/2"}],"replies":[{"embeddable":true,"href":"https:\/\/historiografija.hr\/index.php?rest_route=%2Fwp%2Fv2%2Fcomments&post=43272"}],"version-history":[{"count":1,"href":"https:\/\/historiografija.hr\/index.php?rest_route=\/wp\/v2\/posts\/43272\/revisions"}],"predecessor-version":[{"id":43274,"href":"https:\/\/historiografija.hr\/index.php?rest_route=\/wp\/v2\/posts\/43272\/revisions\/43274"}],"wp:featuredmedia":[{"embeddable":true,"href":"https:\/\/historiografija.hr\/index.php?rest_route=\/wp\/v2\/media\/43273"}],"wp:attachment":[{"href":"https:\/\/historiografija.hr\/index.php?rest_route=%2Fwp%2Fv2%2Fmedia&parent=43272"}],"wp:term":[{"taxonomy":"category","embeddable":true,"href":"https:\/\/historiografija.hr\/index.php?rest_route=%2Fwp%2Fv2%2Fcategories&post=43272"},{"taxonomy":"post_tag","embeddable":true,"href":"https:\/\/historiografija.hr\/index.php?rest_route=%2Fwp%2Fv2%2Ftags&post=43272"}],"curies":[{"name":"wp","href":"https:\/\/api.w.org\/{rel}","templated":true}]}}