{"id":43265,"date":"2024-11-13T10:25:45","date_gmt":"2024-11-13T10:25:45","guid":{"rendered":"http:\/\/historiografija.hr\/?p=43265"},"modified":"2024-11-13T10:25:45","modified_gmt":"2024-11-13T10:25:45","slug":"alain-corbin-covjek-u-pejzazu","status":"publish","type":"post","link":"https:\/\/historiografija.hr\/?p=43265","title":{"rendered":"Alain Corbin, \u201e\u010covjek u pejza\u017eu\u201c"},"content":{"rendered":"\n<p>Radovi Alaina Corbina o njuhu (<em>Le Miasme et la jonquille<\/em>, 1986), zvukovima (<em>Les Cloches de la terre<\/em>, 1994) ili odnosu prema moru (<em>Le Territoire du vide<\/em>, 1990) nau\u010dili su nas sagledati percepciju svijeta u povijesnoj perspektivi. Svoje golemo znanje taj \u201epovjesni\u010dar osjetilnog\u201c prenosi nam kao pripovjeda\u010d i pjesnik. U knjizi razgovora sa Jeanom Lebrunom, novinarom <em>France Culture, <\/em>bavi se odnosom s pejza\u017eom koji je \u201ena\u010din do\u017eivljavanja i vrednovanja prostora\u201c svim osjetilima. No ono \u0161to nas okru\u017euje opa\u017eamo i kroz filtar kulture, s njezinim sklonostima, zazorima, strahovima i \u017eudnjama. U intervjuu Alain Corbin nam kroz geografiju, povijest, estetiku i filozofiju poja\u0161njava evoluciju predod\u017ebi od renesanse do na\u0161eg vremena. Pejza\u017ei koji o\u017eivljavaju pozadinu talijanskih i flamanskih slika, pregovaranje s prirodom koje predstavlja engleski vrt, prvi pogledi iz zraka zahvaljuju\u0107i balonima na vru\u0107i zrak, Humboldtove bilje\u017enice ili Turnerove magle \u2013 sve su na\u010dini \u201ekonstruiranja\u201c pejza\u017ea.<\/p>\n\n\n\n<hr class=\"wp-block-separator\"\/>\n\n\n\n<p>Izdava\u010d: agm<\/p>\n\n\n\n<p>Broj stranica: 144<\/p>\n\n\n\n<p>Godina izdanja: 2024<\/p>\n\n\n\n<hr class=\"wp-block-separator\"\/>\n\n\n\n<p>Izvor:<\/p>\n\n\n\n<p><a href=\"https:\/\/www.agm.hr\/hr\/shop\/covjek-u-pejzazu,1136.html\">https:\/\/www.agm.hr\/hr\/shop\/covjek-u-pejzazu,1136.html<\/a><\/p>\n\n\n\n<hr class=\"wp-block-separator\"\/>\n","protected":false},"excerpt":{"rendered":"","protected":false},"author":2,"featured_media":43266,"comment_status":"open","ping_status":"open","sticky":false,"template":"","format":"standard","meta":{"_acf_changed":false,"jetpack_post_was_ever_published":false,"_jetpack_newsletter_access":"","_jetpack_dont_email_post_to_subs":false,"_jetpack_newsletter_tier_id":0,"_jetpack_memberships_contains_paywalled_content":false,"_jetpack_memberships_contains_paid_content":false,"footnotes":"","jetpack_publicize_message":"","jetpack_publicize_feature_enabled":true,"jetpack_social_post_already_shared":true,"jetpack_social_options":{"image_generator_settings":{"template":"highway","default_image_id":0,"font":"","enabled":false},"version":2}},"categories":[8,3],"tags":[],"class_list":["post-43265","post","type-post","status-publish","format-standard","has-post-thumbnail","hentry","category-knjige","category-novosti"],"acf":{"facebook_opis":""},"jetpack_publicize_connections":[],"jetpack_featured_media_url":"https:\/\/i0.wp.com\/historiografija.hr\/wp-content\/uploads\/2024\/11\/%C4%8COVJEK-U-PEJZA%C5%BDU.jpg?fit=472%2C650&ssl=1","jetpack_sharing_enabled":true,"jetpack-related-posts":[],"_links":{"self":[{"href":"https:\/\/historiografija.hr\/index.php?rest_route=\/wp\/v2\/posts\/43265","targetHints":{"allow":["GET"]}}],"collection":[{"href":"https:\/\/historiografija.hr\/index.php?rest_route=\/wp\/v2\/posts"}],"about":[{"href":"https:\/\/historiografija.hr\/index.php?rest_route=\/wp\/v2\/types\/post"}],"author":[{"embeddable":true,"href":"https:\/\/historiografija.hr\/index.php?rest_route=\/wp\/v2\/users\/2"}],"replies":[{"embeddable":true,"href":"https:\/\/historiografija.hr\/index.php?rest_route=%2Fwp%2Fv2%2Fcomments&post=43265"}],"version-history":[{"count":1,"href":"https:\/\/historiografija.hr\/index.php?rest_route=\/wp\/v2\/posts\/43265\/revisions"}],"predecessor-version":[{"id":43267,"href":"https:\/\/historiografija.hr\/index.php?rest_route=\/wp\/v2\/posts\/43265\/revisions\/43267"}],"wp:featuredmedia":[{"embeddable":true,"href":"https:\/\/historiografija.hr\/index.php?rest_route=\/wp\/v2\/media\/43266"}],"wp:attachment":[{"href":"https:\/\/historiografija.hr\/index.php?rest_route=%2Fwp%2Fv2%2Fmedia&parent=43265"}],"wp:term":[{"taxonomy":"category","embeddable":true,"href":"https:\/\/historiografija.hr\/index.php?rest_route=%2Fwp%2Fv2%2Fcategories&post=43265"},{"taxonomy":"post_tag","embeddable":true,"href":"https:\/\/historiografija.hr\/index.php?rest_route=%2Fwp%2Fv2%2Ftags&post=43265"}],"curies":[{"name":"wp","href":"https:\/\/api.w.org\/{rel}","templated":true}]}}