{"id":43258,"date":"2024-11-13T10:02:27","date_gmt":"2024-11-13T10:02:27","guid":{"rendered":"http:\/\/historiografija.hr\/?p=43258"},"modified":"2024-11-13T10:02:27","modified_gmt":"2024-11-13T10:02:27","slug":"izlozba-ujedinjenje-siska","status":"publish","type":"post","link":"https:\/\/historiografija.hr\/?p=43258","title":{"rendered":"Izlo\u017eba \u201eUjedinjenje Siska\u201c"},"content":{"rendered":"\n<p>U \u010detvrtak 14. studenog u 18 sati u Gradskom muzeju Sisak odr\u017eat \u0107e se otvorenje izlo\u017ebe \u201eUjedinjenje Siska\u201c.<\/p>\n\n\n\n<p>Izlo\u017ebom se obilje\u017eava se 150 godina postojanja grada Siska. Naime, godine 1874. potpisan je nagodbeni ugovor izme\u0111u Civilnog (Starog) i Vojnog (Novog) Siska. Ovim ugovorom nastalo je jedinstveno gradsko sredi\u0161te \u2013 Sisak. Izabran je prvi gradona\u010delnik, doneseni brojni propisi o funkcioniranju objedinjenog naselja i zapo\u010deo brzi razvoj grada koji mu je dao konture koje i danas dominiraju. Do 1874. godine dva gradska naselja su se razvijala paralelno, svaki na jednoj obali Kupe i svaki prema posebnim zakonima i razli\u010ditom dinamikom, bez mogu\u0107nosti sna\u017enijeg povezivanja kao preduvjeta sna\u017enijeg i gospodarskog i dru\u0161tvenog razvitka.<\/p>\n\n\n\n<p>Postupak ujedinjavanja tekao je desetlje\u0107ima i bio obilje\u017een s nekoliko neuspjelih poku\u0161aja koji su dokaz potrebe i svijesti gra\u0111ana obadva Siska o potrebi stvaranja predispozicija za zajedni\u010dki razvitak koji bi mogao, kao \u0161to je budu\u0107nost pokazala, pozitivno utjecati na sve oblike urbanog i gospodarskog razvitka.<\/p>\n\n\n\n<p>Autorica izlo\u017ebe je Davorka Obradovi\u0107, vi\u0161a kustosica Gradskog muzeja Sisak.<\/p>\n\n\n\n<hr class=\"wp-block-separator\"\/>\n\n\n\n<p>Izvor:<\/p>\n\n\n\n<p><a href=\"https:\/\/mdc.hr\/\">https:\/\/mdc.hr\/<\/a><\/p>\n\n\n\n<hr class=\"wp-block-separator\"\/>\n","protected":false},"excerpt":{"rendered":"","protected":false},"author":2,"featured_media":43259,"comment_status":"open","ping_status":"open","sticky":false,"template":"","format":"standard","meta":{"_acf_changed":false,"jetpack_post_was_ever_published":false,"_jetpack_newsletter_access":"","_jetpack_dont_email_post_to_subs":false,"_jetpack_newsletter_tier_id":0,"_jetpack_memberships_contains_paywalled_content":false,"_jetpack_memberships_contains_paid_content":false,"footnotes":"","jetpack_publicize_message":"","jetpack_publicize_feature_enabled":true,"jetpack_social_post_already_shared":true,"jetpack_social_options":{"image_generator_settings":{"template":"highway","default_image_id":0,"font":"","enabled":false},"version":2}},"categories":[10,3],"tags":[],"class_list":["post-43258","post","type-post","status-publish","format-standard","has-post-thumbnail","hentry","category-izlozbe","category-novosti"],"acf":{"facebook_opis":""},"jetpack_publicize_connections":[],"jetpack_featured_media_url":"https:\/\/i0.wp.com\/historiografija.hr\/wp-content\/uploads\/2024\/11\/Ujedinjenje-Siska.jpg?fit=650%2C325&ssl=1","jetpack_sharing_enabled":true,"jetpack-related-posts":[],"_links":{"self":[{"href":"https:\/\/historiografija.hr\/index.php?rest_route=\/wp\/v2\/posts\/43258","targetHints":{"allow":["GET"]}}],"collection":[{"href":"https:\/\/historiografija.hr\/index.php?rest_route=\/wp\/v2\/posts"}],"about":[{"href":"https:\/\/historiografija.hr\/index.php?rest_route=\/wp\/v2\/types\/post"}],"author":[{"embeddable":true,"href":"https:\/\/historiografija.hr\/index.php?rest_route=\/wp\/v2\/users\/2"}],"replies":[{"embeddable":true,"href":"https:\/\/historiografija.hr\/index.php?rest_route=%2Fwp%2Fv2%2Fcomments&post=43258"}],"version-history":[{"count":1,"href":"https:\/\/historiografija.hr\/index.php?rest_route=\/wp\/v2\/posts\/43258\/revisions"}],"predecessor-version":[{"id":43260,"href":"https:\/\/historiografija.hr\/index.php?rest_route=\/wp\/v2\/posts\/43258\/revisions\/43260"}],"wp:featuredmedia":[{"embeddable":true,"href":"https:\/\/historiografija.hr\/index.php?rest_route=\/wp\/v2\/media\/43259"}],"wp:attachment":[{"href":"https:\/\/historiografija.hr\/index.php?rest_route=%2Fwp%2Fv2%2Fmedia&parent=43258"}],"wp:term":[{"taxonomy":"category","embeddable":true,"href":"https:\/\/historiografija.hr\/index.php?rest_route=%2Fwp%2Fv2%2Fcategories&post=43258"},{"taxonomy":"post_tag","embeddable":true,"href":"https:\/\/historiografija.hr\/index.php?rest_route=%2Fwp%2Fv2%2Ftags&post=43258"}],"curies":[{"name":"wp","href":"https:\/\/api.w.org\/{rel}","templated":true}]}}