{"id":43255,"date":"2024-11-13T09:58:26","date_gmt":"2024-11-13T09:58:26","guid":{"rendered":"http:\/\/historiografija.hr\/?p=43255"},"modified":"2024-11-13T09:58:26","modified_gmt":"2024-11-13T09:58:26","slug":"znanstveni-skup-pakostane-opcina-na-dodiru-jezera-i-mora","status":"publish","type":"post","link":"https:\/\/historiografija.hr\/?p=43255","title":{"rendered":"Znanstveni skup &#8220;Pako\u0161tane &#8211; op\u0107ina na dodiru jezera i mora&#8221;"},"content":{"rendered":"\n<p>Sveu\u010dili\u0161te u Zadru i Op\u0107ina Pako\u0161tane pozivaju Vas na Znanstveni skup&nbsp;<em>Pako\u0161tane &#8211; op\u0107ina na dodiru jezera i mora<\/em>, koji \u0107e se odr\u017eati 15. i 16. studenoga u Pako\u0161tanima. Otvorenje skupa \u0107e se odr\u017eati u Op\u0107inskoj vije\u0107nici (Pako\u0161tane, Kraljice Jelene 78) u petak 15. studenoga 2024. s po\u010detkom u 9 sati.<\/p>\n\n\n\n<p>Radujemo se Va\u0161em dolasku!<\/p>\n\n\n\n<p><a href=\"https:\/\/www.unizd.hr\/Portals\/0\/Pakostane_Plakat%2033x66%20tisak.pdf\" target=\"_blank\" rel=\"noreferrer noopener\">Plakat<\/a><\/p>\n\n\n\n<p><a href=\"https:\/\/www.unizd.hr\/Portals\/0\/Pakostane_Program.pdf\" target=\"_blank\" rel=\"noreferrer noopener\">Program<\/a><\/p>\n\n\n\n<p><a rel=\"noreferrer noopener\" href=\"https:\/\/www.unizd.hr\/Portals\/0\/Pakostane_Knjiga%20sazetaka.pdf\" target=\"_blank\">Knji\u017eica sa\u017eetaka<\/a><\/p>\n\n\n\n<hr class=\"wp-block-separator\"\/>\n\n\n\n<p>Izvor:<\/p>\n\n\n\n<p><a href=\"https:\/\/www.unizd.hr\/obavijesti\/view\/znanstveni-skup-pakostane-opcina-na-dodiru-jezera-i-mora\">https:\/\/www.unizd.hr\/obavijesti\/view\/znanstveni-skup-pakostane-opcina-na-dodiru-jezera-i-mora<\/a><\/p>\n\n\n\n<hr class=\"wp-block-separator\"\/>\n","protected":false},"excerpt":{"rendered":"","protected":false},"author":2,"featured_media":43256,"comment_status":"open","ping_status":"open","sticky":false,"template":"","format":"standard","meta":{"_acf_changed":false,"jetpack_post_was_ever_published":false,"_jetpack_newsletter_access":"","_jetpack_dont_email_post_to_subs":false,"_jetpack_newsletter_tier_id":0,"_jetpack_memberships_contains_paywalled_content":false,"_jetpack_memberships_contains_paid_content":false,"footnotes":"","jetpack_publicize_message":"","jetpack_publicize_feature_enabled":true,"jetpack_social_post_already_shared":true,"jetpack_social_options":{"image_generator_settings":{"template":"highway","default_image_id":0,"font":"","enabled":false},"version":2}},"categories":[3,9],"tags":[],"class_list":["post-43255","post","type-post","status-publish","format-standard","has-post-thumbnail","hentry","category-novosti","category-skupovi"],"acf":{"facebook_opis":""},"jetpack_publicize_connections":[],"jetpack_featured_media_url":"https:\/\/i0.wp.com\/historiografija.hr\/wp-content\/uploads\/2024\/11\/pako%C5%A1tane.png?fit=600%2C301&ssl=1","jetpack_sharing_enabled":true,"jetpack-related-posts":[],"_links":{"self":[{"href":"https:\/\/historiografija.hr\/index.php?rest_route=\/wp\/v2\/posts\/43255","targetHints":{"allow":["GET"]}}],"collection":[{"href":"https:\/\/historiografija.hr\/index.php?rest_route=\/wp\/v2\/posts"}],"about":[{"href":"https:\/\/historiografija.hr\/index.php?rest_route=\/wp\/v2\/types\/post"}],"author":[{"embeddable":true,"href":"https:\/\/historiografija.hr\/index.php?rest_route=\/wp\/v2\/users\/2"}],"replies":[{"embeddable":true,"href":"https:\/\/historiografija.hr\/index.php?rest_route=%2Fwp%2Fv2%2Fcomments&post=43255"}],"version-history":[{"count":1,"href":"https:\/\/historiografija.hr\/index.php?rest_route=\/wp\/v2\/posts\/43255\/revisions"}],"predecessor-version":[{"id":43257,"href":"https:\/\/historiografija.hr\/index.php?rest_route=\/wp\/v2\/posts\/43255\/revisions\/43257"}],"wp:featuredmedia":[{"embeddable":true,"href":"https:\/\/historiografija.hr\/index.php?rest_route=\/wp\/v2\/media\/43256"}],"wp:attachment":[{"href":"https:\/\/historiografija.hr\/index.php?rest_route=%2Fwp%2Fv2%2Fmedia&parent=43255"}],"wp:term":[{"taxonomy":"category","embeddable":true,"href":"https:\/\/historiografija.hr\/index.php?rest_route=%2Fwp%2Fv2%2Fcategories&post=43255"},{"taxonomy":"post_tag","embeddable":true,"href":"https:\/\/historiografija.hr\/index.php?rest_route=%2Fwp%2Fv2%2Ftags&post=43255"}],"curies":[{"name":"wp","href":"https:\/\/api.w.org\/{rel}","templated":true}]}}