{"id":43224,"date":"2024-11-12T15:27:06","date_gmt":"2024-11-12T15:27:06","guid":{"rendered":"http:\/\/historiografija.hr\/?p=43224"},"modified":"2024-11-12T15:27:06","modified_gmt":"2024-11-12T15:27:06","slug":"interliber-2024-predstavljanje-knjige-i-sveucilisnog-udzbenika-ivana-andrijanica-indija-povijest-i-kultura","status":"publish","type":"post","link":"https:\/\/historiografija.hr\/?p=43224","title":{"rendered":"Interliber 2024: Predstavljanje knjige i sveu\u010dili\u0161nog ud\u017ebenika Ivana Andrijani\u0107a \u201eIndija: povijest i kultura\u201c"},"content":{"rendered":"\n<p>Knjigu \u0107e na izlo\u017ebenome prostoru \u0160kolske knjige na Interliberu, u paviljonu 5, u \u010detvrtak 14. studenoga u 12 sati predstaviti akademik Mislav Je\u017ei\u0107, izv. prof. dr. sc. Tomislav Galovi\u0107, Veleposlanik Indije u Hrvatskoj Nj.E. Arun Goel i urednica Miroslava Vu\u010di\u0107.<\/p>\n\n\n\n<hr class=\"wp-block-separator\"\/>\n\n\n\n<p>Opis knjige:<\/p>\n\n\n\n<p><a href=\"https:\/\/shop.skolskaknjiga.hr\/indija-povijest-i-kultura.html\">https:\/\/shop.skolskaknjiga.hr\/indija-povijest-i-kultura.html<\/a><\/p>\n\n\n\n<hr class=\"wp-block-separator\"\/>\n\n\n\n<p>Izvor i dodatne obavijesti:<\/p>\n\n\n\n<figure class=\"wp-block-embed-wordpress wp-block-embed is-type-wp-embed is-provider-katedra-za-indologiju\"><div class=\"wp-block-embed__wrapper\">\n<blockquote class=\"wp-embedded-content\" data-secret=\"3bOKUDWB1G\"><a href=\"https:\/\/indolog.ffzg.unizg.hr\/?p=3004\">Poziv na predstavljanje knjige Indija: povijest i kultura<\/a><\/blockquote><iframe loading=\"lazy\" class=\"wp-embedded-content\" sandbox=\"allow-scripts\" security=\"restricted\" style=\"position: absolute; clip: rect(1px, 1px, 1px, 1px);\" title=\"&#8220;Poziv na predstavljanje knjige Indija: povijest i kultura&#8221; &#8212; Katedra za indologiju\" src=\"https:\/\/indolog.ffzg.unizg.hr\/?p=3004&#038;embed=true#?secret=3bOKUDWB1G\" data-secret=\"3bOKUDWB1G\" width=\"600\" height=\"338\" frameborder=\"0\" marginwidth=\"0\" marginheight=\"0\" scrolling=\"no\"><\/iframe>\n<\/div><\/figure>\n\n\n\n<hr class=\"wp-block-separator\"\/>\n","protected":false},"excerpt":{"rendered":"","protected":false},"author":2,"featured_media":43225,"comment_status":"open","ping_status":"open","sticky":false,"template":"","format":"standard","meta":{"_acf_changed":false,"jetpack_post_was_ever_published":false,"_jetpack_newsletter_access":"","_jetpack_dont_email_post_to_subs":false,"_jetpack_newsletter_tier_id":0,"_jetpack_memberships_contains_paywalled_content":false,"_jetpack_memberships_contains_paid_content":false,"footnotes":"","jetpack_publicize_message":"","jetpack_publicize_feature_enabled":true,"jetpack_social_post_already_shared":true,"jetpack_social_options":{"image_generator_settings":{"template":"highway","default_image_id":0,"font":"","enabled":false},"version":2}},"categories":[3],"tags":[],"class_list":["post-43224","post","type-post","status-publish","format-standard","has-post-thumbnail","hentry","category-novosti"],"acf":{"facebook_opis":""},"jetpack_publicize_connections":[],"jetpack_featured_media_url":"https:\/\/i0.wp.com\/historiografija.hr\/wp-content\/uploads\/2024\/11\/Pozivnica_Indija-povijest-i-kultura.jpg?fit=1440%2C1536&ssl=1","jetpack_sharing_enabled":true,"jetpack-related-posts":[],"_links":{"self":[{"href":"https:\/\/historiografija.hr\/index.php?rest_route=\/wp\/v2\/posts\/43224","targetHints":{"allow":["GET"]}}],"collection":[{"href":"https:\/\/historiografija.hr\/index.php?rest_route=\/wp\/v2\/posts"}],"about":[{"href":"https:\/\/historiografija.hr\/index.php?rest_route=\/wp\/v2\/types\/post"}],"author":[{"embeddable":true,"href":"https:\/\/historiografija.hr\/index.php?rest_route=\/wp\/v2\/users\/2"}],"replies":[{"embeddable":true,"href":"https:\/\/historiografija.hr\/index.php?rest_route=%2Fwp%2Fv2%2Fcomments&post=43224"}],"version-history":[{"count":1,"href":"https:\/\/historiografija.hr\/index.php?rest_route=\/wp\/v2\/posts\/43224\/revisions"}],"predecessor-version":[{"id":43226,"href":"https:\/\/historiografija.hr\/index.php?rest_route=\/wp\/v2\/posts\/43224\/revisions\/43226"}],"wp:featuredmedia":[{"embeddable":true,"href":"https:\/\/historiografija.hr\/index.php?rest_route=\/wp\/v2\/media\/43225"}],"wp:attachment":[{"href":"https:\/\/historiografija.hr\/index.php?rest_route=%2Fwp%2Fv2%2Fmedia&parent=43224"}],"wp:term":[{"taxonomy":"category","embeddable":true,"href":"https:\/\/historiografija.hr\/index.php?rest_route=%2Fwp%2Fv2%2Fcategories&post=43224"},{"taxonomy":"post_tag","embeddable":true,"href":"https:\/\/historiografija.hr\/index.php?rest_route=%2Fwp%2Fv2%2Ftags&post=43224"}],"curies":[{"name":"wp","href":"https:\/\/api.w.org\/{rel}","templated":true}]}}