{"id":43215,"date":"2024-11-11T22:25:18","date_gmt":"2024-11-11T22:25:18","guid":{"rendered":"http:\/\/historiografija.hr\/?p=43215"},"modified":"2024-11-11T22:25:18","modified_gmt":"2024-11-11T22:25:18","slug":"interliber-2024-predstavljanje-izdanja-hrvatskog-drzavnog-arhiva","status":"publish","type":"post","link":"https:\/\/historiografija.hr\/?p=43215","title":{"rendered":"Interliber 2024: Predstavljanje izdanja Hrvatskog dr\u017eavnog arhiva"},"content":{"rendered":"\n<p>Kao i svih prethodnih godina Hrvatski dr\u017eavni arhiv i ove godine sudjeluje u predstavljanju novih izdanja iz 2024. godine.<\/p>\n\n\n\n<p><strong>Predstavljanje \u0107e se odr\u017eati u srijedu, 13. studenoga, s po\u010detkom u 14 sati (paviljon 5).<\/strong><\/p>\n\n\n\n<p><strong>Budu\u0107i da mnogi od na\u0161ih kolega na razne na\u010dine sudjeluju u prezentaciji izdanja, ne\u0107emo biti u mogu\u0107nosti prodavati izdanja na Maruli\u0107evu trgu 21.<\/strong><\/p>\n\n\n\n<p><strong>Zahvaljujemo na razumijevanju i radujemo se susretu s vama!&nbsp;<\/strong><\/p>\n\n\n\n<p>&#8220;Onaj tko ne voli \u010ditati, nije prona\u0161ao pravu knjigu za sebe.&#8221; \u2013 <strong>J. K. Rowling<\/strong><\/p>\n\n\n\n<hr class=\"wp-block-separator\"\/>\n\n\n\n<p>Izvori:<\/p>\n\n\n\n<p><a href=\"http:\/\/www.arhiv.hr\/hr-hr\/Kulturno-prosvjetne-aktivnosti\/ArticleId\/1836\/oamid\/1633\">http:\/\/www.arhiv.hr\/hr-hr\/Kulturno-prosvjetne-aktivnosti\/ArticleId\/1836\/oamid\/1633<\/a><\/p>\n\n\n\n<p><a href=\"https:\/\/www.zv.hr\/sajmovi-7\/interliber-2519\/program-dogadjanja-2717\/2717\">https:\/\/www.zv.hr\/sajmovi-7\/interliber-2519\/program-dogadjanja-2717\/2717<\/a><\/p>\n\n\n\n<hr class=\"wp-block-separator\"\/>\n","protected":false},"excerpt":{"rendered":"","protected":false},"author":2,"featured_media":43216,"comment_status":"open","ping_status":"open","sticky":false,"template":"","format":"standard","meta":{"_acf_changed":false,"jetpack_post_was_ever_published":false,"_jetpack_newsletter_access":"","_jetpack_dont_email_post_to_subs":false,"_jetpack_newsletter_tier_id":0,"_jetpack_memberships_contains_paywalled_content":false,"_jetpack_memberships_contains_paid_content":false,"footnotes":"","jetpack_publicize_message":"","jetpack_publicize_feature_enabled":true,"jetpack_social_post_already_shared":true,"jetpack_social_options":{"image_generator_settings":{"template":"highway","default_image_id":0,"font":"","enabled":false},"version":2}},"categories":[3],"tags":[],"class_list":["post-43215","post","type-post","status-publish","format-standard","has-post-thumbnail","hentry","category-novosti"],"acf":{"facebook_opis":""},"jetpack_publicize_connections":[],"jetpack_featured_media_url":"https:\/\/i0.wp.com\/historiografija.hr\/wp-content\/uploads\/2024\/11\/Interliber_HDA.jpg?fit=1200%2C597&ssl=1","jetpack_sharing_enabled":true,"jetpack-related-posts":[],"_links":{"self":[{"href":"https:\/\/historiografija.hr\/index.php?rest_route=\/wp\/v2\/posts\/43215","targetHints":{"allow":["GET"]}}],"collection":[{"href":"https:\/\/historiografija.hr\/index.php?rest_route=\/wp\/v2\/posts"}],"about":[{"href":"https:\/\/historiografija.hr\/index.php?rest_route=\/wp\/v2\/types\/post"}],"author":[{"embeddable":true,"href":"https:\/\/historiografija.hr\/index.php?rest_route=\/wp\/v2\/users\/2"}],"replies":[{"embeddable":true,"href":"https:\/\/historiografija.hr\/index.php?rest_route=%2Fwp%2Fv2%2Fcomments&post=43215"}],"version-history":[{"count":1,"href":"https:\/\/historiografija.hr\/index.php?rest_route=\/wp\/v2\/posts\/43215\/revisions"}],"predecessor-version":[{"id":43217,"href":"https:\/\/historiografija.hr\/index.php?rest_route=\/wp\/v2\/posts\/43215\/revisions\/43217"}],"wp:featuredmedia":[{"embeddable":true,"href":"https:\/\/historiografija.hr\/index.php?rest_route=\/wp\/v2\/media\/43216"}],"wp:attachment":[{"href":"https:\/\/historiografija.hr\/index.php?rest_route=%2Fwp%2Fv2%2Fmedia&parent=43215"}],"wp:term":[{"taxonomy":"category","embeddable":true,"href":"https:\/\/historiografija.hr\/index.php?rest_route=%2Fwp%2Fv2%2Fcategories&post=43215"},{"taxonomy":"post_tag","embeddable":true,"href":"https:\/\/historiografija.hr\/index.php?rest_route=%2Fwp%2Fv2%2Ftags&post=43215"}],"curies":[{"name":"wp","href":"https:\/\/api.w.org\/{rel}","templated":true}]}}