{"id":43213,"date":"2024-11-11T22:15:44","date_gmt":"2024-11-11T22:15:44","guid":{"rendered":"http:\/\/historiografija.hr\/?p=43213"},"modified":"2024-11-11T22:15:44","modified_gmt":"2024-11-11T22:15:44","slug":"predstavljanje-filma-sinovi-zapadne-slavonije-mihaela-puljica-i-dine-mataza","status":"publish","type":"post","link":"https:\/\/historiografija.hr\/?p=43213","title":{"rendered":"Predstavljanje filma \u201eSinovi zapadne Slavonije\u201c Mihaela Pulji\u0107a i Dine Mataza"},"content":{"rendered":"\n<p>U \u010detvrtak 14. studenog u 18 sati odr\u017eat \u0107e se predstavljanje i prikazivanje dokumentarnog filma \u201eSinovi zapadne Slavonije\u201c u dvorani \u201eBla\u017eeni Alojzije kardinal Stepinac\u201c. Film govori o operaciji Papuk &#8217;91 i njezinim sudionicima. Potpisuju ga Dino Mataz i alumni studija povijesti Hrvatskog katoli\u010dkog sveu\u010dili\u0161ta Mihael Pulji\u0107. Pored kronolo\u0161kog pregleda tijeka jedne od prvih uspje\u0161nih oslobodila\u010dkih operacija, u filmu su zabilje\u017eena svjedo\u010danstva vojnika i \u010dasni\u010dkog kadra 127., 136. i 2. bojne 132. brigade Hrvatske vojske koji su doprinijeli osloba\u0111anju zapadne Slavonije koncem 1991. godine., a glas historiografije utjelovili su znanstvenici Hrvatskog memorijalnog dokumentacijskog centra Domovinskog rata. Prikazivanju filma prethodit \u0107e kratko uvodno predavanje prof. dr. sc. Ivice Mi\u0161kulina o povijesnim okolnostima koje su dovele do operacije <em>Papuk \u201991<\/em>.<\/p>\n\n\n\n<hr class=\"wp-block-separator\"\/>\n\n\n\n<p>Izvor:<\/p>\n\n\n\n<p><a href=\"https:\/\/www.unicath.hr\/event\/predstavljanje-filma-sinovi-zapadne-slavonije-mihaela-puljica-i-dine-mataza\">https:\/\/www.unicath.hr\/event\/predstavljanje-filma-sinovi-zapadne-slavonije-mihaela-puljica-i-dine-mataza<\/a><\/p>\n\n\n\n<hr class=\"wp-block-separator\"\/>\n","protected":false},"excerpt":{"rendered":"","protected":false},"author":2,"featured_media":27303,"comment_status":"open","ping_status":"open","sticky":false,"template":"","format":"standard","meta":{"_acf_changed":false,"jetpack_post_was_ever_published":false,"_jetpack_newsletter_access":"","_jetpack_dont_email_post_to_subs":false,"_jetpack_newsletter_tier_id":0,"_jetpack_memberships_contains_paywalled_content":false,"_jetpack_memberships_contains_paid_content":false,"footnotes":"","jetpack_publicize_message":"","jetpack_publicize_feature_enabled":true,"jetpack_social_post_already_shared":true,"jetpack_social_options":{"image_generator_settings":{"template":"highway","default_image_id":0,"font":"","enabled":false},"version":2}},"categories":[13,3],"tags":[],"class_list":["post-43213","post","type-post","status-publish","format-standard","has-post-thumbnail","hentry","category-filmovi-i-serije","category-novosti"],"acf":{"facebook_opis":""},"jetpack_publicize_connections":[],"jetpack_featured_media_url":"https:\/\/i0.wp.com\/historiografija.hr\/wp-content\/uploads\/2021\/09\/logo-hks-jpg.jpg?fit=457%2C572&ssl=1","jetpack_sharing_enabled":true,"jetpack-related-posts":[],"_links":{"self":[{"href":"https:\/\/historiografija.hr\/index.php?rest_route=\/wp\/v2\/posts\/43213","targetHints":{"allow":["GET"]}}],"collection":[{"href":"https:\/\/historiografija.hr\/index.php?rest_route=\/wp\/v2\/posts"}],"about":[{"href":"https:\/\/historiografija.hr\/index.php?rest_route=\/wp\/v2\/types\/post"}],"author":[{"embeddable":true,"href":"https:\/\/historiografija.hr\/index.php?rest_route=\/wp\/v2\/users\/2"}],"replies":[{"embeddable":true,"href":"https:\/\/historiografija.hr\/index.php?rest_route=%2Fwp%2Fv2%2Fcomments&post=43213"}],"version-history":[{"count":1,"href":"https:\/\/historiografija.hr\/index.php?rest_route=\/wp\/v2\/posts\/43213\/revisions"}],"predecessor-version":[{"id":43214,"href":"https:\/\/historiografija.hr\/index.php?rest_route=\/wp\/v2\/posts\/43213\/revisions\/43214"}],"wp:featuredmedia":[{"embeddable":true,"href":"https:\/\/historiografija.hr\/index.php?rest_route=\/wp\/v2\/media\/27303"}],"wp:attachment":[{"href":"https:\/\/historiografija.hr\/index.php?rest_route=%2Fwp%2Fv2%2Fmedia&parent=43213"}],"wp:term":[{"taxonomy":"category","embeddable":true,"href":"https:\/\/historiografija.hr\/index.php?rest_route=%2Fwp%2Fv2%2Fcategories&post=43213"},{"taxonomy":"post_tag","embeddable":true,"href":"https:\/\/historiografija.hr\/index.php?rest_route=%2Fwp%2Fv2%2Ftags&post=43213"}],"curies":[{"name":"wp","href":"https:\/\/api.w.org\/{rel}","templated":true}]}}