{"id":43203,"date":"2024-11-11T21:32:20","date_gmt":"2024-11-11T21:32:20","guid":{"rendered":"http:\/\/historiografija.hr\/?p=43203"},"modified":"2024-11-25T11:30:40","modified_gmt":"2024-11-25T11:30:40","slug":"predstavljanje-knjige-zdenka-radelica-sjecanja-prilozi-za-povijest-i-historiografiju-1954-2024","status":"publish","type":"post","link":"https:\/\/historiografija.hr\/?p=43203","title":{"rendered":"Predstavljanje knjige Zdenka Radeli\u0107a \u201eSje\u0107anja. Prilozi za povijest i historiografiju (1954. \u2013 2024.)\u201c"},"content":{"rendered":"\n<p>Utorak, 12. studenoga 2024. u 12:00 sati, Matica hrvatska, Ulica Matice hrvatske 2, Strossmayerov trg 4, Zagreb<\/p>\n\n\n\n<hr class=\"wp-block-separator\"\/>\n\n\n\n<p>O knjizi \u0107e govoriti Mario Jareb, Vladimir Geiger i Zdenko Radeli\u0107, a ulomke iz djela \u010ditati Goran Gali\u0107.<\/p>\n\n\n\n<hr class=\"wp-block-separator\"\/>\n\n\n\n<figure class=\"wp-block-image size-large\"><img data-recalc-dims=\"1\" loading=\"lazy\" decoding=\"async\" width=\"680\" height=\"962\" data-attachment-id=\"43204\" data-permalink=\"https:\/\/historiografija.hr\/?attachment_id=43204\" data-orig-file=\"https:\/\/i0.wp.com\/historiografija.hr\/wp-content\/uploads\/2024\/11\/a4_z_radelic_large.jpg?fit=680%2C962&amp;ssl=1\" data-orig-size=\"680,962\" data-comments-opened=\"1\" data-image-meta=\"{&quot;aperture&quot;:&quot;0&quot;,&quot;credit&quot;:&quot;&quot;,&quot;camera&quot;:&quot;&quot;,&quot;caption&quot;:&quot;&quot;,&quot;created_timestamp&quot;:&quot;0&quot;,&quot;copyright&quot;:&quot;&quot;,&quot;focal_length&quot;:&quot;0&quot;,&quot;iso&quot;:&quot;0&quot;,&quot;shutter_speed&quot;:&quot;0&quot;,&quot;title&quot;:&quot;&quot;,&quot;orientation&quot;:&quot;0&quot;}\" data-image-title=\"a4_z_radelic_large\" data-image-description=\"\" data-image-caption=\"\" data-large-file=\"https:\/\/i0.wp.com\/historiografija.hr\/wp-content\/uploads\/2024\/11\/a4_z_radelic_large.jpg?fit=680%2C962&amp;ssl=1\" src=\"https:\/\/i0.wp.com\/historiografija.hr\/wp-content\/uploads\/2024\/11\/a4_z_radelic_large.jpg?resize=680%2C962&#038;ssl=1\" alt=\"\" class=\"wp-image-43204\" srcset=\"https:\/\/i0.wp.com\/historiografija.hr\/wp-content\/uploads\/2024\/11\/a4_z_radelic_large.jpg?w=680&amp;ssl=1 680w, https:\/\/i0.wp.com\/historiografija.hr\/wp-content\/uploads\/2024\/11\/a4_z_radelic_large.jpg?resize=212%2C300&amp;ssl=1 212w\" sizes=\"auto, (max-width: 680px) 100vw, 680px\" \/><\/figure>\n\n\n\n<hr class=\"wp-block-separator\"\/>\n\n\n\n<p>Izvor:<\/p>\n\n\n\n<p><a href=\"https:\/\/www.matica.hr\/zbivanja\/predstavljanje-knjige-sjecanja-prilozi-za-povijest-i-histroriografiju-4509\/\">https:\/\/www.matica.hr\/zbivanja\/predstavljanje-knjige-sjecanja-prilozi-za-povijest-i-histroriografiju-4509\/<\/a><\/p>\n\n\n\n<hr class=\"wp-block-separator\"\/>\n\n\n\n<p>Iz medija:<\/p>\n\n\n\n<p><a href=\"https:\/\/www.vecernji.hr\/vijesti\/jugonostalgija-je-zapravo-staracka-nostalgija-proslost-se-idealizira-jer-je-nepromjenljiva-i-sigurna-dok-je-sadasnjost-neizvjesna-i-nesigurna-1816669\">https:\/\/www.vecernji.hr\/vijesti\/jugonostalgija-je-zapravo-staracka-nostalgija-proslost-se-idealizira-jer-je-nepromjenljiva-i-sigurna-dok-je-sadasnjost-neizvjesna-i-nesigurna-1816669<\/a><\/p>\n\n\n\n<hr class=\"wp-block-separator\"\/>\n","protected":false},"excerpt":{"rendered":"","protected":false},"author":2,"featured_media":43204,"comment_status":"open","ping_status":"open","sticky":false,"template":"","format":"standard","meta":{"_acf_changed":false,"jetpack_post_was_ever_published":false,"_jetpack_newsletter_access":"","_jetpack_dont_email_post_to_subs":false,"_jetpack_newsletter_tier_id":0,"_jetpack_memberships_contains_paywalled_content":false,"_jetpack_memberships_contains_paid_content":false,"footnotes":"","jetpack_publicize_message":"","jetpack_publicize_feature_enabled":true,"jetpack_social_post_already_shared":true,"jetpack_social_options":{"image_generator_settings":{"template":"highway","default_image_id":0,"font":"","enabled":false},"version":2}},"categories":[3],"tags":[],"class_list":["post-43203","post","type-post","status-publish","format-standard","has-post-thumbnail","hentry","category-novosti"],"acf":{"facebook_opis":""},"jetpack_publicize_connections":[],"jetpack_featured_media_url":"https:\/\/i0.wp.com\/historiografija.hr\/wp-content\/uploads\/2024\/11\/a4_z_radelic_large.jpg?fit=680%2C962&ssl=1","jetpack_sharing_enabled":true,"jetpack-related-posts":[],"_links":{"self":[{"href":"https:\/\/historiografija.hr\/index.php?rest_route=\/wp\/v2\/posts\/43203","targetHints":{"allow":["GET"]}}],"collection":[{"href":"https:\/\/historiografija.hr\/index.php?rest_route=\/wp\/v2\/posts"}],"about":[{"href":"https:\/\/historiografija.hr\/index.php?rest_route=\/wp\/v2\/types\/post"}],"author":[{"embeddable":true,"href":"https:\/\/historiografija.hr\/index.php?rest_route=\/wp\/v2\/users\/2"}],"replies":[{"embeddable":true,"href":"https:\/\/historiografija.hr\/index.php?rest_route=%2Fwp%2Fv2%2Fcomments&post=43203"}],"version-history":[{"count":3,"href":"https:\/\/historiografija.hr\/index.php?rest_route=\/wp\/v2\/posts\/43203\/revisions"}],"predecessor-version":[{"id":43553,"href":"https:\/\/historiografija.hr\/index.php?rest_route=\/wp\/v2\/posts\/43203\/revisions\/43553"}],"wp:featuredmedia":[{"embeddable":true,"href":"https:\/\/historiografija.hr\/index.php?rest_route=\/wp\/v2\/media\/43204"}],"wp:attachment":[{"href":"https:\/\/historiografija.hr\/index.php?rest_route=%2Fwp%2Fv2%2Fmedia&parent=43203"}],"wp:term":[{"taxonomy":"category","embeddable":true,"href":"https:\/\/historiografija.hr\/index.php?rest_route=%2Fwp%2Fv2%2Fcategories&post=43203"},{"taxonomy":"post_tag","embeddable":true,"href":"https:\/\/historiografija.hr\/index.php?rest_route=%2Fwp%2Fv2%2Ftags&post=43203"}],"curies":[{"name":"wp","href":"https:\/\/api.w.org\/{rel}","templated":true}]}}