{"id":43199,"date":"2024-11-11T21:24:41","date_gmt":"2024-11-11T21:24:41","guid":{"rendered":"http:\/\/historiografija.hr\/?p=43199"},"modified":"2024-11-11T21:25:15","modified_gmt":"2024-11-11T21:25:15","slug":"promocije-monografije-kresimirac","status":"publish","type":"post","link":"https:\/\/historiografija.hr\/?p=43199","title":{"rendered":"Promocije monografije \u201cKre\u0161imirac\u201d"},"content":{"rendered":"\n<p>Monografija&nbsp;<em>Kre\u0161imirac<\/em>, autora <strong>Dine Igreca<\/strong> i <strong>Sonje Lebo\u0161<\/strong>, posve\u0107ena je jednom od najva\u017enijih zagreba\u010dkih urbanih prostora, Trgu kralja Petra Kre\u0161imira IV., popularno zvanom Kre\u0161imirac. Ovaj trg, jedan od najzelenijih i najve\u0107ih u gradu, prepoznat je i kao perivoj, a knjiga o njemu pru\u017ea sveobuhvatan uvid u njegov povijesni, dru\u0161tveni i urbanisti\u010dki zna\u010daj. Promocija knjige bit \u0107e obilje\u017eena nizom doga\u0111anja u Zagrebu.<\/p>\n\n\n\n<p>Prva promocija odr\u017eat \u0107e se u utorak, <strong>5. studenog<\/strong>, u 18 sati u Knji\u017enici Bogdana Ogrizovi\u0107a. Uz autore, Dinu Igreca i Sonju Lebo\u0161, o knjizi \u0107e govoriti i nekada\u0161nje stanovnice okolice Kre\u0161imirova trga, <strong>Mirjana Gaura<\/strong> i <strong>Zdenka Robi\u0107<\/strong>.<\/p>\n\n\n\n<p>Drugi doga\u0111aj zakazan je za subotu, <strong>9. studenog<\/strong> u 12 sati, kada \u0107e autorica i urednica knjige Sonja Lebo\u0161 voditi \u0161etnju Kre\u0161imircem, koja po\u010dinje ispred Radni\u010dkog doma \u201c\u0110uro Salaj\u201d (Knji\u017enica Bo\u017eidara Ad\u017eije). Ovaj peripateti\u010dki format omogu\u0107it \u0107e posjetiteljima da kroz \u0161etnju izravno do\u017eive prostore i povijesne slojeve trga.<\/p>\n\n\n\n<p>Zavr\u0161na promocija odr\u017eava se u utorak, <strong>12. studenog<\/strong> u 18 sati u dvorani Saveza samostalnih sindikata Hrvatske, na petom katu Radni\u010dkog doma \u201c\u0110uro Salaj\u201d. Uz autore, govorit \u0107e <strong>Petra \u0160arin<\/strong>, asistentica urednice, te <strong>Tamara Bja\u017ei\u0107 Klarin<\/strong>, jedna od recenzentica.<\/p>\n\n\n\n<p>Knjiga, koja je nastala u okviru rada Udruge za interdisciplinarna i interkulturalna istra\u017eivanja (UIII), strukturirana je u dva dijela. Prvi dio posve\u0107en je urbanisti\u010dkoj genezi trga, dok se drugi bavi dru\u0161tvenim odnosima i institucijama koje ga oblikuju. Velik dio istra\u017eivanja temelji se na arhivskim dokumentima iz institucija poput Arhiva knji\u017enice Bo\u017eidara Ad\u017eije, Dr\u017eavnog arhiva u Zagrebu, Muzeja grada Zagreba i Muzeja suvremene umjetnosti, kao i na svjedo\u010danstvima stanovnika.<\/p>\n\n\n\n<p>Recenzentica <strong>Reana Senjkovi\u0107<\/strong> isti\u010de knjigu kao \u201crezultat podrobnih arhivskih i kulturno-antropolo\u0161kih istra\u017eivanja\u201d koja doprinosi razumijevanju trga, urbanisti\u010dkih promjena i njegova kori\u0161tenja u razli\u010ditim dru\u0161tveno-politi\u010dkim kontekstima.<\/p>\n\n\n\n<p>Autori knjige, Dino Igrec i Sonja Lebo\u0161, dugogodi\u0161nji su istra\u017eiva\u010di urbanizma grada Zagreba. Igrec, povjesni\u010dar umjetnosti i djelatnik Hrvatskoga dr\u017eavnog arhiva, zanima se za urbanisti\u010dke teme s fokusom na arhitekturu i urbanizam, dok Lebo\u0161, kulturna antropologinja i osniva\u010dica Udruge za interdisciplinarna i interkulturalna istra\u017eivanja, istra\u017euje kulturne i vizualne aspekte urbanog prostora. Njihov rad uklju\u010duje istra\u017eivanja povijesnih promjena, arhitekture te kulturno-antropolo\u0161kih fenomena u Zagrebu, pri \u010demu Lebo\u0161 svoj fokus usmjerava na narativni urbanizam, vizualne umjetnosti, teorije i prakse performativnosti te film.<\/p>\n\n\n\n<hr class=\"wp-block-separator\"\/>\n\n\n\n<p>Izvori i dodatne obavijesti:<\/p>\n\n\n\n<p><a href=\"https:\/\/kulturpunkt.hr\/najava\/predstavljanje\/promocije-monografije-kresimirac\/\">https:\/\/kulturpunkt.hr\/najava\/predstavljanje\/promocije-monografije-kresimirac\/<\/a><\/p>\n\n\n\n<figure class=\"wp-block-embed-wordpress wp-block-embed is-type-wp-embed is-provider-h-alter\"><div class=\"wp-block-embed__wrapper\">\n<blockquote class=\"wp-embedded-content\" data-secret=\"ooeBc5kYcj\"><a href=\"https:\/\/h-alter.org\/sto-nas-ceka\/promocije-monografije-kresimirac\/\">Promocije monografije \u201dKre\u0161imirac\u201d<\/a><\/blockquote><iframe loading=\"lazy\" class=\"wp-embedded-content\" sandbox=\"allow-scripts\" security=\"restricted\" style=\"position: absolute; clip: rect(1px, 1px, 1px, 1px);\" title=\"&#8220;Promocije monografije \u201dKre\u0161imirac\u201d&#8221; &#8212; H-Alter\" src=\"https:\/\/h-alter.org\/sto-nas-ceka\/promocije-monografije-kresimirac\/embed\/#?secret=bZMSHFzqAd#?secret=ooeBc5kYcj\" data-secret=\"ooeBc5kYcj\" width=\"600\" height=\"338\" frameborder=\"0\" marginwidth=\"0\" marginheight=\"0\" scrolling=\"no\"><\/iframe>\n<\/div><\/figure>\n\n\n\n<p><a href=\"https:\/\/vizkultura.hr\/monografija-o-najzelenijem-zagrebackom-trgu\/\">https:\/\/vizkultura.hr\/monografija-o-najzelenijem-zagrebackom-trgu\/<\/a><\/p>\n\n\n\n<p><a href=\"https:\/\/www.uiii.hr\/exhibitions\/promocija-monografije-kresimirac2\">https:\/\/www.uiii.hr\/exhibitions\/promocija-monografije-kresimirac2<\/a><\/p>\n\n\n\n<figure class=\"wp-block-embed-wordpress wp-block-embed is-type-wp-embed is-provider-upi-2-m-books-knjizara-dobrih-ideja\"><div class=\"wp-block-embed__wrapper\">\n<blockquote class=\"wp-embedded-content\" data-secret=\"GZxyZ1aMi1\"><a href=\"https:\/\/www.upi2mbooks.hr\/en\/trgovina\/arhitektura\/povijest-i-teorija\/kresimirac\/\">Kre\u0161imirac<\/a><\/blockquote><iframe loading=\"lazy\" class=\"wp-embedded-content\" sandbox=\"allow-scripts\" security=\"restricted\" style=\"position: absolute; clip: rect(1px, 1px, 1px, 1px);\" title=\"&#8220;Kre\u0161imirac&#8221; &#8212; UPI2M BOOKS knji\u017eara dobrih ideja\" src=\"https:\/\/www.upi2mbooks.hr\/en\/trgovina\/arhitektura\/povijest-i-teorija\/kresimirac\/embed\/#?secret=I6IM6nGwr1#?secret=GZxyZ1aMi1\" data-secret=\"GZxyZ1aMi1\" width=\"600\" height=\"338\" frameborder=\"0\" marginwidth=\"0\" marginheight=\"0\" scrolling=\"no\"><\/iframe>\n<\/div><\/figure>\n\n\n\n<p><a href=\"https:\/\/www.jutarnji.hr\/kultura\/knjizevnost\/pogledajte-sto-su-napravili-s-prvim-uredenim-djecjim-igralistem-u-hrvatskoj-steta-a-tek-bazen-na-omiljenom-trgu-15514021\">https:\/\/www.jutarnji.hr\/kultura\/knjizevnost\/pogledajte-sto-su-napravili-s-prvim-uredenim-djecjim-igralistem-u-hrvatskoj-steta-a-tek-bazen-na-omiljenom-trgu-15514021<\/a><\/p>\n\n\n\n<p><a href=\"https:\/\/www.telegram.hr\/kultura\/ovako-su-nekada-izgledali-nasi-parkovi-prvi-donosimo-nikad-videne-fotografije-cudesnog-zagrebackog-trga\/\">https:\/\/www.telegram.hr\/kultura\/ovako-su-nekada-izgledali-nasi-parkovi-prvi-donosimo-nikad-videne-fotografije-cudesnog-zagrebackog-trga\/<\/a><\/p>\n\n\n\n<hr class=\"wp-block-separator\"\/>\n","protected":false},"excerpt":{"rendered":"","protected":false},"author":2,"featured_media":43200,"comment_status":"open","ping_status":"open","sticky":false,"template":"","format":"standard","meta":{"_acf_changed":false,"jetpack_post_was_ever_published":false,"_jetpack_newsletter_access":"","_jetpack_dont_email_post_to_subs":false,"_jetpack_newsletter_tier_id":0,"_jetpack_memberships_contains_paywalled_content":false,"_jetpack_memberships_contains_paid_content":false,"footnotes":"","jetpack_publicize_message":"","jetpack_publicize_feature_enabled":true,"jetpack_social_post_already_shared":true,"jetpack_social_options":{"image_generator_settings":{"template":"highway","default_image_id":0,"font":"","enabled":false},"version":2}},"categories":[3],"tags":[],"class_list":["post-43199","post","type-post","status-publish","format-standard","has-post-thumbnail","hentry","category-novosti"],"acf":{"facebook_opis":""},"jetpack_publicize_connections":[],"jetpack_featured_media_url":"https:\/\/i0.wp.com\/historiografija.hr\/wp-content\/uploads\/2024\/11\/Kresimirac_Foto_Mario_Kri%C5%A1tofi%C4%87.jpg?fit=1417%2C945&ssl=1","jetpack_sharing_enabled":true,"jetpack-related-posts":[],"_links":{"self":[{"href":"https:\/\/historiografija.hr\/index.php?rest_route=\/wp\/v2\/posts\/43199","targetHints":{"allow":["GET"]}}],"collection":[{"href":"https:\/\/historiografija.hr\/index.php?rest_route=\/wp\/v2\/posts"}],"about":[{"href":"https:\/\/historiografija.hr\/index.php?rest_route=\/wp\/v2\/types\/post"}],"author":[{"embeddable":true,"href":"https:\/\/historiografija.hr\/index.php?rest_route=\/wp\/v2\/users\/2"}],"replies":[{"embeddable":true,"href":"https:\/\/historiografija.hr\/index.php?rest_route=%2Fwp%2Fv2%2Fcomments&post=43199"}],"version-history":[{"count":2,"href":"https:\/\/historiografija.hr\/index.php?rest_route=\/wp\/v2\/posts\/43199\/revisions"}],"predecessor-version":[{"id":43202,"href":"https:\/\/historiografija.hr\/index.php?rest_route=\/wp\/v2\/posts\/43199\/revisions\/43202"}],"wp:featuredmedia":[{"embeddable":true,"href":"https:\/\/historiografija.hr\/index.php?rest_route=\/wp\/v2\/media\/43200"}],"wp:attachment":[{"href":"https:\/\/historiografija.hr\/index.php?rest_route=%2Fwp%2Fv2%2Fmedia&parent=43199"}],"wp:term":[{"taxonomy":"category","embeddable":true,"href":"https:\/\/historiografija.hr\/index.php?rest_route=%2Fwp%2Fv2%2Fcategories&post=43199"},{"taxonomy":"post_tag","embeddable":true,"href":"https:\/\/historiografija.hr\/index.php?rest_route=%2Fwp%2Fv2%2Ftags&post=43199"}],"curies":[{"name":"wp","href":"https:\/\/api.w.org\/{rel}","templated":true}]}}