{"id":43196,"date":"2024-11-11T21:15:33","date_gmt":"2024-11-11T21:15:33","guid":{"rendered":"http:\/\/historiografija.hr\/?p=43196"},"modified":"2024-11-11T21:15:33","modified_gmt":"2024-11-11T21:15:33","slug":"predstavljanje-znanstvene-monografije-zbornika-radova-drago-ibler-arhitektura-kao-ideja-zivota","status":"publish","type":"post","link":"https:\/\/historiografija.hr\/?p=43196","title":{"rendered":"Predstavljanje znanstvene monografije \/ zbornika radova \u201eDrago Ibler. Arhitektura kao ideja \u017eivota\u201c"},"content":{"rendered":"\n<p>Povodom obilje\u017eavanja 130 godina od ro\u0111enja i 60 godina od smrti arhitekta Drage Iblera (1894. \u2013 1964.), Hrvatski muzej arhitekture Hrvatske akademije znanosti i umjetnosti organizira predstavljanje znanstvene monografije\/zbornika radova <em>Drago Ibler. Arhitektura kao ideja \u017eivota \u2013 Architecture as an Idea for Life, u srijedu<\/em> 13. studenoga 2024. s po\u010detkom u 12 sati, u dvorani Knji\u017enice HAZU, Strossmayerov trg 14, Zagreb. Nakon uvodne rije\u010di predsjednika HAZU <strong>akademika Velimira Neidhardta<\/strong> monografiju \u0107e predstaviti i<strong>zv. prof. dr. sc. Borka Bobovec<\/strong>, upraviteljica Hrvatskog muzeja arhitekture HAZU, urednica monografije, <strong>dr. sc. Iva Ceraj<\/strong>, vi\u0161a kustosica Hrvatskog muzeja arhitekture HAZU, izvr\u0161na urednica monografije te <strong>akademik Andrija Mutnjakovi\u0107<\/strong>, voditelj Hrvatskog muzeja arhitekture HAZU.<\/p>\n\n\n\n<p>Monografija se temelji na radovima s me\u0111unarodnog znanstvenog skupa odr\u017eanog 9. prosinca 2021. godine u Zagrebu, u povodu stote obljetnice od po\u010detka djelovanja arhitekta Drage Iblera te je oboga\u0107ena s prilozima iz fundusa Hrvatskog muzeja arhitekture HAZU \u2013 Osobnog arhivskog fonda Drage Iblera.<\/p>\n\n\n\n<p>Nadovezuju\u0107i se na upori\u0161na istra\u017eivanja i vo\u0111eni Iblerovom mi\u0161lju o arhitekturi kao ideji \u017eivota, me\u0111unarodni istra\u017eiva\u010di iz Zagreba, Beograda, Budimpe\u0161te, Essena, Ljubljane, Mostara i \u017deneve ponovno su razmotrili Iblerove stvarala\u010dke, pedago\u0161ke i strukovne pozicije. Doprinos je to revalorizaciji Iblerova antologijskog opusa kojim je trajno obilje\u017eio panoramu hrvatske moderne arhitekture.<\/p>\n\n\n\n<hr class=\"wp-block-separator\"\/>\n\n\n\n<p>Izvor:<\/p>\n\n\n\n<figure class=\"wp-block-embed-wordpress wp-block-embed is-type-wp-embed is-provider-hazu\"><div class=\"wp-block-embed__wrapper\">\n<blockquote class=\"wp-embedded-content\" data-secret=\"aDAY42Xkdo\"><a href=\"https:\/\/www.info.hazu.hr\/events\/predstavljanje-znanstvene-monografije-zbornika-radova-drago-ibler-arhitektura-kao-ideja-zivota\/\">Predstavljanje znanstvene monografije\/zbornika radova Drago Ibler. Arhitektura kao ideja \u017eivota<\/a><\/blockquote><iframe loading=\"lazy\" class=\"wp-embedded-content\" sandbox=\"allow-scripts\" security=\"restricted\" style=\"position: absolute; clip: rect(1px, 1px, 1px, 1px);\" title=\"&#8220;Predstavljanje znanstvene monografije\/zbornika radova Drago Ibler. Arhitektura kao ideja \u017eivota&#8221; &#8212; HAZU\" src=\"https:\/\/www.info.hazu.hr\/events\/predstavljanje-znanstvene-monografije-zbornika-radova-drago-ibler-arhitektura-kao-ideja-zivota\/embed\/#?secret=aDAY42Xkdo\" data-secret=\"aDAY42Xkdo\" width=\"600\" height=\"338\" frameborder=\"0\" marginwidth=\"0\" marginheight=\"0\" scrolling=\"no\"><\/iframe>\n<\/div><\/figure>\n\n\n\n<hr class=\"wp-block-separator\"\/>\n","protected":false},"excerpt":{"rendered":"","protected":false},"author":2,"featured_media":43197,"comment_status":"open","ping_status":"open","sticky":false,"template":"","format":"standard","meta":{"_acf_changed":false,"jetpack_post_was_ever_published":false,"_jetpack_newsletter_access":"","_jetpack_dont_email_post_to_subs":false,"_jetpack_newsletter_tier_id":0,"_jetpack_memberships_contains_paywalled_content":false,"_jetpack_memberships_contains_paid_content":false,"footnotes":"","jetpack_publicize_message":"","jetpack_publicize_feature_enabled":true,"jetpack_social_post_already_shared":true,"jetpack_social_options":{"image_generator_settings":{"template":"highway","default_image_id":0,"font":"","enabled":false},"version":2}},"categories":[3],"tags":[],"class_list":["post-43196","post","type-post","status-publish","format-standard","has-post-thumbnail","hentry","category-novosti"],"acf":{"facebook_opis":""},"jetpack_publicize_connections":[],"jetpack_featured_media_url":"https:\/\/i0.wp.com\/historiografija.hr\/wp-content\/uploads\/2024\/11\/knjiga-Ibler2024.jpg?fit=772%2C936&ssl=1","jetpack_sharing_enabled":true,"jetpack-related-posts":[],"_links":{"self":[{"href":"https:\/\/historiografija.hr\/index.php?rest_route=\/wp\/v2\/posts\/43196","targetHints":{"allow":["GET"]}}],"collection":[{"href":"https:\/\/historiografija.hr\/index.php?rest_route=\/wp\/v2\/posts"}],"about":[{"href":"https:\/\/historiografija.hr\/index.php?rest_route=\/wp\/v2\/types\/post"}],"author":[{"embeddable":true,"href":"https:\/\/historiografija.hr\/index.php?rest_route=\/wp\/v2\/users\/2"}],"replies":[{"embeddable":true,"href":"https:\/\/historiografija.hr\/index.php?rest_route=%2Fwp%2Fv2%2Fcomments&post=43196"}],"version-history":[{"count":1,"href":"https:\/\/historiografija.hr\/index.php?rest_route=\/wp\/v2\/posts\/43196\/revisions"}],"predecessor-version":[{"id":43198,"href":"https:\/\/historiografija.hr\/index.php?rest_route=\/wp\/v2\/posts\/43196\/revisions\/43198"}],"wp:featuredmedia":[{"embeddable":true,"href":"https:\/\/historiografija.hr\/index.php?rest_route=\/wp\/v2\/media\/43197"}],"wp:attachment":[{"href":"https:\/\/historiografija.hr\/index.php?rest_route=%2Fwp%2Fv2%2Fmedia&parent=43196"}],"wp:term":[{"taxonomy":"category","embeddable":true,"href":"https:\/\/historiografija.hr\/index.php?rest_route=%2Fwp%2Fv2%2Fcategories&post=43196"},{"taxonomy":"post_tag","embeddable":true,"href":"https:\/\/historiografija.hr\/index.php?rest_route=%2Fwp%2Fv2%2Ftags&post=43196"}],"curies":[{"name":"wp","href":"https:\/\/api.w.org\/{rel}","templated":true}]}}