{"id":43183,"date":"2024-11-08T21:53:40","date_gmt":"2024-11-08T21:53:40","guid":{"rendered":"http:\/\/historiografija.hr\/?p=43183"},"modified":"2024-11-09T21:32:51","modified_gmt":"2024-11-09T21:32:51","slug":"thomas-meyer-hannah-arendt-biografija","status":"publish","type":"post","link":"https:\/\/historiografija.hr\/?p=43183","title":{"rendered":"Thomas Meyer, \u201eHannah Arendt. Biografija\u201c"},"content":{"rendered":"\n<p>Meyerova biografija Hanne Arendt baca novo svjetlo na fascinaciju i kritiku koje su njezina li\u010dnost i njezina djela izazivali tijekom njezina \u017eivota, a i nakon smrti, obja\u0161njavaju\u0107i fenomen zvan \u201eHannah Arendt&#8221; i onima koji je \u017eele upoznati i onima koji o njoj i njezinu opusu ve\u0107 znaju mnogo. Autorov pristup bitno se razlikuje od dosada\u0161njih istra\u017eivanja: on u knjizi koristi nepoznate arhivske materijale i druge dosad zanemarene dokumente kako bi Hannu Arendt prikazao u njezinu vremenu.<\/p>\n\n\n\n<p>Biografija se usredoto\u010duje na dva razdoblja njezina \u017eivota: na godine provedene u Parizu nakon bijega iz nacisti\u010dke Njema\u010dke i na godine u Sjedinjenim Ameri\u010dkim Dr\u017eavama \u2013 gdje ostaje do kraja \u017eivota \u2013 sve do objavljivanja Izvora totalitarizma 1951. \u2013 epohalnog djela koje se bavi nastankom antisemitizma i imperijalizma te analizom mehanizama totalitarnih re\u017eima, poput nacizma u Njema\u010dkoj i staljinizma u Sovjetskom Savezu. Meyerov pristup donosi druk\u010diji pogled na Arendtino revolucionarno mi\u0161ljenje. Ova je biografija ishodi\u0161na to\u010dka za nu\u017eno novo vrednovanje Arendtina \u017eivota i djela.<\/p>\n\n\n\n<hr class=\"wp-block-separator\"\/>\n\n\n\n<p>Autor:<\/p>\n\n\n\n<p>Thomas Meyer (ro\u0111en 1966.) je profesor filozofije na Sveu\u010dili\u0161tu Ludwig-Maximilian u M\u00fcnchenu.<\/p>\n\n\n\n<hr class=\"wp-block-separator\"\/>\n\n\n\n<p>Nakladnik: Naklada Ljevak<\/p>\n\n\n\n<p>Broj stranica: 496<\/p>\n\n\n\n<p>Godina izdanja: 2024.<\/p>\n\n\n\n<p>Prevoditelj: Andy Jel\u010di\u0107<\/p>\n\n\n\n<hr class=\"wp-block-separator\"\/>\n\n\n\n<p>Izvor:<\/p>\n\n\n\n<p><a href=\"https:\/\/www.ljevak.hr\/thomas-meyer\/33702-hannah-arendt.html\">https:\/\/www.ljevak.hr\/thomas-meyer\/33702-hannah-arendt.html<\/a><\/p>\n\n\n\n<hr class=\"wp-block-separator\"\/>\n\n\n\n<p>Obavijest je objavljena i na portalu <strong>Historiografija.ba<\/strong>:<\/p>\n\n\n\n<p><a href=\"https:\/\/historiografija.ba\/knjige\/jugoistocna-evropa\/biografija-hanne-arendt\">https:\/\/historiografija.ba\/knjige\/jugoistocna-evropa\/biografija-hanne-arendt<\/a><\/p>\n\n\n\n<hr class=\"wp-block-separator\"\/>\n","protected":false},"excerpt":{"rendered":"","protected":false},"author":2,"featured_media":43184,"comment_status":"open","ping_status":"open","sticky":false,"template":"","format":"standard","meta":{"_acf_changed":false,"jetpack_post_was_ever_published":false,"_jetpack_newsletter_access":"","_jetpack_dont_email_post_to_subs":false,"_jetpack_newsletter_tier_id":0,"_jetpack_memberships_contains_paywalled_content":false,"_jetpack_memberships_contains_paid_content":false,"footnotes":"","jetpack_publicize_message":"","jetpack_publicize_feature_enabled":true,"jetpack_social_post_already_shared":true,"jetpack_social_options":{"image_generator_settings":{"template":"highway","default_image_id":0,"font":"","enabled":false},"version":2}},"categories":[8,3],"tags":[],"class_list":["post-43183","post","type-post","status-publish","format-standard","has-post-thumbnail","hentry","category-knjige","category-novosti"],"acf":{"facebook_opis":""},"jetpack_publicize_connections":[],"jetpack_featured_media_url":"https:\/\/i0.wp.com\/historiografija.hr\/wp-content\/uploads\/2024\/11\/hannah-arendt.jpg?fit=570%2C678&ssl=1","jetpack_sharing_enabled":true,"jetpack-related-posts":[],"_links":{"self":[{"href":"https:\/\/historiografija.hr\/index.php?rest_route=\/wp\/v2\/posts\/43183","targetHints":{"allow":["GET"]}}],"collection":[{"href":"https:\/\/historiografija.hr\/index.php?rest_route=\/wp\/v2\/posts"}],"about":[{"href":"https:\/\/historiografija.hr\/index.php?rest_route=\/wp\/v2\/types\/post"}],"author":[{"embeddable":true,"href":"https:\/\/historiografija.hr\/index.php?rest_route=\/wp\/v2\/users\/2"}],"replies":[{"embeddable":true,"href":"https:\/\/historiografija.hr\/index.php?rest_route=%2Fwp%2Fv2%2Fcomments&post=43183"}],"version-history":[{"count":3,"href":"https:\/\/historiografija.hr\/index.php?rest_route=\/wp\/v2\/posts\/43183\/revisions"}],"predecessor-version":[{"id":43187,"href":"https:\/\/historiografija.hr\/index.php?rest_route=\/wp\/v2\/posts\/43183\/revisions\/43187"}],"wp:featuredmedia":[{"embeddable":true,"href":"https:\/\/historiografija.hr\/index.php?rest_route=\/wp\/v2\/media\/43184"}],"wp:attachment":[{"href":"https:\/\/historiografija.hr\/index.php?rest_route=%2Fwp%2Fv2%2Fmedia&parent=43183"}],"wp:term":[{"taxonomy":"category","embeddable":true,"href":"https:\/\/historiografija.hr\/index.php?rest_route=%2Fwp%2Fv2%2Fcategories&post=43183"},{"taxonomy":"post_tag","embeddable":true,"href":"https:\/\/historiografija.hr\/index.php?rest_route=%2Fwp%2Fv2%2Ftags&post=43183"}],"curies":[{"name":"wp","href":"https:\/\/api.w.org\/{rel}","templated":true}]}}