{"id":43173,"date":"2024-11-08T21:24:02","date_gmt":"2024-11-08T21:24:02","guid":{"rendered":"http:\/\/historiografija.hr\/?p=43173"},"modified":"2024-11-08T21:27:02","modified_gmt":"2024-11-08T21:27:02","slug":"interliber-2024-promocija-monografije-150-godina-filozofskoga-fakulteta","status":"publish","type":"post","link":"https:\/\/historiografija.hr\/?p=43173","title":{"rendered":"Interliber 2024: Promocija monografije \u201c150 godina Filozofskoga fakulteta\u201c"},"content":{"rendered":"\n<p>U sklopu Interlibera, u <strong>utorak 12. studenoga 2024. u 13 sati<\/strong>, <strong>na Glavnoj pozornici u 7. paviljonu Zagreba\u010dkog velesajma<\/strong>, odr\u017eat \u0107e se promocija monografije \u201c<a href=\"https:\/\/openbooks.ffzg.unizg.hr\/index.php\/FFpress\/catalog\/book\/183\" target=\"_blank\" rel=\"noreferrer noopener\"><strong>150 godina Filozofskoga fakulteta<\/strong><\/a>\u201c, ur. Nevene \u0160krbi\u0107 Alempijevi\u0107 i akademika Stjepana Damjanovi\u0107a, objavljene u izdanju FF pressa.<\/p>\n\n\n\n<p>Monografiju \u0107e predstaviti prof. dr. sc. Nevena \u0160krbi\u0107 Alempijevi\u0107, doc. dr. sc. Filip \u0160imetin \u0160egvi\u0107 i prof. dr. sc. Ivana Vidovi\u0107 Bolt.<\/p>\n\n\n\n<hr class=\"wp-block-separator\"\/>\n\n\n\n<p>Izvori i dodatne obavijesti:<\/p>\n\n\n\n<p><a href=\"https:\/\/openbooks.ffzg.unizg.hr\/index.php\/FFpress\/catalog\/book\/183\">https:\/\/openbooks.ffzg.unizg.hr\/index.php\/FFpress\/catalog\/book\/183<\/a><\/p>\n\n\n\n<hr class=\"wp-block-separator\"\/>\n\n\n\n<figure class=\"wp-block-embed-wordpress wp-block-embed is-type-wp-embed is-provider-filozofski-fakultet-sveucilista-u-zagrebu\"><div class=\"wp-block-embed__wrapper\">\n<blockquote class=\"wp-embedded-content\" data-secret=\"MXWVpvnvzS\"><a href=\"https:\/\/web2020.ffzg.unizg.hr\/blog\/2024\/11\/07\/monografija-i-na-interliberu\/\">Monografija i na Interliberu<\/a><\/blockquote><iframe loading=\"lazy\" class=\"wp-embedded-content\" sandbox=\"allow-scripts\" security=\"restricted\" style=\"position: absolute; clip: rect(1px, 1px, 1px, 1px);\" title=\"&#8220;Monografija i na Interliberu&#8221; &#8212; Filozofski fakultet Sveu\u010dili\u0161ta u Zagrebu\" src=\"https:\/\/web2020.ffzg.unizg.hr\/blog\/2024\/11\/07\/monografija-i-na-interliberu\/embed\/#?secret=MXWVpvnvzS\" data-secret=\"MXWVpvnvzS\" width=\"600\" height=\"338\" frameborder=\"0\" marginwidth=\"0\" marginheight=\"0\" scrolling=\"no\"><\/iframe>\n<\/div><\/figure>\n\n\n\n<hr class=\"wp-block-separator\"\/>\n\n\n\n<p><\/p>\n","protected":false},"excerpt":{"rendered":"","protected":false},"author":2,"featured_media":43174,"comment_status":"open","ping_status":"open","sticky":false,"template":"","format":"standard","meta":{"_acf_changed":false,"jetpack_post_was_ever_published":false,"_jetpack_newsletter_access":"","_jetpack_dont_email_post_to_subs":false,"_jetpack_newsletter_tier_id":0,"_jetpack_memberships_contains_paywalled_content":false,"_jetpack_memberships_contains_paid_content":false,"footnotes":"","jetpack_publicize_message":"","jetpack_publicize_feature_enabled":true,"jetpack_social_post_already_shared":true,"jetpack_social_options":{"image_generator_settings":{"template":"highway","default_image_id":0,"font":"","enabled":false},"version":2}},"categories":[19,3],"tags":[],"class_list":["post-43173","post","type-post","status-publish","format-standard","has-post-thumbnail","hentry","category-e-knjige","category-novosti"],"acf":{"facebook_opis":""},"jetpack_publicize_connections":[],"jetpack_featured_media_url":"https:\/\/i0.wp.com\/historiografija.hr\/wp-content\/uploads\/2024\/11\/150_godina.jpg?fit=630%2C700&ssl=1","jetpack_sharing_enabled":true,"jetpack-related-posts":[],"_links":{"self":[{"href":"https:\/\/historiografija.hr\/index.php?rest_route=\/wp\/v2\/posts\/43173","targetHints":{"allow":["GET"]}}],"collection":[{"href":"https:\/\/historiografija.hr\/index.php?rest_route=\/wp\/v2\/posts"}],"about":[{"href":"https:\/\/historiografija.hr\/index.php?rest_route=\/wp\/v2\/types\/post"}],"author":[{"embeddable":true,"href":"https:\/\/historiografija.hr\/index.php?rest_route=\/wp\/v2\/users\/2"}],"replies":[{"embeddable":true,"href":"https:\/\/historiografija.hr\/index.php?rest_route=%2Fwp%2Fv2%2Fcomments&post=43173"}],"version-history":[{"count":4,"href":"https:\/\/historiografija.hr\/index.php?rest_route=\/wp\/v2\/posts\/43173\/revisions"}],"predecessor-version":[{"id":43178,"href":"https:\/\/historiografija.hr\/index.php?rest_route=\/wp\/v2\/posts\/43173\/revisions\/43178"}],"wp:featuredmedia":[{"embeddable":true,"href":"https:\/\/historiografija.hr\/index.php?rest_route=\/wp\/v2\/media\/43174"}],"wp:attachment":[{"href":"https:\/\/historiografija.hr\/index.php?rest_route=%2Fwp%2Fv2%2Fmedia&parent=43173"}],"wp:term":[{"taxonomy":"category","embeddable":true,"href":"https:\/\/historiografija.hr\/index.php?rest_route=%2Fwp%2Fv2%2Fcategories&post=43173"},{"taxonomy":"post_tag","embeddable":true,"href":"https:\/\/historiografija.hr\/index.php?rest_route=%2Fwp%2Fv2%2Ftags&post=43173"}],"curies":[{"name":"wp","href":"https:\/\/api.w.org\/{rel}","templated":true}]}}