{"id":43169,"date":"2024-11-08T21:10:07","date_gmt":"2024-11-08T21:10:07","guid":{"rendered":"http:\/\/historiografija.hr\/?p=43169"},"modified":"2024-11-08T21:10:27","modified_gmt":"2024-11-08T21:10:27","slug":"interliber-2024-promocija-zbornika-radova-kvarnerski-otoci-u-domovinskom-ratu","status":"publish","type":"post","link":"https:\/\/historiografija.hr\/?p=43169","title":{"rendered":"Interliber 2024: Promocija zbornika radova \u201eKvarnerski otoci u Domovinskom ratu\u201c"},"content":{"rendered":"\n<p>Utorak 12. 11. 2024. &#8212; 18:00 \u2013 18:45 &#8212; Promocija zbornika radova <em>Kvarnerski otoci u Domovinskom ratu<\/em> (urednici \u017deljko Drinjak i izv. prof. dr. sc. Tomislav Galovi\u0107)<\/p>\n\n\n\n<hr class=\"wp-block-separator\"\/>\n\n\n\n<p>Sudjeluju: izv. prof. dr. sc. Tomislav Galovi\u0107 (Filozofski fakultet), Josipa Maras Kraljevi\u0107, prof. i dr. sc. Janja Sekula Giba\u010d (Hrvatski memorijalno-dokumentacijski centar Domovinskog rata, Zagreb), dr. sc. Domagoj Kne\u017eevi\u0107 (Hrvatski institut za povijest, Zagreb) i \u017deljko Drinjak; moderira: Monika Batur (Filozofski fakultet)<\/p>\n\n\n\n<hr class=\"wp-block-separator\"\/>\n\n\n\n<p>Izvor:<\/p>\n\n\n\n<figure class=\"wp-block-embed-wordpress wp-block-embed is-type-wp-embed is-provider-filozofski-fakultet-sveucilista-u-zagrebu\"><div class=\"wp-block-embed__wrapper\">\n<blockquote class=\"wp-embedded-content\" data-secret=\"FQmciAnaIY\"><a href=\"https:\/\/web2020.ffzg.unizg.hr\/blog\/2024\/11\/08\/interliber-i-29-smotra-sveucilista-u-zagrebu\/\">Interliber i 29. Smotra Sveu\u010dili\u0161ta u Zagrebu<\/a><\/blockquote><iframe loading=\"lazy\" class=\"wp-embedded-content\" sandbox=\"allow-scripts\" security=\"restricted\" style=\"position: absolute; clip: rect(1px, 1px, 1px, 1px);\" title=\"&#8220;Interliber i 29. Smotra Sveu\u010dili\u0161ta u Zagrebu&#8221; &#8212; Filozofski fakultet Sveu\u010dili\u0161ta u Zagrebu\" src=\"https:\/\/web2020.ffzg.unizg.hr\/blog\/2024\/11\/08\/interliber-i-29-smotra-sveucilista-u-zagrebu\/embed\/#?secret=FQmciAnaIY\" data-secret=\"FQmciAnaIY\" width=\"600\" height=\"338\" frameborder=\"0\" marginwidth=\"0\" marginheight=\"0\" scrolling=\"no\"><\/iframe>\n<\/div><\/figure>\n\n\n\n<hr class=\"wp-block-separator\"\/>\n","protected":false},"excerpt":{"rendered":"","protected":false},"author":2,"featured_media":43170,"comment_status":"open","ping_status":"open","sticky":false,"template":"","format":"standard","meta":{"_acf_changed":false,"jetpack_post_was_ever_published":false,"_jetpack_newsletter_access":"","_jetpack_dont_email_post_to_subs":false,"_jetpack_newsletter_tier_id":0,"_jetpack_memberships_contains_paywalled_content":false,"_jetpack_memberships_contains_paid_content":false,"footnotes":"","jetpack_publicize_message":"","jetpack_publicize_feature_enabled":true,"jetpack_social_post_already_shared":true,"jetpack_social_options":{"image_generator_settings":{"template":"highway","default_image_id":0,"font":"","enabled":false},"version":2}},"categories":[3],"tags":[],"class_list":["post-43169","post","type-post","status-publish","format-standard","has-post-thumbnail","hentry","category-novosti"],"acf":{"facebook_opis":""},"jetpack_publicize_connections":[],"jetpack_featured_media_url":"https:\/\/i0.wp.com\/historiografija.hr\/wp-content\/uploads\/2024\/11\/Pozivnica_Interliber_Kvarnerski_otoci.png?fit=1748%2C1240&ssl=1","jetpack_sharing_enabled":true,"jetpack-related-posts":[],"_links":{"self":[{"href":"https:\/\/historiografija.hr\/index.php?rest_route=\/wp\/v2\/posts\/43169","targetHints":{"allow":["GET"]}}],"collection":[{"href":"https:\/\/historiografija.hr\/index.php?rest_route=\/wp\/v2\/posts"}],"about":[{"href":"https:\/\/historiografija.hr\/index.php?rest_route=\/wp\/v2\/types\/post"}],"author":[{"embeddable":true,"href":"https:\/\/historiografija.hr\/index.php?rest_route=\/wp\/v2\/users\/2"}],"replies":[{"embeddable":true,"href":"https:\/\/historiografija.hr\/index.php?rest_route=%2Fwp%2Fv2%2Fcomments&post=43169"}],"version-history":[{"count":2,"href":"https:\/\/historiografija.hr\/index.php?rest_route=\/wp\/v2\/posts\/43169\/revisions"}],"predecessor-version":[{"id":43172,"href":"https:\/\/historiografija.hr\/index.php?rest_route=\/wp\/v2\/posts\/43169\/revisions\/43172"}],"wp:featuredmedia":[{"embeddable":true,"href":"https:\/\/historiografija.hr\/index.php?rest_route=\/wp\/v2\/media\/43170"}],"wp:attachment":[{"href":"https:\/\/historiografija.hr\/index.php?rest_route=%2Fwp%2Fv2%2Fmedia&parent=43169"}],"wp:term":[{"taxonomy":"category","embeddable":true,"href":"https:\/\/historiografija.hr\/index.php?rest_route=%2Fwp%2Fv2%2Fcategories&post=43169"},{"taxonomy":"post_tag","embeddable":true,"href":"https:\/\/historiografija.hr\/index.php?rest_route=%2Fwp%2Fv2%2Ftags&post=43169"}],"curies":[{"name":"wp","href":"https:\/\/api.w.org\/{rel}","templated":true}]}}