{"id":43150,"date":"2024-11-08T19:45:25","date_gmt":"2024-11-08T19:45:25","guid":{"rendered":"http:\/\/historiografija.hr\/?p=43150"},"modified":"2024-11-08T19:46:59","modified_gmt":"2024-11-08T19:46:59","slug":"interliber-2024-43-izlozba-muzejske-knjige-knjizna-avantura-za-sve-uzraste","status":"publish","type":"post","link":"https:\/\/historiografija.hr\/?p=43150","title":{"rendered":"Interliber 2024: 43. izlo\u017eba muzejske knjige \u2013 knji\u017ena avantura za sve uzraste"},"content":{"rendered":"\n<p>Na Zagreba\u010dkom Velesajmu uskoro po\u010dinje Me\u0111unarodni sajam knjiga i u\u010dila Interliber, a svi posjetitelji na\u0161e najve\u0107e knji\u017eevne manifestacije mo\u0107i \u0107e od 12. do 17. studenoga 2024. razgledati <em>43. izlo\u017ebu muzejske knjige<\/em> i upoznati se s bogatom materijalnom i nematerijalnom ba\u0161tinom koju \u010duvaju hrvatski muzeji.<\/p>\n\n\n\n<p>Organizator izlo\u017ebe je Muzejski dokumentacijski centar (MDC) iz Zagreba koji \u0107e na svojem prepoznatljivom \u0161tandu u paviljonu 6 objediniti najnovija izdanja 104 muzeja iz 58 hrvatskih gradova &#8211; muzejske vodi\u010de kroz stalne postave i pojedine muzejske zbirke prire\u0111ene u razli\u010ditim formatima za djecu i odrasle, kataloge povremenih izlo\u017eaba, opse\u017ene monografije posve\u0107ene razli\u010ditim umjetni\u010dkim pravcima ili samim ustanovama, opsegom manje bro\u0161ure i deplijane, znanstvene zbornike, te muzejske slikovnice i edukativne publikacije namijenjene djeci i mladima.<\/p>\n\n\n\n<p>Ove godine u sklopu programa <em>Knjiga u gostima<\/em> Muzejsko dru\u0161tvo Crne Gore predstavit \u0107e recentnu izdava\u010dku produkciju crnogorskih muzeja i galerija. U popratnom programu najmla\u0111e na \u0161tandu MDC-a o\u010dekuju edukativne radionice pod vodstvom muzejskih pedagoginja i kustosica iz Muzeja za umjetnost i obrt i Muzeja grada Splita na kojima \u0107e izra\u0111ivati vlastite ozna\u010diva\u010de stranica i saznati vi\u0161e o \u017eivotnom putu cara Dioklecijana, dok \u0107e oni malo stariji mo\u0107i u\u017eivati u promocijama novih izdanja Dvora Trako\u0161\u0107an (petak 15.11.2024., 13 &#8211; 14 sati), odnosno Muzeja Me\u0111imurja \u010cakovec, Muzeja grada Splita i Pomorskog muzeja u Kotoru (subota 16.11.2024., 16 \u2013 17,30 sati).<\/p>\n\n\n\n<p>U recentnom nakladni\u010dkom korpusu muzeja najzastupljeniji su katalozi povremenih izlo\u017eaba koji svojim sadr\u017eajima \u2013 esejima, stru\u010dnim ili znanstvenim tekstovima, dokumentarnom gra\u0111om i iscrpnim bibliografijama, \u010ditateljima pribli\u017eavaju bogato kulturno naslje\u0111e iz svih krajeva Hrvatske. Svi ljubitelji likovne umjetnosti mo\u0107i \u0107e prelistati katalog velike izlo\u017ebe <em>Me\u0161trovi\u0107: Retrospektiva<\/em> (Muzeji Ivana Me\u0161trovi\u0107a i Galerija Klovi\u0107evi dvori) kojom se obilje\u017eila 140. obljetnica ro\u0111enja najslavnijeg hrvatskog kipara, retrospektive <em>Tomislav Gotovac a.k.a. Antonio G. Lauer<\/em> (Muzej suvremene umjetnosti) koja je javnosti pribli\u017eila stvarala\u0161tvo na\u0161eg istaknutog multimedijalnog umjetnika, kao i\u00a0 katalog izlo\u017ebe <em>Marijan Detoni &#8211; Od skice do matrice<\/em> (Muzej za umjetnost i obrt) koja je predstavila radove jednog od najistaknutijih grafi\u010dkih stvaralaca izme\u0111u dva svjetska rata, neprocjenjivo vrijednu gra\u0111u za povijest hrvatske grafike.<\/p>\n\n\n\n<p>Me\u0111u ostalim publikacijama izdvajaju se vrijedni naslovi povijesne, arheolo\u0161ke i etnografske tematike poput <em>Ajmo kod brice!<\/em> Gradskog muzeja Virovitica koji govori o pro\u0161losti viroviti\u010dkih brija\u010dnica i brija\u010da, s naglaskom na bitnu dru\u0161tvenu ulogu koju su brija\u010di imali kao prijatelji i posebne osobe od povjerenja. <em>Dobar tek!: kultura hrane u vara\u017edinskom kraju<\/em> (Gradski muzej Vara\u017edin) predstavlja prehrambene navike i obi\u010daje na vara\u017edinskom prostoru kroz pro\u0161lost i sada\u0161njost, dok je Gradski muzej Vinkovci <em>Mirisom kave<\/em> obradio temu iz urbane etnologije \u2013 povijest i kulturu ispijanje kave.<\/p>\n\n\n\n<p>Pa\u017enju plijeni i <em>\u010ca delamo kad &#8220;ni\u0161&#8221; ne delamo<\/em> Etnografskog muzeja Istre koji tematizira slobodno vrijeme istarske svakodnevice, otkrivaju\u0107i koje su razlike u poimanju i provo\u0111enju slobodnog vremena u ruralnim i gradskim sredinama, kakvo je \u017eensko i mu\u0161ko vi\u0111enje ove teme, te kako su na njega utjecali industrijski razvoj i stvaranje potro\u0161a\u010dkog dru\u0161tva.<\/p>\n\n\n\n<p>Brojno\u0161\u0107u i raznoliko\u0161\u0107u tema izdvajaju se muzejske publikacije posve\u0107ene sakralnoj ba\u0161tini poput opse\u017ene monografije Povijesnoga i pomorskog muzeja Istre <em>Slikarstvo od 4. do 15. stolje\u0107a<\/em> koja valorizira i prezentira mozaike i zidne slike nastale u crkvama na podru\u010dju Istarske \u017eupanije ili bogato ilustrirane monografije Muzeja Gacke u Oto\u010dcu <em>Sakralna ba\u0161tina Grada Oto\u010dca<\/em> koja istra\u017euje i dokumentira graditeljsko naslje\u0111e vjerskih zajednica toga podru\u010dja. Zanimljiv je i katalog izlo\u017ebe <em>Sjeti se mene: nabo\u017eni predmeti iz Novovjekovne zbirke Muzeja <\/em>(2023.), u izdanju rije\u010dkog Pomorskog i povijesnog muzeja, koji predstavlja medaljice, medaljone, kri\u017eeve, brevare i krunice prikupljene u arheolo\u0161kim istra\u017eivanjima \u017eupnih crkva u Rijeci i Mo\u0161\u0107enicama.<\/p>\n\n\n\n<p>Autorica izlo\u017ebe je Snje\u017eana Radovanlija Mileusni\u0107, a elektroni\u010dki katalog izlo\u017ebe i detaljan raspored popratnih aktivnosti dostupni su na mre\u017enim stranicama Muzejskog dokumentacijskog centra.<\/p>\n\n\n\n<p>(MDC)<\/p>\n\n\n\n<hr class=\"wp-block-separator\"\/>\n\n\n\n<p>Fotografija: Denis Bu\u010dar<\/p>\n\n\n\n<hr class=\"wp-block-separator\"\/>\n","protected":false},"excerpt":{"rendered":"","protected":false},"author":2,"featured_media":43151,"comment_status":"open","ping_status":"open","sticky":false,"template":"","format":"standard","meta":{"_acf_changed":false,"jetpack_post_was_ever_published":false,"_jetpack_newsletter_access":"","_jetpack_dont_email_post_to_subs":false,"_jetpack_newsletter_tier_id":0,"_jetpack_memberships_contains_paywalled_content":false,"_jetpack_memberships_contains_paid_content":false,"footnotes":"","jetpack_publicize_message":"","jetpack_publicize_feature_enabled":true,"jetpack_social_post_already_shared":true,"jetpack_social_options":{"image_generator_settings":{"template":"highway","default_image_id":0,"font":"","enabled":false},"version":2}},"categories":[3],"tags":[],"class_list":["post-43150","post","type-post","status-publish","format-standard","has-post-thumbnail","hentry","category-novosti"],"acf":{"facebook_opis":""},"jetpack_publicize_connections":[],"jetpack_featured_media_url":"https:\/\/i0.wp.com\/historiografija.hr\/wp-content\/uploads\/2024\/11\/IMG_5372.jpg?fit=1200%2C800&ssl=1","jetpack_sharing_enabled":true,"jetpack-related-posts":[{"id":52603,"url":"https:\/\/historiografija.hr\/?p=52603","url_meta":{"origin":43150,"position":0},"title":"No\u0107 knjige: Carska i kraljevska kuhinja","author":"Branimir Jankovi\u0107","date":"22. travnja 2026.","format":false,"excerpt":"Pozivamo vas da nam se pridru\u017eite 23. travnja 2026. u 18 sati u obilje\u017eavanju No\u0107i knjige u Pivnici Bobi&Rudi na Trgu Ivana Me\u0161trovi\u0107a u Zapru\u0111u u Zagrebu gdje uz kavu \u010ditamo recepte iz zemalja Austro-Ugarske Monarhije iz knjige Carska i kraljevska kuhinja, autora Roberta Mak\u0142owicza, u prijevodu Damira Agi\u010di\u0107a. Izvor:\u2026","rel":"","context":"U &quot;Novosti&quot;","block_context":{"text":"Novosti","link":"https:\/\/historiografija.hr\/?cat=3"},"img":{"alt_text":"","src":"https:\/\/i0.wp.com\/historiografija.hr\/wp-content\/uploads\/2026\/04\/Noc-knjige-Carska-i-kraljevska.jpg?fit=1200%2C1200&ssl=1&resize=350%2C200","width":350,"height":200,"srcset":"https:\/\/i0.wp.com\/historiografija.hr\/wp-content\/uploads\/2026\/04\/Noc-knjige-Carska-i-kraljevska.jpg?fit=1200%2C1200&ssl=1&resize=350%2C200 1x, https:\/\/i0.wp.com\/historiografija.hr\/wp-content\/uploads\/2026\/04\/Noc-knjige-Carska-i-kraljevska.jpg?fit=1200%2C1200&ssl=1&resize=525%2C300 1.5x, https:\/\/i0.wp.com\/historiografija.hr\/wp-content\/uploads\/2026\/04\/Noc-knjige-Carska-i-kraljevska.jpg?fit=1200%2C1200&ssl=1&resize=700%2C400 2x, https:\/\/i0.wp.com\/historiografija.hr\/wp-content\/uploads\/2026\/04\/Noc-knjige-Carska-i-kraljevska.jpg?fit=1200%2C1200&ssl=1&resize=1050%2C600 3x"},"classes":[]},{"id":52616,"url":"https:\/\/historiografija.hr\/?p=52616","url_meta":{"origin":43150,"position":1},"title":"No\u0107 knjige 2026.","author":"Branimir Jankovi\u0107","date":"22. travnja 2026.","format":false,"excerpt":"Slavljeni\u010dka 15. No\u0107 knjige odr\u017eat \u0107e se 23. travnja diljem Hrvatske u povodu Svjetskog dana knjige i autorskih prava te Dana hrvatske knjige. S vi\u0161e od 1.000 prijavljenih programa i akcija s pravom nosi epitet najmasovnije doma\u0107e kulturne manifestacije, a ove \u0107e godine prote\u0107i u znaku mira, razumijevanja, tolerancije, srodnosti\u2026","rel":"","context":"U &quot;Novosti&quot;","block_context":{"text":"Novosti","link":"https:\/\/historiografija.hr\/?cat=3"},"img":{"alt_text":"","src":"https:\/\/i0.wp.com\/historiografija.hr\/wp-content\/uploads\/2026\/04\/noc_knjige_2026.jpg?fit=680%2C276&ssl=1&resize=350%2C200","width":350,"height":200,"srcset":"https:\/\/i0.wp.com\/historiografija.hr\/wp-content\/uploads\/2026\/04\/noc_knjige_2026.jpg?fit=680%2C276&ssl=1&resize=350%2C200 1x, https:\/\/i0.wp.com\/historiografija.hr\/wp-content\/uploads\/2026\/04\/noc_knjige_2026.jpg?fit=680%2C276&ssl=1&resize=525%2C300 1.5x"},"classes":[]},{"id":52607,"url":"https:\/\/historiografija.hr\/?p=52607","url_meta":{"origin":43150,"position":2},"title":"No\u0107 knjige: Kako je prije 410 godina smr\u0107u Shakespearea i Cervantesa zavr\u0161ilo razdoblje renesanse u knji\u017eevnosti","author":"Branimir Jankovi\u0107","date":"22. travnja 2026.","format":false,"excerpt":"\u010cetvrtak, 23. travnja 2026. u 18:00 sati, Knji\u017eara Matice hrvatske, Ulica Matice hrvatske 2, Zagreb Uvodna rije\u010d: dr. sc.\u00a0Dubravka Brezak Stama\u0107, pro\u010delnica Odjela za knji\u017eevnost Matice hrvatske Prof. dr. sc. Ivan Lupi\u0107, redoviti profesor u Odsjeku za anglistiku i Odsjeku za kroatistiku Sveu\u010dili\u0161ta u RijeciShakespeare, kazali\u0161te, glazbaKada se susre\u0107emo sa\u2026","rel":"","context":"U &quot;Novosti&quot;","block_context":{"text":"Novosti","link":"https:\/\/historiografija.hr\/?cat=3"},"img":{"alt_text":"","src":"https:\/\/i0.wp.com\/historiografija.hr\/wp-content\/uploads\/2026\/04\/noc_knjige_2026.jpg?fit=680%2C276&ssl=1&resize=350%2C200","width":350,"height":200,"srcset":"https:\/\/i0.wp.com\/historiografija.hr\/wp-content\/uploads\/2026\/04\/noc_knjige_2026.jpg?fit=680%2C276&ssl=1&resize=350%2C200 1x, https:\/\/i0.wp.com\/historiografija.hr\/wp-content\/uploads\/2026\/04\/noc_knjige_2026.jpg?fit=680%2C276&ssl=1&resize=525%2C300 1.5x"},"classes":[]},{"id":52520,"url":"https:\/\/historiografija.hr\/?p=52520","url_meta":{"origin":43150,"position":3},"title":"Predstavljanje knjige &#8220;Socialist Economics in Yugoslavia: A Critical History&#8221; u Zagrebu","author":"Branimir Jankovi\u0107","date":"17. travnja 2026.","format":false,"excerpt":"Pozivamo vas na predstavljanje knjige \"Socialist Economics in Yugoslavia: A Critical History\", autora Mislava \u00a0\u017ditka i Marka Grde\u0161i\u0107a (Routledge, 2026). Na predstavljanju \u0107e govoriti Branko Milanovi\u0107 (CUNY), Milica Uvali\u0107 (EUI), Zdravko Petak (FPZG) te autori.\u00a0 Predstavljanje \u0107e se odr\u017eati u srijedu 22. travnja u 16:00 sati na Fakultetu politi\u010dkih znanosti\u2026","rel":"","context":"U &quot;Novosti&quot;","block_context":{"text":"Novosti","link":"https:\/\/historiografija.hr\/?cat=3"},"img":{"alt_text":"","src":"https:\/\/i0.wp.com\/historiografija.hr\/wp-content\/uploads\/2026\/04\/Poziv-na-predstavljanje.png?fit=800%2C652&ssl=1&resize=350%2C200","width":350,"height":200,"srcset":"https:\/\/i0.wp.com\/historiografija.hr\/wp-content\/uploads\/2026\/04\/Poziv-na-predstavljanje.png?fit=800%2C652&ssl=1&resize=350%2C200 1x, https:\/\/i0.wp.com\/historiografija.hr\/wp-content\/uploads\/2026\/04\/Poziv-na-predstavljanje.png?fit=800%2C652&ssl=1&resize=525%2C300 1.5x, https:\/\/i0.wp.com\/historiografija.hr\/wp-content\/uploads\/2026\/04\/Poziv-na-predstavljanje.png?fit=800%2C652&ssl=1&resize=700%2C400 2x"},"classes":[]},{"id":52654,"url":"https:\/\/historiografija.hr\/?p=52654","url_meta":{"origin":43150,"position":4},"title":"Gostuju\u0107e predavanje &#8211; Danijel D\u017eino \u201eKasnoanti\u010dke i ranosrednjovjekovne gra\u0111evine u Brezi: Spomenici nepotpune biografije\u201c","author":"Branimir Jankovi\u0107","date":"24. travnja 2026.","format":false,"excerpt":"Doktorski studij predmoderne povijesti poziva na predavanje \"Kasnoanti\u010dke i ranosrednjovjekovne gra\u0111evine u Brezi: Spomenici nepotpune biografije\u201d koje \u0107e odr\u017eati profesor Danijel D\u017eino sa Sveu\u010dili\u0161ta Macquarie u Sydneyu u\u00a0utorak 28. travnja 2026. u 17h u Konferencijskoj dvorani Knji\u017enice Filozofskog fakulteta u Zagrebu. Predavanje \u0107e predo\u010diti nova saznanja dobivena kroz arhivsko-dokumentarna istra\u017eivanja\u2026","rel":"","context":"U &quot;Novosti&quot;","block_context":{"text":"Novosti","link":"https:\/\/historiografija.hr\/?cat=3"},"img":{"alt_text":"","src":"https:\/\/i0.wp.com\/historiografija.hr\/wp-content\/uploads\/2026\/04\/Dzino.jpg?fit=980%2C819&ssl=1&resize=350%2C200","width":350,"height":200,"srcset":"https:\/\/i0.wp.com\/historiografija.hr\/wp-content\/uploads\/2026\/04\/Dzino.jpg?fit=980%2C819&ssl=1&resize=350%2C200 1x, https:\/\/i0.wp.com\/historiografija.hr\/wp-content\/uploads\/2026\/04\/Dzino.jpg?fit=980%2C819&ssl=1&resize=525%2C300 1.5x, https:\/\/i0.wp.com\/historiografija.hr\/wp-content\/uploads\/2026\/04\/Dzino.jpg?fit=980%2C819&ssl=1&resize=700%2C400 2x"},"classes":[]},{"id":52651,"url":"https:\/\/historiografija.hr\/?p=52651","url_meta":{"origin":43150,"position":5},"title":"Promocija knjige Emira O. Filipovi\u0107a \u201cVite\u0161tvo u srednjovjekovnoj Bosni\u201d u Sarajevu","author":"Branimir Jankovi\u0107","date":"24. travnja 2026.","format":false,"excerpt":"Knji\u017eevni korner poziva na promociju knjige Emira O. Filipovi\u0107a \u201cVite\u0161tvo u srednjovjekovnoj Bosni\u201d koja \u0107e se odr\u017eati u srijedu, 29. aprila 2026. u 18 sati u Evropskoj ku\u0107i kulture i nacionalnih manjina (Austrijska ku\u0107a) u Sarajevu. Na promociji \u0107e govoriti Mirsad Sijari\u0107, Ema Mazrak i autor, a moderirat \u0107e Nikola\u2026","rel":"","context":"U &quot;Novosti&quot;","block_context":{"text":"Novosti","link":"https:\/\/historiografija.hr\/?cat=3"},"img":{"alt_text":"","src":"https:\/\/i0.wp.com\/historiografija.hr\/wp-content\/uploads\/2026\/04\/Vitestvo.jpg?fit=1080%2C565&ssl=1&resize=350%2C200","width":350,"height":200,"srcset":"https:\/\/i0.wp.com\/historiografija.hr\/wp-content\/uploads\/2026\/04\/Vitestvo.jpg?fit=1080%2C565&ssl=1&resize=350%2C200 1x, https:\/\/i0.wp.com\/historiografija.hr\/wp-content\/uploads\/2026\/04\/Vitestvo.jpg?fit=1080%2C565&ssl=1&resize=525%2C300 1.5x, https:\/\/i0.wp.com\/historiografija.hr\/wp-content\/uploads\/2026\/04\/Vitestvo.jpg?fit=1080%2C565&ssl=1&resize=700%2C400 2x, https:\/\/i0.wp.com\/historiografija.hr\/wp-content\/uploads\/2026\/04\/Vitestvo.jpg?fit=1080%2C565&ssl=1&resize=1050%2C600 3x"},"classes":[]}],"_links":{"self":[{"href":"https:\/\/historiografija.hr\/index.php?rest_route=\/wp\/v2\/posts\/43150","targetHints":{"allow":["GET"]}}],"collection":[{"href":"https:\/\/historiografija.hr\/index.php?rest_route=\/wp\/v2\/posts"}],"about":[{"href":"https:\/\/historiografija.hr\/index.php?rest_route=\/wp\/v2\/types\/post"}],"author":[{"embeddable":true,"href":"https:\/\/historiografija.hr\/index.php?rest_route=\/wp\/v2\/users\/2"}],"replies":[{"embeddable":true,"href":"https:\/\/historiografija.hr\/index.php?rest_route=%2Fwp%2Fv2%2Fcomments&post=43150"}],"version-history":[{"count":2,"href":"https:\/\/historiografija.hr\/index.php?rest_route=\/wp\/v2\/posts\/43150\/revisions"}],"predecessor-version":[{"id":43153,"href":"https:\/\/historiografija.hr\/index.php?rest_route=\/wp\/v2\/posts\/43150\/revisions\/43153"}],"wp:featuredmedia":[{"embeddable":true,"href":"https:\/\/historiografija.hr\/index.php?rest_route=\/wp\/v2\/media\/43151"}],"wp:attachment":[{"href":"https:\/\/historiografija.hr\/index.php?rest_route=%2Fwp%2Fv2%2Fmedia&parent=43150"}],"wp:term":[{"taxonomy":"category","embeddable":true,"href":"https:\/\/historiografija.hr\/index.php?rest_route=%2Fwp%2Fv2%2Fcategories&post=43150"},{"taxonomy":"post_tag","embeddable":true,"href":"https:\/\/historiografija.hr\/index.php?rest_route=%2Fwp%2Fv2%2Ftags&post=43150"}],"curies":[{"name":"wp","href":"https:\/\/api.w.org\/{rel}","templated":true}]}}