{"id":43140,"date":"2024-11-08T18:55:19","date_gmt":"2024-11-08T18:55:19","guid":{"rendered":"http:\/\/historiografija.hr\/?p=43140"},"modified":"2024-11-08T18:55:19","modified_gmt":"2024-11-08T18:55:19","slug":"predavanje-filipa-hamersaka-hrvatska-vojna-groblja-prvoga-svjetskoga-rata-izmedu-spomena-i-nebrige","status":"publish","type":"post","link":"https:\/\/historiografija.hr\/?p=43140","title":{"rendered":"Predavanje Filipa Hamer\u0161aka \u201eHrvatska vojna groblja Prvoga svjetskoga rata izme\u0111u spomena i nebrige\u201c"},"content":{"rendered":"\n<p>Predavanje: HRVATSKA VOJNA GROBLJA PRVOGA SVJETSKOGA RATA IZME\u0110U SPOMENA I NEBRIGE<\/p>\n\n\n\n<hr class=\"wp-block-separator\"\/>\n\n\n\n<p><strong>Kula nad Kamenitim vratima<\/strong><\/p>\n\n\n\n<p>Dru\u017eba \u201eBra\u0107a Hrvatskoga Zmaja\u201c<\/p>\n\n\n\n<p>Kamenita ulica 3, ZAGREB<\/p>\n\n\n\n<p>13. studenoga 2024. \/ 19:00 &#8211; 20:00<\/p>\n\n\n\n<hr class=\"wp-block-separator\"\/>\n\n\n\n<p>Predava\u010d:<\/p>\n\n\n\n<p>dr. sc. Filip Hamer\u0161ak, ravnatelj Leksikografskog zavoda Miroslav Krle\u017ea<\/p>\n\n\n\n<hr class=\"wp-block-separator\"\/>\n\n\n\n<p>Moderator:<\/p>\n\n\n\n<p>Ivica Mihaljevi\u0107, Zmaj O\u0161tarijski II.<\/p>\n\n\n\n<hr class=\"wp-block-separator\"\/>\n\n\n\n<p>Opis predavanja:<\/p>\n\n\n\n<p>Vojna groblja Prvoga svjetskog rata u ve\u0107ini su dr\u017eava sudionica (odnosno njihovih sljednica) predmet osobite dr\u017eavne skrbi. Tako je isprva bilo i u svezi s vojnicima iz hrvatskih zemalja odnosno hrvatskoga podrijetla, kojih je, velikom ve\u0107inom u austrougarskim oru\u017eanim snagama, od 1914. do 1918. godine smrtno stradalo po svoj prilici izme\u0111u 80.000 i 120.000. Nakon 1918. godine ta je skrb bila umnogomu smanjena, no prava se prekretnica dogodila nakon 1945. godine na na\u010din koji je ostavio trajne posljedice, pa se, uz nekoliko iznimka, hrvatski vojnici pali u austrougarskim snagama i danas zakonski tretiraju kao bilo koji drugi pripadnici \u00bbstrane vojske\u00ab, i to samo ako im je posljednje po\u010divali\u0161te na tlu Republike Hrvatske. Sa \u017eeljom da se nepovoljno stanje napokon izmijeni (u ime Udruge 1914\u20131918 Hamer\u0161ak se jo\u0161 2016. godine neuspjelo obratio mjerodavnim institucijama), u predavanju \u0107e se stoga predstaviti odabrana vojna groblja s ostatcima hrvatskih vojnika u Hrvatskoj i u inozemstvu, dati povijesni pregled promjenjiva pravnoga okvira i s njime povezanih postupanja, te usporedbe radi ocrtati suvremeni pristup vojnim grobljima Prvoga svjetskoga rata u Sloveniji i Srbiji.<\/p>\n\n\n\n<hr class=\"wp-block-separator\"\/>\n\n\n\n<p>Izvor:<\/p>\n\n\n\n<figure class=\"wp-block-embed-wordpress wp-block-embed is-type-wp-embed is-provider-druzba-quot-braca-hrvatskoga-zmaja-quot\"><div class=\"wp-block-embed__wrapper\">\n<blockquote class=\"wp-embedded-content\" data-secret=\"CBr9OE5G0G\"><a href=\"https:\/\/dbhz.hr\/najava\/predavanje-hrvatska-vojna-groblja-prvoga-svjetskoga-rata-izmedu-spomena-i-nebrige\/\">Predavanje: HRVATSKA VOJNA GROBLJA PRVOGA SVJETSKOGA RATA IZME\u0110U SPOMENA I NEBRIGE<\/a><\/blockquote><iframe loading=\"lazy\" class=\"wp-embedded-content\" sandbox=\"allow-scripts\" security=\"restricted\" style=\"position: absolute; clip: rect(1px, 1px, 1px, 1px);\" title=\"&#8220;Predavanje: HRVATSKA VOJNA GROBLJA PRVOGA SVJETSKOGA RATA IZME\u0110U SPOMENA I NEBRIGE&#8221; &#8212; Dru\u017eba &quot;Bra\u0107a Hrvatskoga Zmaja&quot;\" src=\"https:\/\/dbhz.hr\/najava\/predavanje-hrvatska-vojna-groblja-prvoga-svjetskoga-rata-izmedu-spomena-i-nebrige\/embed\/#?secret=CBr9OE5G0G\" data-secret=\"CBr9OE5G0G\" width=\"600\" height=\"338\" frameborder=\"0\" marginwidth=\"0\" marginheight=\"0\" scrolling=\"no\"><\/iframe>\n<\/div><\/figure>\n\n\n\n<hr class=\"wp-block-separator\"\/>\n","protected":false},"excerpt":{"rendered":"","protected":false},"author":2,"featured_media":43141,"comment_status":"open","ping_status":"open","sticky":false,"template":"","format":"standard","meta":{"_acf_changed":false,"jetpack_post_was_ever_published":false,"_jetpack_newsletter_access":"","_jetpack_dont_email_post_to_subs":false,"_jetpack_newsletter_tier_id":0,"_jetpack_memberships_contains_paywalled_content":false,"_jetpack_memberships_contains_paid_content":false,"footnotes":"","jetpack_publicize_message":"","jetpack_publicize_feature_enabled":true,"jetpack_social_post_already_shared":true,"jetpack_social_options":{"image_generator_settings":{"template":"highway","default_image_id":0,"font":"","enabled":false},"version":2}},"categories":[3],"tags":[],"class_list":["post-43140","post","type-post","status-publish","format-standard","has-post-thumbnail","hentry","category-novosti"],"acf":{"facebook_opis":""},"jetpack_publicize_connections":[],"jetpack_featured_media_url":"https:\/\/i0.wp.com\/historiografija.hr\/wp-content\/uploads\/2024\/11\/ZV_2024_11_HAMERSAK.jpg?fit=600%2C480&ssl=1","jetpack_sharing_enabled":true,"jetpack-related-posts":[],"_links":{"self":[{"href":"https:\/\/historiografija.hr\/index.php?rest_route=\/wp\/v2\/posts\/43140","targetHints":{"allow":["GET"]}}],"collection":[{"href":"https:\/\/historiografija.hr\/index.php?rest_route=\/wp\/v2\/posts"}],"about":[{"href":"https:\/\/historiografija.hr\/index.php?rest_route=\/wp\/v2\/types\/post"}],"author":[{"embeddable":true,"href":"https:\/\/historiografija.hr\/index.php?rest_route=\/wp\/v2\/users\/2"}],"replies":[{"embeddable":true,"href":"https:\/\/historiografija.hr\/index.php?rest_route=%2Fwp%2Fv2%2Fcomments&post=43140"}],"version-history":[{"count":1,"href":"https:\/\/historiografija.hr\/index.php?rest_route=\/wp\/v2\/posts\/43140\/revisions"}],"predecessor-version":[{"id":43142,"href":"https:\/\/historiografija.hr\/index.php?rest_route=\/wp\/v2\/posts\/43140\/revisions\/43142"}],"wp:featuredmedia":[{"embeddable":true,"href":"https:\/\/historiografija.hr\/index.php?rest_route=\/wp\/v2\/media\/43141"}],"wp:attachment":[{"href":"https:\/\/historiografija.hr\/index.php?rest_route=%2Fwp%2Fv2%2Fmedia&parent=43140"}],"wp:term":[{"taxonomy":"category","embeddable":true,"href":"https:\/\/historiografija.hr\/index.php?rest_route=%2Fwp%2Fv2%2Fcategories&post=43140"},{"taxonomy":"post_tag","embeddable":true,"href":"https:\/\/historiografija.hr\/index.php?rest_route=%2Fwp%2Fv2%2Ftags&post=43140"}],"curies":[{"name":"wp","href":"https:\/\/api.w.org\/{rel}","templated":true}]}}