{"id":43120,"date":"2024-11-07T22:18:12","date_gmt":"2024-11-07T22:18:12","guid":{"rendered":"http:\/\/historiografija.hr\/?p=43120"},"modified":"2024-11-07T22:18:12","modified_gmt":"2024-11-07T22:18:12","slug":"odrzana-konferencija-institucionalno-sjecanje-na-ustaske-logore-u-drugom-svjetskom-ratu-u-republici-hrvatskoj-izazovi-i-prilike-u-21-stoljecu","status":"publish","type":"post","link":"https:\/\/historiografija.hr\/?p=43120","title":{"rendered":"Odr\u017eana konferencija \u201eInstitucionalno sje\u0107anje na usta\u0161ke logore u Drugom svjetskom ratu u Republici Hrvatskoj: izazovi i prilike u 21. stolje\u0107u\u201d"},"content":{"rendered":"\n<p>U ponedjeljak, 28. listopada 2024. godine, odr\u017eana je konferencija <strong>\u201eInstitucionalno sje\u0107anje na usta\u0161ke logore u Drugom svjetskom ratu u Republici Hrvatskoj: izazovi i prilike u 21. stolje\u0107u<\/strong>\u201d u organizaciji Centra za istra\u017eivanje Holokausta i genocida na jugoistoku Europe pri Filozofskom fakultetu Sveu\u010dili\u0161ta u Rijeci, <em>Documente <\/em>\u2013 Centra za suo\u010davanje s pro\u0161lo\u0161\u0107u i Kulturnog informativnog centra \u2013 KIC.<\/p>\n\n\n\n<p>Suo\u010deni s izazovima revizije pro\u0161losti, kreiranja politiziranih narativa o kolektivnom sje\u0107anju, ali i novih pristupa i metoda u institucionalizaciji sje\u0107anja, \u017eeljeli smo okupiti vode\u0107e stru\u010dnjake u podru\u010dju istra\u017eivanja povijesti i sje\u0107anja na zlo\u010dine usta\u0161kog re\u017eima i pru\u017eiti im platformu za raspravu o izazovima u komemoriranju razli\u010ditih mjesta stradanja na podru\u010dju Republike Hrvatske, te prilikama da Hrvatska postane regionalni primjer historiografske i memorijalne prakse 21. stolje\u0107a. Zahvalni smo svima koji su se odazvali, u nadi da \u0107e se sljede\u0107om prilikom pridru\u017eiti i neki koji 28. listopada 2024. nisu mogli biti s nama.<\/p>\n\n\n\n<p>Izvje\u0161taj s konferencije nalazi se u prilogu:<\/p>\n\n\n\n<figure class=\"wp-block-embed-wordpress wp-block-embed is-type-wp-embed is-provider-documenta\"><div class=\"wp-block-embed__wrapper\">\n<blockquote class=\"wp-embedded-content\" data-secret=\"WmAMVUliYx\"><a href=\"https:\/\/documenta.hr\/novosti\/odrzana-konferencija-institucionalno-sjecanje-na-ustaske-logore-u-drugom-svjetskom-ratu-u-republici-hrvatskoj-izazovi-i-prilike-u-21-stoljecu\/\">Odr\u017eana konferencija \u201eInstitucionalno sje\u0107anje na usta\u0161ke logore u Drugom svjetskom ratu u Republici Hrvatskoj: izazovi i prilike u 21. stolje\u0107u&#8221;<\/a><\/blockquote><iframe loading=\"lazy\" class=\"wp-embedded-content\" sandbox=\"allow-scripts\" security=\"restricted\" style=\"position: absolute; clip: rect(1px, 1px, 1px, 1px);\" title=\"&#8220;Odr\u017eana konferencija \u201eInstitucionalno sje\u0107anje na usta\u0161ke logore u Drugom svjetskom ratu u Republici Hrvatskoj: izazovi i prilike u 21. stolje\u0107u&#8221;&#8221; &#8212; Documenta\" src=\"https:\/\/documenta.hr\/novosti\/odrzana-konferencija-institucionalno-sjecanje-na-ustaske-logore-u-drugom-svjetskom-ratu-u-republici-hrvatskoj-izazovi-i-prilike-u-21-stoljecu\/embed\/#?secret=WmAMVUliYx\" data-secret=\"WmAMVUliYx\" width=\"600\" height=\"338\" frameborder=\"0\" marginwidth=\"0\" marginheight=\"0\" scrolling=\"no\"><\/iframe>\n<\/div><\/figure>\n\n\n\n<hr class=\"wp-block-separator\"\/>\n\n\n\n<p>Iz medija:<\/p>\n\n\n\n<figure class=\"wp-block-embed-wordpress wp-block-embed is-type-wp-embed is-provider-h-alter\"><div class=\"wp-block-embed__wrapper\">\n<blockquote class=\"wp-embedded-content\" data-secret=\"bisu2du1ww\"><a href=\"https:\/\/h-alter.org\/vijesti\/institucionalno-sjecanje-na-ustaske-logore-u-drugom-svjetskom-ratu-u-republici-hrvatskoj\/\">Institucionalno sje\u0107anje na usta\u0161ke logore u Drugom svjetskom ratu u Republici Hrvatskoj<\/a><\/blockquote><iframe loading=\"lazy\" class=\"wp-embedded-content\" sandbox=\"allow-scripts\" security=\"restricted\" style=\"position: absolute; clip: rect(1px, 1px, 1px, 1px);\" title=\"&#8220;Institucionalno sje\u0107anje na usta\u0161ke logore u Drugom svjetskom ratu u Republici Hrvatskoj&#8221; &#8212; H-Alter\" src=\"https:\/\/h-alter.org\/vijesti\/institucionalno-sjecanje-na-ustaske-logore-u-drugom-svjetskom-ratu-u-republici-hrvatskoj\/embed\/#?secret=qq5Da1zfKo#?secret=bisu2du1ww\" data-secret=\"bisu2du1ww\" width=\"600\" height=\"338\" frameborder=\"0\" marginwidth=\"0\" marginheight=\"0\" scrolling=\"no\"><\/iframe>\n<\/div><\/figure>\n\n\n\n<figure class=\"wp-block-embed-wordpress wp-block-embed is-type-wp-embed is-provider-autograf-hr\"><div class=\"wp-block-embed__wrapper\">\n<blockquote class=\"wp-embedded-content\" data-secret=\"lzNbIbiV6s\"><a href=\"https:\/\/autograf.hr\/hrvatska-se-izolira-kao-srediste-zatucanog-revizionizma\/\">Hrvatska se izolira kao sredi\u0161te zatucanog revizionizma<\/a><\/blockquote><iframe loading=\"lazy\" class=\"wp-embedded-content\" sandbox=\"allow-scripts\" security=\"restricted\" style=\"position: absolute; clip: rect(1px, 1px, 1px, 1px);\" title=\"&#8220;Hrvatska se izolira kao sredi\u0161te zatucanog revizionizma&#8221; &#8212; Autograf.hr\" src=\"https:\/\/autograf.hr\/hrvatska-se-izolira-kao-srediste-zatucanog-revizionizma\/embed\/#?secret=3ZBCOgIpX9#?secret=lzNbIbiV6s\" data-secret=\"lzNbIbiV6s\" width=\"600\" height=\"338\" frameborder=\"0\" marginwidth=\"0\" marginheight=\"0\" scrolling=\"no\"><\/iframe>\n<\/div><\/figure>\n\n\n\n<p><a href=\"https:\/\/portalnovosti.com\/politika-sjecanja-svodi-se-na-zatucani-revizionizam\">https:\/\/portalnovosti.com\/politika-sjecanja-svodi-se-na-zatucani-revizionizam<\/a><\/p>\n\n\n\n<figure class=\"wp-block-embed-wordpress wp-block-embed is-type-wp-embed is-provider-narod-hr\"><div class=\"wp-block-embed__wrapper\">\n<blockquote class=\"wp-embedded-content\" data-secret=\"TN8t2KB4gU\"><a href=\"https:\/\/narod.hr\/hrvatska\/documenta-i-pupovceve-novosti-s-antifasistima-u-borbi-protiv-zatucanog-revizionizma\">Documenta i Pupov\u010deve &#8216;Novosti&#8217; s &#8216;antifa\u0161istima&#8217; u borbi protiv &#8216;zatucanog&#8217; revizionizma<\/a><\/blockquote><iframe loading=\"lazy\" class=\"wp-embedded-content\" sandbox=\"allow-scripts\" security=\"restricted\" style=\"position: absolute; clip: rect(1px, 1px, 1px, 1px);\" title=\"&#8220;Documenta i Pupov\u010deve &#8216;Novosti&#8217; s &#8216;antifa\u0161istima&#8217; u borbi protiv &#8216;zatucanog&#8217; revizionizma&#8221; &#8212; narod.hr\" src=\"https:\/\/narod.hr\/hrvatska\/documenta-i-pupovceve-novosti-s-antifasistima-u-borbi-protiv-zatucanog-revizionizma\/embed#?secret=KxkAfSsu3a#?secret=TN8t2KB4gU\" data-secret=\"TN8t2KB4gU\" width=\"600\" height=\"338\" frameborder=\"0\" marginwidth=\"0\" marginheight=\"0\" scrolling=\"no\"><\/iframe>\n<\/div><\/figure>\n\n\n\n<figure class=\"wp-block-embed-wordpress wp-block-embed is-type-wp-embed is-provider-nacional-hr\"><div class=\"wp-block-embed__wrapper\">\n<blockquote class=\"wp-embedded-content\" data-secret=\"D5XHAIA0dW\"><a href=\"https:\/\/www.nacional.hr\/ljiljana-radonic-hrvatska-vlada-se-trudi-poricati-dokazan-genocid-nad-srbima-u-ndh\/\">LJILJANA RADONI\u0106: &#8216;Hrvatska vlada se trudi poricati dokazan genocid nad Srbima u NDH&#8217;<\/a><\/blockquote><iframe loading=\"lazy\" class=\"wp-embedded-content\" sandbox=\"allow-scripts\" security=\"restricted\" style=\"position: absolute; clip: rect(1px, 1px, 1px, 1px);\" title=\"&#8220;LJILJANA RADONI\u0106: &#8216;Hrvatska vlada se trudi poricati dokazan genocid nad Srbima u NDH&#8217;&#8221; &#8212; NACIONAL.HR\" src=\"https:\/\/www.nacional.hr\/ljiljana-radonic-hrvatska-vlada-se-trudi-poricati-dokazan-genocid-nad-srbima-u-ndh\/embed\/#?secret=imh8Cty559#?secret=D5XHAIA0dW\" data-secret=\"D5XHAIA0dW\" width=\"600\" height=\"338\" frameborder=\"0\" marginwidth=\"0\" marginheight=\"0\" scrolling=\"no\"><\/iframe>\n<\/div><\/figure>\n\n\n\n<figure class=\"wp-block-embed-youtube wp-block-embed is-type-video is-provider-youtube wp-embed-aspect-16-9 wp-has-aspect-ratio\"><div class=\"wp-block-embed__wrapper\">\n<span class=\"embed-youtube\" style=\"text-align:center; display: block;\"><iframe loading=\"lazy\" class=\"youtube-player\" width=\"860\" height=\"484\" src=\"https:\/\/www.youtube.com\/embed\/vpxbNt0lr-4?version=3&#038;rel=1&#038;showsearch=0&#038;showinfo=1&#038;iv_load_policy=1&#038;fs=1&#038;hl=hr&#038;autohide=2&#038;wmode=transparent\" allowfullscreen=\"true\" style=\"border:0;\" sandbox=\"allow-scripts allow-same-origin allow-popups allow-presentation allow-popups-to-escape-sandbox\"><\/iframe><\/span>\n<\/div><\/figure>\n\n\n\n<hr class=\"wp-block-separator\"\/>\n","protected":false},"excerpt":{"rendered":"","protected":false},"author":2,"featured_media":43121,"comment_status":"open","ping_status":"open","sticky":false,"template":"","format":"standard","meta":{"_acf_changed":false,"jetpack_post_was_ever_published":false,"_jetpack_newsletter_access":"","_jetpack_dont_email_post_to_subs":false,"_jetpack_newsletter_tier_id":0,"_jetpack_memberships_contains_paywalled_content":false,"_jetpack_memberships_contains_paid_content":false,"footnotes":"","jetpack_publicize_message":"","jetpack_publicize_feature_enabled":true,"jetpack_social_post_already_shared":true,"jetpack_social_options":{"image_generator_settings":{"template":"highway","default_image_id":0,"font":"","enabled":false},"version":2}},"categories":[3],"tags":[],"class_list":["post-43120","post","type-post","status-publish","format-standard","has-post-thumbnail","hentry","category-novosti"],"acf":{"facebook_opis":""},"jetpack_publicize_connections":[],"jetpack_featured_media_url":"https:\/\/i0.wp.com\/historiografija.hr\/wp-content\/uploads\/2024\/11\/Konferencija.jpg?fit=937%2C528&ssl=1","jetpack_sharing_enabled":true,"jetpack-related-posts":[],"_links":{"self":[{"href":"https:\/\/historiografija.hr\/index.php?rest_route=\/wp\/v2\/posts\/43120","targetHints":{"allow":["GET"]}}],"collection":[{"href":"https:\/\/historiografija.hr\/index.php?rest_route=\/wp\/v2\/posts"}],"about":[{"href":"https:\/\/historiografija.hr\/index.php?rest_route=\/wp\/v2\/types\/post"}],"author":[{"embeddable":true,"href":"https:\/\/historiografija.hr\/index.php?rest_route=\/wp\/v2\/users\/2"}],"replies":[{"embeddable":true,"href":"https:\/\/historiografija.hr\/index.php?rest_route=%2Fwp%2Fv2%2Fcomments&post=43120"}],"version-history":[{"count":1,"href":"https:\/\/historiografija.hr\/index.php?rest_route=\/wp\/v2\/posts\/43120\/revisions"}],"predecessor-version":[{"id":43122,"href":"https:\/\/historiografija.hr\/index.php?rest_route=\/wp\/v2\/posts\/43120\/revisions\/43122"}],"wp:featuredmedia":[{"embeddable":true,"href":"https:\/\/historiografija.hr\/index.php?rest_route=\/wp\/v2\/media\/43121"}],"wp:attachment":[{"href":"https:\/\/historiografija.hr\/index.php?rest_route=%2Fwp%2Fv2%2Fmedia&parent=43120"}],"wp:term":[{"taxonomy":"category","embeddable":true,"href":"https:\/\/historiografija.hr\/index.php?rest_route=%2Fwp%2Fv2%2Fcategories&post=43120"},{"taxonomy":"post_tag","embeddable":true,"href":"https:\/\/historiografija.hr\/index.php?rest_route=%2Fwp%2Fv2%2Ftags&post=43120"}],"curies":[{"name":"wp","href":"https:\/\/api.w.org\/{rel}","templated":true}]}}