{"id":43114,"date":"2024-11-07T21:54:37","date_gmt":"2024-11-07T21:54:37","guid":{"rendered":"http:\/\/historiografija.hr\/?p=43114"},"modified":"2024-11-07T21:54:37","modified_gmt":"2024-11-07T21:54:37","slug":"predavanje-martine-piskor-kveder-i-zagorka-suradnja-koja-to-nije","status":"publish","type":"post","link":"https:\/\/historiografija.hr\/?p=43114","title":{"rendered":"Predavanje Martine Pi\u0161kor \u201eKveder i Zagorka: suradnja koja to nije\u201c"},"content":{"rendered":"\n<p>Memorijalni stan Marije Juri\u0107 Zagorke poziva vas na predavanje Martine Pi\u0161kor \u201eKveder i Zagorka: suradnja koja to nije\u201d koje \u0107e se odr\u017eati 13. studenoga 2024. s po\u010detkom u 19h u sklopu Ciklusa predavanja u Memorijalnom stanu Marije Juri\u0107 Zagorke.<\/p>\n\n\n\n<p>Marija Juri\u0107 Zagorka i Zofka Kveder \u017eivjele su i radile u istom vremenskom periodu u Zagrebu. Kada je Zofka pokrenula prvi \u017eenski list \u201e\u017denski svijet\u201c, kasnije preimenovan u \u201eJugoslavenska \u017eena\u201c, obje su bile etablirane i priznate javne osobe. Kveder je pozvala Zagorku na suradnju, a kako je to izgledalo do 1917. godine kada je \u010dasopis pokrenut do 1919. godine kada je uga\u0161en? Kako je Zofka branila Zagorku i kakve veze s tim ima Adela Mil\u010dinovi\u0107? Kako je Zagorka kona\u010dno \u201esru\u0161ila zadnju ma\u0111arsku kulu\u201c?<\/p>\n\n\n\n<p>Sve to i mnogo vi\u0161e saznat \u0107ete na predavanju Martine Pi\u0161kor.<\/p>\n\n\n\n<p>Veselimo se Va\u0161em dolasku!<\/p>\n\n\n\n<p>Program financijski podupire Grad Zagreb i Ministarstvo kulture i medija.<\/p>\n\n\n\n<hr class=\"wp-block-separator\"\/>\n","protected":false},"excerpt":{"rendered":"","protected":false},"author":2,"featured_media":43115,"comment_status":"open","ping_status":"open","sticky":false,"template":"","format":"standard","meta":{"_acf_changed":false,"jetpack_post_was_ever_published":false,"_jetpack_newsletter_access":"","_jetpack_dont_email_post_to_subs":false,"_jetpack_newsletter_tier_id":0,"_jetpack_memberships_contains_paywalled_content":false,"_jetpack_memberships_contains_paid_content":false,"footnotes":"","jetpack_publicize_message":"","jetpack_publicize_feature_enabled":true,"jetpack_social_post_already_shared":true,"jetpack_social_options":{"image_generator_settings":{"template":"highway","default_image_id":0,"font":"","enabled":false},"version":2}},"categories":[3],"tags":[],"class_list":["post-43114","post","type-post","status-publish","format-standard","has-post-thumbnail","hentry","category-novosti"],"acf":{"facebook_opis":""},"jetpack_publicize_connections":[],"jetpack_featured_media_url":"https:\/\/i0.wp.com\/historiografija.hr\/wp-content\/uploads\/2024\/11\/Zagorka_ciklus.jpg?fit=1410%2C1182&ssl=1","jetpack_sharing_enabled":true,"jetpack-related-posts":[],"_links":{"self":[{"href":"https:\/\/historiografija.hr\/index.php?rest_route=\/wp\/v2\/posts\/43114","targetHints":{"allow":["GET"]}}],"collection":[{"href":"https:\/\/historiografija.hr\/index.php?rest_route=\/wp\/v2\/posts"}],"about":[{"href":"https:\/\/historiografija.hr\/index.php?rest_route=\/wp\/v2\/types\/post"}],"author":[{"embeddable":true,"href":"https:\/\/historiografija.hr\/index.php?rest_route=\/wp\/v2\/users\/2"}],"replies":[{"embeddable":true,"href":"https:\/\/historiografija.hr\/index.php?rest_route=%2Fwp%2Fv2%2Fcomments&post=43114"}],"version-history":[{"count":1,"href":"https:\/\/historiografija.hr\/index.php?rest_route=\/wp\/v2\/posts\/43114\/revisions"}],"predecessor-version":[{"id":43116,"href":"https:\/\/historiografija.hr\/index.php?rest_route=\/wp\/v2\/posts\/43114\/revisions\/43116"}],"wp:featuredmedia":[{"embeddable":true,"href":"https:\/\/historiografija.hr\/index.php?rest_route=\/wp\/v2\/media\/43115"}],"wp:attachment":[{"href":"https:\/\/historiografija.hr\/index.php?rest_route=%2Fwp%2Fv2%2Fmedia&parent=43114"}],"wp:term":[{"taxonomy":"category","embeddable":true,"href":"https:\/\/historiografija.hr\/index.php?rest_route=%2Fwp%2Fv2%2Fcategories&post=43114"},{"taxonomy":"post_tag","embeddable":true,"href":"https:\/\/historiografija.hr\/index.php?rest_route=%2Fwp%2Fv2%2Ftags&post=43114"}],"curies":[{"name":"wp","href":"https:\/\/api.w.org\/{rel}","templated":true}]}}