{"id":43109,"date":"2024-11-06T17:57:04","date_gmt":"2024-11-06T17:57:04","guid":{"rendered":"http:\/\/historiografija.hr\/?p=43109"},"modified":"2024-11-06T17:58:49","modified_gmt":"2024-11-06T17:58:49","slug":"predavanje-vojnici-zarobljenici-grobovi-uz-110-obljetnicu-prvoga-svjetskog-rata","status":"publish","type":"post","link":"https:\/\/historiografija.hr\/?p=43109","title":{"rendered":"Predavanje &#8220;Vojnici, zarobljenici, grobovi \u2013 uz 110. obljetnicu Prvoga svjetskog rata&#8221;"},"content":{"rendered":"\n<p>Institut dru\u0161tvenih znanosti Ivo Pilar, Hrvatski institut za povijest i Udruga 1914.-1918 pozivaju na predavanje VOJNICI, ZAROBLJENICI, GROBOVI \u2013 UZ 110. OBLJETNICU PRVOGA SVJETSKOG RATA koje \u0107e se odr\u017eati 11. studenoga 2024. s po\u010detkom u 18 sati u Multimedijalnoj dvorani Instituta Pilar, Maruli\u0107ev trg 19\/1, Zagreb.<\/p>\n\n\n\n<hr class=\"wp-block-separator\"\/>\n\n\n\n<figure class=\"wp-block-image size-large\"><img data-recalc-dims=\"1\" loading=\"lazy\" decoding=\"async\" width=\"620\" height=\"869\" data-attachment-id=\"43110\" data-permalink=\"https:\/\/historiografija.hr\/?attachment_id=43110\" data-orig-file=\"https:\/\/i0.wp.com\/historiografija.hr\/wp-content\/uploads\/2024\/11\/Predavanje_Prvi_svjetski_rat.jpg?fit=620%2C869&amp;ssl=1\" data-orig-size=\"620,869\" data-comments-opened=\"1\" data-image-meta=\"{&quot;aperture&quot;:&quot;0&quot;,&quot;credit&quot;:&quot;&quot;,&quot;camera&quot;:&quot;&quot;,&quot;caption&quot;:&quot;&quot;,&quot;created_timestamp&quot;:&quot;0&quot;,&quot;copyright&quot;:&quot;&quot;,&quot;focal_length&quot;:&quot;0&quot;,&quot;iso&quot;:&quot;0&quot;,&quot;shutter_speed&quot;:&quot;0&quot;,&quot;title&quot;:&quot;&quot;,&quot;orientation&quot;:&quot;0&quot;}\" data-image-title=\"Predavanje_Prvi_svjetski_rat\" data-image-description=\"\" data-image-caption=\"\" data-large-file=\"https:\/\/i0.wp.com\/historiografija.hr\/wp-content\/uploads\/2024\/11\/Predavanje_Prvi_svjetski_rat.jpg?fit=620%2C869&amp;ssl=1\" src=\"https:\/\/i0.wp.com\/historiografija.hr\/wp-content\/uploads\/2024\/11\/Predavanje_Prvi_svjetski_rat.jpg?resize=620%2C869&#038;ssl=1\" alt=\"\" class=\"wp-image-43110\" srcset=\"https:\/\/i0.wp.com\/historiografija.hr\/wp-content\/uploads\/2024\/11\/Predavanje_Prvi_svjetski_rat.jpg?w=620&amp;ssl=1 620w, https:\/\/i0.wp.com\/historiografija.hr\/wp-content\/uploads\/2024\/11\/Predavanje_Prvi_svjetski_rat.jpg?resize=214%2C300&amp;ssl=1 214w\" sizes=\"auto, (max-width: 620px) 100vw, 620px\" \/><\/figure>\n\n\n\n<hr class=\"wp-block-separator\"\/>\n\n\n\n<p>Izvori:<\/p>\n\n\n\n<p><a href=\"http:\/\/www.isp.hr\/11-11-2024-poziv-na-predavanje-vojnici-zarobljenici-grobovi-uz-110-obljetnicu-prvoga-svjetskog-rata\/\">http:\/\/www.isp.hr\/11-11-2024-poziv-na-predavanje-vojnici-zarobljenici-grobovi-uz-110-obljetnicu-prvoga-svjetskog-rata\/<\/a><\/p>\n\n\n\n<figure class=\"wp-block-embed-wordpress wp-block-embed is-type-wp-embed is-provider-institut-drustvenih-znanosti-ivo-pilar\"><div class=\"wp-block-embed__wrapper\">\n<blockquote class=\"wp-embedded-content\" data-secret=\"fMbep09sSf\"><a href=\"https:\/\/www.pilar.hr\/2024\/10\/predavanje-vojnici-zarobljenici-grobovi-uz-110-obljetnicu-prvoga-svjetskog-rata-zagreb-11-11-2024\/\">Predavanje: VOJNICI, ZAROBLJENICI, GROBOVI &#8211; UZ 110. OBLJETNICU PRVOGA SVJETSKOG RATA; Zagreb, 11. 11. 2024.<\/a><\/blockquote><iframe loading=\"lazy\" class=\"wp-embedded-content\" sandbox=\"allow-scripts\" security=\"restricted\" style=\"position: absolute; clip: rect(1px, 1px, 1px, 1px);\" title=\"&#8220;Predavanje: VOJNICI, ZAROBLJENICI, GROBOVI &#8211; UZ 110. OBLJETNICU PRVOGA SVJETSKOG RATA; Zagreb, 11. 11. 2024.&#8221; &#8212; Institut dru\u0161tvenih znanosti Ivo Pilar\" src=\"https:\/\/www.pilar.hr\/2024\/10\/predavanje-vojnici-zarobljenici-grobovi-uz-110-obljetnicu-prvoga-svjetskog-rata-zagreb-11-11-2024\/embed\/#?secret=BQWFbJDZMl#?secret=fMbep09sSf\" data-secret=\"fMbep09sSf\" width=\"600\" height=\"338\" frameborder=\"0\" marginwidth=\"0\" marginheight=\"0\" scrolling=\"no\"><\/iframe>\n<\/div><\/figure>\n\n\n\n<hr class=\"wp-block-separator\"\/>\n","protected":false},"excerpt":{"rendered":"","protected":false},"author":2,"featured_media":43110,"comment_status":"open","ping_status":"open","sticky":false,"template":"","format":"standard","meta":{"_acf_changed":false,"jetpack_post_was_ever_published":false,"_jetpack_newsletter_access":"","_jetpack_dont_email_post_to_subs":false,"_jetpack_newsletter_tier_id":0,"_jetpack_memberships_contains_paywalled_content":false,"_jetpack_memberships_contains_paid_content":false,"footnotes":"","jetpack_publicize_message":"","jetpack_publicize_feature_enabled":true,"jetpack_social_post_already_shared":true,"jetpack_social_options":{"image_generator_settings":{"template":"highway","default_image_id":0,"font":"","enabled":false},"version":2}},"categories":[3],"tags":[],"class_list":["post-43109","post","type-post","status-publish","format-standard","has-post-thumbnail","hentry","category-novosti"],"acf":{"facebook_opis":""},"jetpack_publicize_connections":[],"jetpack_featured_media_url":"https:\/\/i0.wp.com\/historiografija.hr\/wp-content\/uploads\/2024\/11\/Predavanje_Prvi_svjetski_rat.jpg?fit=620%2C869&ssl=1","jetpack_sharing_enabled":true,"jetpack-related-posts":[],"_links":{"self":[{"href":"https:\/\/historiografija.hr\/index.php?rest_route=\/wp\/v2\/posts\/43109","targetHints":{"allow":["GET"]}}],"collection":[{"href":"https:\/\/historiografija.hr\/index.php?rest_route=\/wp\/v2\/posts"}],"about":[{"href":"https:\/\/historiografija.hr\/index.php?rest_route=\/wp\/v2\/types\/post"}],"author":[{"embeddable":true,"href":"https:\/\/historiografija.hr\/index.php?rest_route=\/wp\/v2\/users\/2"}],"replies":[{"embeddable":true,"href":"https:\/\/historiografija.hr\/index.php?rest_route=%2Fwp%2Fv2%2Fcomments&post=43109"}],"version-history":[{"count":3,"href":"https:\/\/historiografija.hr\/index.php?rest_route=\/wp\/v2\/posts\/43109\/revisions"}],"predecessor-version":[{"id":43113,"href":"https:\/\/historiografija.hr\/index.php?rest_route=\/wp\/v2\/posts\/43109\/revisions\/43113"}],"wp:featuredmedia":[{"embeddable":true,"href":"https:\/\/historiografija.hr\/index.php?rest_route=\/wp\/v2\/media\/43110"}],"wp:attachment":[{"href":"https:\/\/historiografija.hr\/index.php?rest_route=%2Fwp%2Fv2%2Fmedia&parent=43109"}],"wp:term":[{"taxonomy":"category","embeddable":true,"href":"https:\/\/historiografija.hr\/index.php?rest_route=%2Fwp%2Fv2%2Fcategories&post=43109"},{"taxonomy":"post_tag","embeddable":true,"href":"https:\/\/historiografija.hr\/index.php?rest_route=%2Fwp%2Fv2%2Ftags&post=43109"}],"curies":[{"name":"wp","href":"https:\/\/api.w.org\/{rel}","templated":true}]}}