{"id":43104,"date":"2024-11-06T17:39:39","date_gmt":"2024-11-06T17:39:39","guid":{"rendered":"http:\/\/historiografija.hr\/?p=43104"},"modified":"2024-11-06T17:43:21","modified_gmt":"2024-11-06T17:43:21","slug":"okrugli-stol-pacta-conventa-1102-u-madarskoj-i-hrvatskoj-povijesti-u-osijeku","status":"publish","type":"post","link":"https:\/\/historiografija.hr\/?p=43104","title":{"rendered":"Okrugli stol \u201cPacta Conventa (1102.) u ma\u0111arskoj i hrvatskoj povijesti\u201d u Osijeku"},"content":{"rendered":"\n<p>Okrugli stol \u201cPacta Conventa (1102.) u ma\u0111arskoj i hrvatskoj povijesti\u201d odr\u017eat \u0107e se 11. studenoga 2024. godine u 18 sati na Filozofskom fakultetu Sveu\u010dili\u0161ta J. J. Strossmayera u Osijeku.<\/p>\n\n\n\n<hr class=\"wp-block-separator\"\/>\n\n\n\n<div class=\"wp-block-file\"><a href=\"https:\/\/historiografija.hr\/wp-content\/uploads\/2024\/11\/Okrugli_stol_program.pdf\">Okrugli_stol_program<\/a><a href=\"https:\/\/historiografija.hr\/wp-content\/uploads\/2024\/11\/Okrugli_stol_program.pdf\" class=\"wp-block-file__button\" download>Preuzmi<\/a><\/div>\n\n\n\n<hr class=\"wp-block-separator\"\/>\n\n\n\n<p>Izvor i dodatne obavijesti:<\/p>\n\n\n\n<figure class=\"wp-block-embed-wordpress wp-block-embed is-type-wp-embed is-provider-filozofski-fakultet-osijek\"><div class=\"wp-block-embed__wrapper\">\n<blockquote class=\"wp-embedded-content\" data-secret=\"S4Hnzdb7Cg\"><a href=\"https:\/\/www.ffos.unios.hr\/okrugli-stol-pacta-conventa-1102-u-madarskoj-i-hrvatskoj-povijesti\/\">Okrugli stol &#8220;Pacta Conventa (1102.) u ma\u0111arskoj i hrvatskoj povijesti&#8221;<\/a><\/blockquote><iframe loading=\"lazy\" class=\"wp-embedded-content\" sandbox=\"allow-scripts\" security=\"restricted\" style=\"position: absolute; clip: rect(1px, 1px, 1px, 1px);\" title=\"&#8220;Okrugli stol &#8220;Pacta Conventa (1102.) u ma\u0111arskoj i hrvatskoj povijesti&#8221;&#8221; &#8212; Filozofski fakultet Osijek\" src=\"https:\/\/www.ffos.unios.hr\/okrugli-stol-pacta-conventa-1102-u-madarskoj-i-hrvatskoj-povijesti\/embed\/#?secret=hAN75Wfzm3#?secret=S4Hnzdb7Cg\" data-secret=\"S4Hnzdb7Cg\" width=\"600\" height=\"338\" frameborder=\"0\" marginwidth=\"0\" marginheight=\"0\" scrolling=\"no\"><\/iframe>\n<\/div><\/figure>\n\n\n\n<hr class=\"wp-block-separator\"\/>\n","protected":false},"excerpt":{"rendered":"","protected":false},"author":2,"featured_media":43108,"comment_status":"open","ping_status":"open","sticky":false,"template":"","format":"standard","meta":{"_acf_changed":false,"jetpack_post_was_ever_published":false,"_jetpack_newsletter_access":"","_jetpack_dont_email_post_to_subs":false,"_jetpack_newsletter_tier_id":0,"_jetpack_memberships_contains_paywalled_content":false,"_jetpack_memberships_contains_paid_content":false,"footnotes":"","jetpack_publicize_message":"","jetpack_publicize_feature_enabled":true,"jetpack_social_post_already_shared":true,"jetpack_social_options":{"image_generator_settings":{"template":"highway","default_image_id":0,"font":"","enabled":false},"version":2}},"categories":[3],"tags":[],"class_list":["post-43104","post","type-post","status-publish","format-standard","has-post-thumbnail","hentry","category-novosti"],"acf":{"facebook_opis":""},"jetpack_publicize_connections":[],"jetpack_featured_media_url":"https:\/\/i0.wp.com\/historiografija.hr\/wp-content\/uploads\/2024\/11\/Okrugli-stol-Osijek.jpg?fit=1086%2C611&ssl=1","jetpack_sharing_enabled":true,"jetpack-related-posts":[],"_links":{"self":[{"href":"https:\/\/historiografija.hr\/index.php?rest_route=\/wp\/v2\/posts\/43104","targetHints":{"allow":["GET"]}}],"collection":[{"href":"https:\/\/historiografija.hr\/index.php?rest_route=\/wp\/v2\/posts"}],"about":[{"href":"https:\/\/historiografija.hr\/index.php?rest_route=\/wp\/v2\/types\/post"}],"author":[{"embeddable":true,"href":"https:\/\/historiografija.hr\/index.php?rest_route=\/wp\/v2\/users\/2"}],"replies":[{"embeddable":true,"href":"https:\/\/historiografija.hr\/index.php?rest_route=%2Fwp%2Fv2%2Fcomments&post=43104"}],"version-history":[{"count":1,"href":"https:\/\/historiografija.hr\/index.php?rest_route=\/wp\/v2\/posts\/43104\/revisions"}],"predecessor-version":[{"id":43107,"href":"https:\/\/historiografija.hr\/index.php?rest_route=\/wp\/v2\/posts\/43104\/revisions\/43107"}],"wp:featuredmedia":[{"embeddable":true,"href":"https:\/\/historiografija.hr\/index.php?rest_route=\/wp\/v2\/media\/43108"}],"wp:attachment":[{"href":"https:\/\/historiografija.hr\/index.php?rest_route=%2Fwp%2Fv2%2Fmedia&parent=43104"}],"wp:term":[{"taxonomy":"category","embeddable":true,"href":"https:\/\/historiografija.hr\/index.php?rest_route=%2Fwp%2Fv2%2Fcategories&post=43104"},{"taxonomy":"post_tag","embeddable":true,"href":"https:\/\/historiografija.hr\/index.php?rest_route=%2Fwp%2Fv2%2Ftags&post=43104"}],"curies":[{"name":"wp","href":"https:\/\/api.w.org\/{rel}","templated":true}]}}