{"id":43101,"date":"2024-11-06T17:25:58","date_gmt":"2024-11-06T17:25:58","guid":{"rendered":"http:\/\/historiografija.hr\/?p=43101"},"modified":"2024-11-06T17:25:58","modified_gmt":"2024-11-06T17:25:58","slug":"predavanje-katarine-busic-sokacko-granicarsko-hrvatsko-konstrukcija-kulturnoga-imaginarija-u-zupanjskoj-posavini","status":"publish","type":"post","link":"https:\/\/historiografija.hr\/?p=43101","title":{"rendered":"Predavanje Katarine Bu\u0161i\u0107 \u201e\u0160oka\u010dko, grani\u010darsko, hrvatsko \u2013 konstrukcija kulturnoga imaginarija u \u017dupanjskoj Posavini\u201c"},"content":{"rendered":"\n<p>U \u010detvrtak, 7. studenog 2024. u 18 sati u Etnografskog muzeju u Zagrebu Katarina Bu\u0161i\u0107 odr\u017eat \u0107e predavanje \u201e\u0160oka\u010dko, grani\u010darsko, hrvatsko \u2013 konstrukcija kulturnoga imaginarija u \u017dupanjskoj Posavini\u201c.<\/p>\n\n\n\n<hr class=\"wp-block-separator\"\/>\n\n\n\n<p>U predavanju \u0107e autorica predstaviti rezultate istra\u017eivanja zavi\u010dajnog kulturnog identiteta u \u017dupanjskoj Posavini. Polaze\u0107i od pretpostavke da su njegove temeljne odrednice komplementarni kulturni sadr\u017eaji \u0161oka\u010dkoga, grani\u010darskoga i hrvatskoga, identifikacijski procesi razmatrani su s kulturnoantropolo\u0161koga gledi\u0161ta kao strategije kojima zajednica u dru\u0161tvenoj mijeni odabire i revalorizira odre\u0111ene elemente kulturno-povijesnoga naslije\u0111a na temelju kojih se konstruira dru\u0161tveni identitet. Teorijsko upori\u0161te na\u0161lo se u odabranim elementima modernisti\u010dkih paradigmi konstruktivizma i etnosimbolizma. Istra\u017eivanje se etnografskim kvalitativnim metodama usmjerilo na na\u010dine upotrebe kulture i povijesti te se temelji na prikazu i analizi kulturnih sadr\u017eaja dugoga trajanja (mitova, simbola, sje\u0107anja) u kontekstu dru\u0161tveno-politi\u010dkih okolnosti od kraja 19. stolje\u0107a naovamo. Dio identitetskih odrednica odnosi se na op\u0107a mjesta \u0161oka\u010dkoga (zajedni\u010dko ime, teritorij, kultura, osje\u0107aj zajedni\u0161tva) kao ve\u0107e kulturne zajednice. Zavi\u010dajne posebnosti temelje se najve\u0107im dijelom na fenomenu <em>Granice<\/em>, <em>grani\u010darskog<\/em> kao kulturnoga pam\u0107enja, u okviru kojega se profilira u\u017ea identitetska jezgra \u0161oka\u0161tva. Kao dio nekada\u0161nje Vojne krajine, povijesne me\u0111e <em>Austrije<\/em> i <em>Turske<\/em>, razmatrano se podru\u010dje inkorporira u nacionalni narativ o predzi\u0111u kr\u0161\u0107anstva, pri \u010demu posebno simboli\u010dko zna\u010denje dobiva granica na Savi, a doma\u0107e stanovni\u0161tvo (popr)ima ulogu <em>hrabrih grani\u010dara<\/em>, \u010duvara od aktualnih Drugih u du\u017eem razdoblju. Recentne strategije zavi\u010dajnog pam\u0107enja prepoznatljive su u programima kulturnih manifestacija, radu udruga i plodnom stvarala\u0161tvu zavi\u010dajnih autora (kroni\u010dara, pu\u010dkih pisaca).<\/p>\n\n\n\n<hr class=\"wp-block-separator\"\/>\n\n\n\n<p>Predavanje je mogu\u0107e pratiti i preko ZOOM platforme na poveznici:<\/p>\n\n\n\n<p><a href=\"https:\/\/us02web.zoom.us\/j\/86459106358?pwd=hjpndzUbBuZMEhHdyT0oPDGKqEHDgs.1\">https:\/\/us02web.zoom.us\/j\/86459106358?pwd=hjpndzUbBuZMEhHdyT0oPDGKqEHDgs.1<\/a><\/p>\n\n\n\n<p>Meeting ID: 864 5910 6358<br>Passcode: 134142<\/p>\n\n\n\n<hr class=\"wp-block-separator\"\/>\n\n\n\n<p>Izvor:<\/p>\n\n\n\n<figure class=\"wp-block-embed-wordpress wp-block-embed is-type-wp-embed is-provider-etnografski-muzej\"><div class=\"wp-block-embed__wrapper\">\n<blockquote class=\"wp-embedded-content\" data-secret=\"ZRhI3P5MLA\"><a href=\"https:\/\/emz.hr\/dogadjanja\/sokacko-granicarsko-hrvatsko-konstrukcija-kulturnoga-imaginarija-u-zupanjskoj-posavini\/\">\u0160oka\u010dko, grani\u010darsko, hrvatsko \u2013 konstrukcija kulturnoga imaginarija u \u017dupanjskoj Posavini<\/a><\/blockquote><iframe loading=\"lazy\" class=\"wp-embedded-content\" sandbox=\"allow-scripts\" security=\"restricted\" style=\"position: absolute; clip: rect(1px, 1px, 1px, 1px);\" title=\"&#8220;\u0160oka\u010dko, grani\u010darsko, hrvatsko \u2013 konstrukcija kulturnoga imaginarija u \u017dupanjskoj Posavini&#8221; &#8212; etnografski muzej\" src=\"https:\/\/emz.hr\/dogadjanja\/sokacko-granicarsko-hrvatsko-konstrukcija-kulturnoga-imaginarija-u-zupanjskoj-posavini\/embed\/#?secret=P3Dmstl01z#?secret=ZRhI3P5MLA\" data-secret=\"ZRhI3P5MLA\" width=\"600\" height=\"338\" frameborder=\"0\" marginwidth=\"0\" marginheight=\"0\" scrolling=\"no\"><\/iframe>\n<\/div><\/figure>\n\n\n\n<hr class=\"wp-block-separator\"\/>\n","protected":false},"excerpt":{"rendered":"","protected":false},"author":2,"featured_media":43102,"comment_status":"open","ping_status":"open","sticky":false,"template":"","format":"standard","meta":{"_acf_changed":false,"jetpack_post_was_ever_published":false,"_jetpack_newsletter_access":"","_jetpack_dont_email_post_to_subs":false,"_jetpack_newsletter_tier_id":0,"_jetpack_memberships_contains_paywalled_content":false,"_jetpack_memberships_contains_paid_content":false,"footnotes":"","jetpack_publicize_message":"","jetpack_publicize_feature_enabled":true,"jetpack_social_post_already_shared":true,"jetpack_social_options":{"image_generator_settings":{"template":"highway","default_image_id":0,"font":"","enabled":false},"version":2}},"categories":[3],"tags":[],"class_list":["post-43101","post","type-post","status-publish","format-standard","has-post-thumbnail","hentry","category-novosti"],"acf":{"facebook_opis":""},"jetpack_publicize_connections":[],"jetpack_featured_media_url":"https:\/\/i0.wp.com\/historiografija.hr\/wp-content\/uploads\/2024\/11\/Vizual-Sokacko.jpg?fit=2048%2C921&ssl=1","jetpack_sharing_enabled":true,"jetpack-related-posts":[],"_links":{"self":[{"href":"https:\/\/historiografija.hr\/index.php?rest_route=\/wp\/v2\/posts\/43101","targetHints":{"allow":["GET"]}}],"collection":[{"href":"https:\/\/historiografija.hr\/index.php?rest_route=\/wp\/v2\/posts"}],"about":[{"href":"https:\/\/historiografija.hr\/index.php?rest_route=\/wp\/v2\/types\/post"}],"author":[{"embeddable":true,"href":"https:\/\/historiografija.hr\/index.php?rest_route=\/wp\/v2\/users\/2"}],"replies":[{"embeddable":true,"href":"https:\/\/historiografija.hr\/index.php?rest_route=%2Fwp%2Fv2%2Fcomments&post=43101"}],"version-history":[{"count":1,"href":"https:\/\/historiografija.hr\/index.php?rest_route=\/wp\/v2\/posts\/43101\/revisions"}],"predecessor-version":[{"id":43103,"href":"https:\/\/historiografija.hr\/index.php?rest_route=\/wp\/v2\/posts\/43101\/revisions\/43103"}],"wp:featuredmedia":[{"embeddable":true,"href":"https:\/\/historiografija.hr\/index.php?rest_route=\/wp\/v2\/media\/43102"}],"wp:attachment":[{"href":"https:\/\/historiografija.hr\/index.php?rest_route=%2Fwp%2Fv2%2Fmedia&parent=43101"}],"wp:term":[{"taxonomy":"category","embeddable":true,"href":"https:\/\/historiografija.hr\/index.php?rest_route=%2Fwp%2Fv2%2Fcategories&post=43101"},{"taxonomy":"post_tag","embeddable":true,"href":"https:\/\/historiografija.hr\/index.php?rest_route=%2Fwp%2Fv2%2Ftags&post=43101"}],"curies":[{"name":"wp","href":"https:\/\/api.w.org\/{rel}","templated":true}]}}