{"id":43097,"date":"2024-11-06T17:17:21","date_gmt":"2024-11-06T17:17:21","guid":{"rendered":"http:\/\/historiografija.hr\/?p=43097"},"modified":"2024-11-06T17:18:53","modified_gmt":"2024-11-06T17:18:53","slug":"predavanje-ivana-smoljana-od-pasivnog-podrucja-istre-do-industrijskog-centra-slucaj-istraplastike","status":"publish","type":"post","link":"https:\/\/historiografija.hr\/?p=43097","title":{"rendered":"Predavanje Ivana Smoljana \u201eOd pasivnog podru\u010dja Istre do industrijskog centra \u2013 slu\u010daj Istraplastike\u201c"},"content":{"rendered":"\n<p>U sklopu programa \u201e\u010cetvrtkom u muzeju\u201c, ovog \u010detvrtka, 7. studenog 2024., u organizaciji Muzeja grada Pazina, u pazinskom Ka\u0161telu s po\u010detkom u 18,00 sati na rasporedu je predavanje kustosa Ivana Smoljana, pod naslovom \u201eOd pasivnog podru\u010dja Istre do industrijskog centra \u2013 slu\u010daj Istraplastike\u201c.&nbsp;<\/p>\n\n\n\n<p>U izlaganju \u0107e se predstaviti razvojni put jedne od tvornica koje su djelovale u Pazinu u razdoblju socijalizma, od njezinih za\u010detaka 1957. pa do 1980-ih godina. U tom razdoblju Istraplastika je pro\u0161la put od poduze\u0107a sa specifi\u010dnim po\u010detnim problemima i svega nekoliko zaposlenih, smje\u0161tena u starogradskoj jezgri, do jednog od najzna\u010dajnijih proizvo\u0111a\u010da plasti\u010dne ambala\u017ee u biv\u0161oj Jugoslaviji. Putem je, uz jo\u0161 nekoliko zna\u010dajnih poduze\u0107a za Pazin\u0161tinu, utjecala na svakodnevicu stanovni\u0161tva i uvela sredi\u0161nju Istru u proces ubrzane modernizacije na svim razinama. Posebna pozornost usmjeriti \u0107e se i na predmete iz fundusa Muzeja grada Pazina povezane sa pazinskim gospodarstvom iz socijalisti\u010dkog razdoblja, odnosno u ovom slu\u010daju sa Istraplastikom.&nbsp;<\/p>\n\n\n\n<p>Ivan Smoljan, kustos, autor je i suautor vi\u0161e muzejskih izlo\u017ebi, kataloga izlo\u017ebi, monografija i znanstvenih \u010dlanaka, doktorand na Filozofskom fakultetu u Zagrebu, smjer Moderna i suvremena hrvatska povijest u europskom i svjetskom kontekstu, sa prijedlogom teme o modernizaciji Pazina u razdoblju socijalizma.\u00a0<\/p>\n\n\n\n<hr class=\"wp-block-separator\"\/>\n\n\n\n<p>Izvori:<\/p>\n\n\n\n<p><a href=\"https:\/\/mdc.hr\/\">https:\/\/mdc.hr\/<\/a><\/p>\n\n\n\n<p><a href=\"https:\/\/www.muzej-pazin.hr\/\">https:\/\/www.muzej-pazin.hr\/<\/a><\/p>\n\n\n\n<hr class=\"wp-block-separator\"\/>\n","protected":false},"excerpt":{"rendered":"","protected":false},"author":2,"featured_media":43098,"comment_status":"open","ping_status":"open","sticky":false,"template":"","format":"standard","meta":{"_acf_changed":false,"jetpack_post_was_ever_published":false,"_jetpack_newsletter_access":"","_jetpack_dont_email_post_to_subs":false,"_jetpack_newsletter_tier_id":0,"_jetpack_memberships_contains_paywalled_content":false,"_jetpack_memberships_contains_paid_content":false,"footnotes":"","jetpack_publicize_message":"","jetpack_publicize_feature_enabled":true,"jetpack_social_post_already_shared":true,"jetpack_social_options":{"image_generator_settings":{"template":"highway","default_image_id":0,"font":"","enabled":false},"version":2}},"categories":[3],"tags":[],"class_list":["post-43097","post","type-post","status-publish","format-standard","has-post-thumbnail","hentry","category-novosti"],"acf":{"facebook_opis":""},"jetpack_publicize_connections":[],"jetpack_featured_media_url":"https:\/\/i0.wp.com\/historiografija.hr\/wp-content\/uploads\/2024\/11\/Najava-Smoljan.jpg?fit=650%2C365&ssl=1","jetpack_sharing_enabled":true,"jetpack-related-posts":[],"_links":{"self":[{"href":"https:\/\/historiografija.hr\/index.php?rest_route=\/wp\/v2\/posts\/43097","targetHints":{"allow":["GET"]}}],"collection":[{"href":"https:\/\/historiografija.hr\/index.php?rest_route=\/wp\/v2\/posts"}],"about":[{"href":"https:\/\/historiografija.hr\/index.php?rest_route=\/wp\/v2\/types\/post"}],"author":[{"embeddable":true,"href":"https:\/\/historiografija.hr\/index.php?rest_route=\/wp\/v2\/users\/2"}],"replies":[{"embeddable":true,"href":"https:\/\/historiografija.hr\/index.php?rest_route=%2Fwp%2Fv2%2Fcomments&post=43097"}],"version-history":[{"count":2,"href":"https:\/\/historiografija.hr\/index.php?rest_route=\/wp\/v2\/posts\/43097\/revisions"}],"predecessor-version":[{"id":43100,"href":"https:\/\/historiografija.hr\/index.php?rest_route=\/wp\/v2\/posts\/43097\/revisions\/43100"}],"wp:featuredmedia":[{"embeddable":true,"href":"https:\/\/historiografija.hr\/index.php?rest_route=\/wp\/v2\/media\/43098"}],"wp:attachment":[{"href":"https:\/\/historiografija.hr\/index.php?rest_route=%2Fwp%2Fv2%2Fmedia&parent=43097"}],"wp:term":[{"taxonomy":"category","embeddable":true,"href":"https:\/\/historiografija.hr\/index.php?rest_route=%2Fwp%2Fv2%2Fcategories&post=43097"},{"taxonomy":"post_tag","embeddable":true,"href":"https:\/\/historiografija.hr\/index.php?rest_route=%2Fwp%2Fv2%2Ftags&post=43097"}],"curies":[{"name":"wp","href":"https:\/\/api.w.org\/{rel}","templated":true}]}}