{"id":43094,"date":"2024-11-06T17:05:23","date_gmt":"2024-11-06T17:05:23","guid":{"rendered":"http:\/\/historiografija.hr\/?p=43094"},"modified":"2024-11-06T17:05:23","modified_gmt":"2024-11-06T17:05:23","slug":"medunarodna-znanstvena-i-umjetnicka-konferencija-sorgo-290","status":"publish","type":"post","link":"https:\/\/historiografija.hr\/?p=43094","title":{"rendered":"Me\u0111unarodna znanstvena i umjetni\u010dka konferencija SORGO 290"},"content":{"rendered":"\n<p>Povodom obilje\u017eavanja 290. obljetnice ro\u0111enja dubrova\u010dkog plemi\u0107a, diplomata i skladatelja Luke Antunova Sorga [Sorko\u010devi\u0107a] (Dubrovnik, 13. sije\u010dnja 1734. \u2013 Dubrovnik, 11. rujna 1789.), u Dubrovniku \u0107e se od 7. do 10. studenoga 2024. odr\u017eati me\u0111unarodna znanstvena i umjetni\u010dka konferencija SORGO 290 na temu \u201eKulturno-povijesni, glazbeni i obrazovni mostovi izme\u0111u Srednje Europe, Sredozemlja i hrvatskoga juga u vrijeme Luke Sorga\u201d.<\/p>\n\n\n\n<p>Konferenciju posve\u0107enu uglednom predstavniku Dubrova\u010dke Republike, jednoj od najzna\u010dajnijih skladateljskih osobnosti na dubrova\u010dkom tlu u 18. stolje\u0107u, za\u010detniku hrvatskoga simfonijskog stvarala\u0161tva, istaknutoj li\u010dnosti u politi\u010dkoj i kulturnoj memoriji Grada, organiziraju Dubrova\u010dki muzeji, Umjetni\u010dka akademija Sveu\u010dili\u0161ta u Splitu i Sveu\u010dili\u0161te u Dubrovniku, a Organizacijski i Znanstveni odbor predvodi doc. dr. sc. Jelica Valjalo Kaporelo.&nbsp;<\/p>\n\n\n\n<p>Konferencija okuplja vi\u0161e od \u010detrdeset doma\u0107ih i stranih znanstvenika i stru\u010dnjaka iz sedam zemalja koji \u0107e u interdisciplinarnom dijalogu rekonstruirati zaboravljene kulturno-povijesne, glazbene i obrazovne veze izme\u0111u Dubrova\u010dke Republike i srednjoeuropskih, sredozemnih i hrvatskih zemalja u razdoblju prosvjetiteljstva. Slijedom dosada\u0161njih vi\u0161edesetljetnih istra\u017eivanja o istaknutim dubrova\u010dkim &#8220;sinovima&#8221;, u ovom slu\u010daju o pripadnicima ogranka humanista i poklisara Antuna Lukina Sorga (1693. \u2013 1765.), konferencija \u0107e se usredoto\u010diti na daljnje rasvjetljavanje arhivske gra\u0111e o \u017eivotu, razgranatom djelovanju i stvarala\u0161tvu Luke Sorga, pritom ne zaobilaze\u0107i ni \u010dlanove njegova obiteljskog i kulturnog kruga.&nbsp;<\/p>\n\n\n\n<p>Sve\u010dano otvorenje konferencije odr\u017eat \u0107e se u \u010detvrtak, 7. studenoga 2024. u 16:30 u Kne\u017eevu dvoru, nakon \u010dega \u0107e u Kazali\u0161tu Marina Dr\u017ei\u0107a u 18:30 sati uslijediti uvodno pozvano predavanje akademika Stjepana \u0106osi\u0107a (Hrvatska akademija znanosti i umjetnosti; Institut za istra\u017eivanje migracija) na temu \u201eDubrova\u010dka Republika u vrijeme Luke Sorko\u010devi\u0107a (1734. \u2013 1789.)\u201c.<\/p>\n\n\n\n<p>Cjeloviti program konferencije koji sadr\u017ei radionice te brojne koncertne i ostale popratne programe otvorene za \u0161iru javnost, mo\u017eete prona\u0107i na poveznici <a rel=\"noreferrer noopener\" href=\"https:\/\/www.dumus.hr\/files\/file\/novosti\/2024\/10\/sorgo-290-program.pdf\" target=\"_blank\">https:\/\/www.dumus.hr\/files\/file\/novosti\/2024\/10\/sorgo-290-program.pdf<\/a>.<\/p>\n\n\n\n<hr class=\"wp-block-separator\"\/>\n\n\n\n<p>Izvor:<\/p>\n\n\n\n<p><a href=\"https:\/\/www.dumus.hr\/hr\/kulturno-povijesni-muzej\/novosti\/medunarodna-znanstvena-i-umjetnicka-konferencija-sorgo-290,797.html\">https:\/\/www.dumus.hr\/hr\/kulturno-povijesni-muzej\/novosti\/medunarodna-znanstvena-i-umjetnicka-konferencija-sorgo-290,797.html<\/a><\/p>\n\n\n\n<hr class=\"wp-block-separator\"\/>\n","protected":false},"excerpt":{"rendered":"","protected":false},"author":2,"featured_media":43095,"comment_status":"open","ping_status":"open","sticky":false,"template":"","format":"standard","meta":{"_acf_changed":false,"jetpack_post_was_ever_published":false,"_jetpack_newsletter_access":"","_jetpack_dont_email_post_to_subs":false,"_jetpack_newsletter_tier_id":0,"_jetpack_memberships_contains_paywalled_content":false,"_jetpack_memberships_contains_paid_content":false,"footnotes":"","jetpack_publicize_message":"","jetpack_publicize_feature_enabled":true,"jetpack_social_post_already_shared":true,"jetpack_social_options":{"image_generator_settings":{"template":"highway","default_image_id":0,"font":"","enabled":false},"version":2}},"categories":[3,9],"tags":[],"class_list":["post-43094","post","type-post","status-publish","format-standard","has-post-thumbnail","hentry","category-novosti","category-skupovi"],"acf":{"facebook_opis":""},"jetpack_publicize_connections":[],"jetpack_featured_media_url":"https:\/\/i0.wp.com\/historiografija.hr\/wp-content\/uploads\/2024\/11\/SORGO.jpg?fit=765%2C1080&ssl=1","jetpack_sharing_enabled":true,"jetpack-related-posts":[],"_links":{"self":[{"href":"https:\/\/historiografija.hr\/index.php?rest_route=\/wp\/v2\/posts\/43094","targetHints":{"allow":["GET"]}}],"collection":[{"href":"https:\/\/historiografija.hr\/index.php?rest_route=\/wp\/v2\/posts"}],"about":[{"href":"https:\/\/historiografija.hr\/index.php?rest_route=\/wp\/v2\/types\/post"}],"author":[{"embeddable":true,"href":"https:\/\/historiografija.hr\/index.php?rest_route=\/wp\/v2\/users\/2"}],"replies":[{"embeddable":true,"href":"https:\/\/historiografija.hr\/index.php?rest_route=%2Fwp%2Fv2%2Fcomments&post=43094"}],"version-history":[{"count":1,"href":"https:\/\/historiografija.hr\/index.php?rest_route=\/wp\/v2\/posts\/43094\/revisions"}],"predecessor-version":[{"id":43096,"href":"https:\/\/historiografija.hr\/index.php?rest_route=\/wp\/v2\/posts\/43094\/revisions\/43096"}],"wp:featuredmedia":[{"embeddable":true,"href":"https:\/\/historiografija.hr\/index.php?rest_route=\/wp\/v2\/media\/43095"}],"wp:attachment":[{"href":"https:\/\/historiografija.hr\/index.php?rest_route=%2Fwp%2Fv2%2Fmedia&parent=43094"}],"wp:term":[{"taxonomy":"category","embeddable":true,"href":"https:\/\/historiografija.hr\/index.php?rest_route=%2Fwp%2Fv2%2Fcategories&post=43094"},{"taxonomy":"post_tag","embeddable":true,"href":"https:\/\/historiografija.hr\/index.php?rest_route=%2Fwp%2Fv2%2Ftags&post=43094"}],"curies":[{"name":"wp","href":"https:\/\/api.w.org\/{rel}","templated":true}]}}