{"id":43091,"date":"2024-11-06T17:00:47","date_gmt":"2024-11-06T17:00:47","guid":{"rendered":"http:\/\/historiografija.hr\/?p=43091"},"modified":"2024-11-06T17:00:47","modified_gmt":"2024-11-06T17:00:47","slug":"izlozba-africka-zbirka-franjevackog-muzeja-tomislavgrad","status":"publish","type":"post","link":"https:\/\/historiografija.hr\/?p=43091","title":{"rendered":"Izlo\u017eba \u201eAfri\u010dka zbirka Franjeva\u010dkog muzeja Tomislavgrad\u201c"},"content":{"rendered":"\n<p><strong>9. 11. 2024. &#8211; 31. 1. 2025.<\/strong><strong><br>Galerija AMZ<br>Ulica Pavla Hatza 6, Zagreb<\/strong><\/p>\n\n\n\n<p>Otvorenje izlo\u017ebe u petak 8. 11. 2024. u 19 sati<\/p>\n\n\n\n<p>&#8220;Zahvaljuju\u0107i misionarima rodom iz Tomislavgrada i njihovom po\u017ertvovnom radu na dugogodi\u0161njem prikupljanju predmeta tradicionalne afri\u010dke kulture, danas u Franjeva\u010dkom muzeju Tomislavgrad postoji impozantna zbirka koja je jedinstvena u cijeloj Bosni i Hercegovini. Naime, franjeva\u010dki misionari su ve\u0107inu svog sve\u0107eni\u010dkog \u017eivota proveli u DR Kongo kod naroda Luba i prilikom svakog povratka u samostan u Tomislavgradu sa sobom su donosili odre\u0111ene predmete tradicionalne afri\u010dke kulture. Te su predmete uglavnom dobivali na poklon od domoroda\u010dkog stanovni\u0161tva.<\/p>\n\n\n\n<p>Nakon \u0161to se u samostanu skupila velika koli\u010dina predmeta, rodila se ideja da se formira jedna samostanska zbirka. Nakon formiranja zbirke, misionari su predmete nastavili ciljano donositi za njeno upotpunjavanje.<\/p>\n\n\n\n<p>Osnivanjem Franjeva\u010dkog muzeja Tomislavgrad, ta zbirka 2013. g. postaje sastavni dio stalnog postava muzeja i danas se ona sastoji od preko 1000 eksponata, 10.000 fotografija i preko 10 sati videozapisa. Osim DR Konga, u zbirci tako\u0111er ima ne\u0161to predmeta raznih etni\u010dkih skupina iz Ruande, Kenije i Benina. Cijelim afri\u010dkim kontinentom rasprostranjeno je pribli\u017eno tri tisu\u0107e etni\u010dkih skupina i svaka od tih skupina ima svoja jedinstvena obilje\u017eja \u2013 ovo dovoljno govori o kompleksnosti i te\u017eini tuma\u010denja tradicionalne umjetnosti Afri\u010dkog kontinenta.<\/p>\n\n\n\n<p>Tradicionalni predmeti zauzimaju zna\u010dajnu ulogu u oblikovanju kulture naroda Luba, jer su pro\u017eeti spiritualno\u0161\u0107u i ezoteri\u010dno\u0161\u0107u. U te predmete su utkane uspomene, povijest i prakti\u010dnost Luba naroda. Ve\u0107ina njih slu\u017eila je za magijske obrede i usko je povezana s tradicionalnim vjerovanjem Luba naroda. Ta vjerovanja sadr\u017ee zajedni\u010dke kozmolo\u0161ke i temeljne religijske sadr\u017eaje, kao i ve\u0107ina tradicionalnih afri\u010dkih religija. Oni vjeruju u univerzalnog tvorca, zatim u \u017eivot poslije smrti, povezanost izme\u0111u \u017eivota i smrti i odr\u017eavanje dobrog eti\u010dkog pona\u0161anja. Glavno kulturolo\u0161ko obilje\u017eje predmeta tradicijske kulture je simboli\u010dka povezanost onoga koji posjeduje taj predmet s plemenom i sa svemirom, te sna\u017ena prisutnost emocija i duhovne dubine izme\u0111u predmeta i vlasnika.<\/p>\n\n\n\n<p>Zbirka Franjeva\u010dkog muzeja Tomislavgrad va\u017ena je ne samo zbog toga \u0161to prikazuje tradicionalno afri\u010dko stvarala\u0161tvo, nego se kroz nju \u0161ira javnost tako\u0111er educira o nevjerojatnom trudu i po\u017ertvovnosti kojima su misionari ostavili neizbrisiv trag kod domoroda\u010dkog afri\u010dkog stanovni\u0161tva Luba. Osim duhovnoga, oni su zna\u010dajno utjecali i na postizanje visokog stupnja urbanizacije tog starosjedila\u010dkog stanovni\u0161tva u DR Kongu.&#8221; (<em>Stipan Dilber, autor izlo\u017ebe<\/em>)<\/p>\n\n\n\n<p>Impresum:<\/p>\n\n\n\n<p>Organizacija izlo\u017ebe: Arheolo\u0161ki muzej u Zagrebu, Franjeva\u010dki muzej Tomislavgrad<\/p>\n\n\n\n<p>Autor izlo\u017ebe: Stipan Dilber<\/p>\n\n\n\n<p>Likovni postav izlo\u017ebe: Filip Beusan, Stipan Dilber, Hana Ivezi\u0107 (AMZ)<\/p>\n\n\n\n<p>Kustosice izlo\u017ebe: Hana Ivezi\u0107, Jana Kopa\u010dkova (AMZ)<\/p>\n\n\n\n<p>Tehni\u010dki postav izlo\u017ebe: Davor Fakle\u0161 (AMZ), Tin Toma\u0161kovi\u0107, Filip Beusan<\/p>\n\n\n\n<p>Oblikovanje i grafi\u010dka priprema izlo\u017ebe: Sre\u0107ko \u0160krinjari\u0107 (AMZ)<\/p>\n\n\n\n<p>Priprema video materijala: Igor Krajcar (AMZ)<\/p>\n\n\n\n<p>Marketing i odnosi s javno\u0161\u0107u: Davorka Mara\u010di\u0107 (AMZ)<\/p>\n\n\n\n<hr class=\"wp-block-separator\"\/>\n\n\n\n<p>Izvor:<\/p>\n\n\n\n<p><a href=\"https:\/\/www.amz.hr\/hr\/izlozbe\/izlozba-africka-zbirka-franjevackog-muzeja-tomislavgrad-u-galeriji-amz\/\">https:\/\/www.amz.hr\/hr\/izlozbe\/izlozba-africka-zbirka-franjevackog-muzeja-tomislavgrad-u-galeriji-amz\/<\/a><\/p>\n\n\n\n<hr class=\"wp-block-separator\"\/>\n","protected":false},"excerpt":{"rendered":"","protected":false},"author":2,"featured_media":43092,"comment_status":"open","ping_status":"open","sticky":false,"template":"","format":"standard","meta":{"_acf_changed":false,"jetpack_post_was_ever_published":false,"_jetpack_newsletter_access":"","_jetpack_dont_email_post_to_subs":false,"_jetpack_newsletter_tier_id":0,"_jetpack_memberships_contains_paywalled_content":false,"_jetpack_memberships_contains_paid_content":false,"footnotes":"","jetpack_publicize_message":"","jetpack_publicize_feature_enabled":true,"jetpack_social_post_already_shared":true,"jetpack_social_options":{"image_generator_settings":{"template":"highway","default_image_id":0,"font":"","enabled":false},"version":2}},"categories":[10,3],"tags":[],"class_list":["post-43091","post","type-post","status-publish","format-standard","has-post-thumbnail","hentry","category-izlozbe","category-novosti"],"acf":{"facebook_opis":""},"jetpack_publicize_connections":[],"jetpack_featured_media_url":"https:\/\/i0.wp.com\/historiografija.hr\/wp-content\/uploads\/2024\/11\/plakat-izlozbe.jpg?fit=188%2C500&ssl=1","jetpack_sharing_enabled":true,"jetpack-related-posts":[],"_links":{"self":[{"href":"https:\/\/historiografija.hr\/index.php?rest_route=\/wp\/v2\/posts\/43091","targetHints":{"allow":["GET"]}}],"collection":[{"href":"https:\/\/historiografija.hr\/index.php?rest_route=\/wp\/v2\/posts"}],"about":[{"href":"https:\/\/historiografija.hr\/index.php?rest_route=\/wp\/v2\/types\/post"}],"author":[{"embeddable":true,"href":"https:\/\/historiografija.hr\/index.php?rest_route=\/wp\/v2\/users\/2"}],"replies":[{"embeddable":true,"href":"https:\/\/historiografija.hr\/index.php?rest_route=%2Fwp%2Fv2%2Fcomments&post=43091"}],"version-history":[{"count":1,"href":"https:\/\/historiografija.hr\/index.php?rest_route=\/wp\/v2\/posts\/43091\/revisions"}],"predecessor-version":[{"id":43093,"href":"https:\/\/historiografija.hr\/index.php?rest_route=\/wp\/v2\/posts\/43091\/revisions\/43093"}],"wp:featuredmedia":[{"embeddable":true,"href":"https:\/\/historiografija.hr\/index.php?rest_route=\/wp\/v2\/media\/43092"}],"wp:attachment":[{"href":"https:\/\/historiografija.hr\/index.php?rest_route=%2Fwp%2Fv2%2Fmedia&parent=43091"}],"wp:term":[{"taxonomy":"category","embeddable":true,"href":"https:\/\/historiografija.hr\/index.php?rest_route=%2Fwp%2Fv2%2Fcategories&post=43091"},{"taxonomy":"post_tag","embeddable":true,"href":"https:\/\/historiografija.hr\/index.php?rest_route=%2Fwp%2Fv2%2Ftags&post=43091"}],"curies":[{"name":"wp","href":"https:\/\/api.w.org\/{rel}","templated":true}]}}