{"id":43084,"date":"2024-11-05T22:22:01","date_gmt":"2024-11-05T22:22:01","guid":{"rendered":"http:\/\/historiografija.hr\/?p=43084"},"modified":"2024-11-05T22:22:01","modified_gmt":"2024-11-05T22:22:01","slug":"hrvatski-politoloski-razgovori-2024-podijeljena-drustva-i-politicka-polarizacija","status":"publish","type":"post","link":"https:\/\/historiografija.hr\/?p=43084","title":{"rendered":"Hrvatski politolo\u0161ki razgovori 2024. &#8211; Podijeljena dru\u0161tva i politi\u010dka polarizacija"},"content":{"rendered":"\n<p>Hrvatsko politolo\u0161ko dru\u0161tvo (HPD) Vas poziva na godi\u0161nji skup <strong><em>Hrvatski politolo\u0161ki razgovori 2024.<\/em><\/strong> koji \u0107e se odr\u017eati <strong>7. i 8. studenog 2024.<\/strong> na Fakultetu politi\u010dkih znanosti Sveu\u010dili\u0161ta u Zagrebu (Trg Drage Iblera 10, Importanne Galerija, 2. kat).<\/p>\n\n\n\n<p>Ovogodi\u0161nji skup HPD-a, <em>Hrvatski politolo\u0161ki razgovori 2024.<\/em>, posve\u0107en je temi polarizacije politi\u010dkog prostora, te izazovu rastu\u0107ih dru\u0161tvenih i politi\u010dkih podjela u suvremenim demokratskim dr\u017eavama. Svjedo\u010dimo sve dubljim podjelama i sukobima me\u0111u politi\u010dkim strankama, gra\u0111anima, aktivisti\u010dkim grupama, ali i samim dr\u017eavama oko niza pitanja poput imigracijskih politika, prava manjina, globalne pandemije, poba\u010daja, rata u Ukrajini i sukoba u Gazi, politika za\u0161tite okoli\u0161a, uloge religije u javnome \u017eivotu, granica slobode govora, obrazovnih politika,&nbsp;politika povijesti i kulturnih politika. Porast neslaganja izme\u0111u zagovornika konzervativnih i progresivnih vrijednosti oko cijelog niza politi\u010dkih i dru\u0161tvenih pitanja vodi ka konstituiranju dva suprotstavljena ideolo\u0161ka pola, tj. k ideolo\u0161koj polarizaciji. U suvremenim znanstvenim raspravama nalazimo i koncept identitetske&nbsp;polarizacije gdje sukobi oko odre\u0111enih pitanja ili ideolo\u0161kih pozicija postaju sekundarni u odnosu na identitetski sukob \u201enas protiv njih\u201c. Ovakav politi\u010dki tribalizam \u010desto rezultira porastom afektivne polarizacije u kojoj dolazi do \u0161irenja negativnih stereotipa i predrasuda, te vi\u0161e razine netrpeljivosti prema politi\u010dkim neistomi\u0161ljenicima. Porast ovih razli\u010ditih oblika polarizacije nalazimo u mladim&nbsp;europskim demokracijama poput Hrvatske, ali i u etabliranim ustavnim demokracijama zapadne Europe i u SAD-u.<\/p>\n\n\n\n<p>Demokratska su dru\u0161tva neizbje\u017eno suo\u010dena s odre\u0111enom razinom neslaganja: u&nbsp;slobodnim dru\u0161tvima gra\u0111ani imaju razli\u010dite, pa i suprotstavljene moralne i ideolo\u0161ke&nbsp;stavove oko nekih temeljnih vrijednosti, te uvijek postoji opasnost da takav pluralizam&nbsp;stavova preraste u duboku polarizaciju koja mo\u017ee ugroziti pravednost i stabilnost samih demokratskih institucija i praksi. Duboka ili opasna polarizaciji vodi k eroziji demokratskih vrijednosti tolerancije, inkluzivnosti, politi\u010dkog kompromisa, te znanstveno utemeljenih javnih rasprava, a otvara prostor netrpeljivosti, teorijama&nbsp;zavjere, zahtjevima za isklju\u010divanjem politi\u010dkih neistomi\u0161ljenika iz procesa kolektivnog odlu\u010divanja, ideolo\u0161kom ekstremizmu, pa \u010dak i nasilju. Politi\u010dki suparnici&nbsp;se sve vi\u0161e percipiraju kao politi\u010dki neprijatelji, a izborno natjecanje kao&nbsp;egzistencijalna borba za opstanak politi\u010dke zajednice. Koliko su uistinu duboke&nbsp;vrijednosne, ideolo\u0161ke i identitetske podjele u suvremenim demokratskim dru\u0161tvima?&nbsp;Koji su glavni uzroci tih podjela? U kojoj mjeri polarizacija utje\u010de na stabilnost i razvoj demokratskih vrijednosti, institucija i praksi? Koji su mogu\u0107i odgovori na izazove polarizacije? Kakav je utjecaj dubokih ideolo\u0161kih podjela i neslaganja u me\u0111unarodnoj&nbsp;areni? Na sva ta i brojna druga pitanja, odgovor \u0107e poku\u0161ati dati sudionici ovogodi\u0161njih <em>Hrvatskih&nbsp;politolo\u0161kih razgovora 2024.<\/em><\/p>\n\n\n\n<p>Program konferencije i knjiga sa\u017eetaka dostupni su na <a href=\"https:\/\/www.fpzg.unizg.hr\/_news\/63500\/HPR%202024_Program%20sa%20knjigom%20sazetaka.pdf\"><strong>poveznici<\/strong><\/a>.<\/p>\n\n\n\n<hr class=\"wp-block-separator\"\/>\n\n\n\n<p>Izvor:<\/p>\n\n\n\n<p><a href=\"https:\/\/www.fpzg.unizg.hr\/novosti?@=2fgwc\">https:\/\/www.fpzg.unizg.hr\/novosti?@=2fgwc<\/a><\/p>\n\n\n\n<hr class=\"wp-block-separator\"\/>\n","protected":false},"excerpt":{"rendered":"","protected":false},"author":2,"featured_media":43085,"comment_status":"open","ping_status":"open","sticky":false,"template":"","format":"standard","meta":{"_acf_changed":false,"jetpack_post_was_ever_published":false,"_jetpack_newsletter_access":"","_jetpack_dont_email_post_to_subs":false,"_jetpack_newsletter_tier_id":0,"_jetpack_memberships_contains_paywalled_content":false,"_jetpack_memberships_contains_paid_content":false,"footnotes":"","jetpack_publicize_message":"","jetpack_publicize_feature_enabled":true,"jetpack_social_post_already_shared":true,"jetpack_social_options":{"image_generator_settings":{"template":"highway","default_image_id":0,"font":"","enabled":false},"version":2}},"categories":[3,9],"tags":[],"class_list":["post-43084","post","type-post","status-publish","format-standard","has-post-thumbnail","hentry","category-novosti","category-skupovi"],"acf":{"facebook_opis":""},"jetpack_publicize_connections":[],"jetpack_featured_media_url":"https:\/\/i0.wp.com\/historiografija.hr\/wp-content\/uploads\/2024\/11\/Hrvatski_politolo%C5%A1ki_razgovori.jpg?fit=800%2C619&ssl=1","jetpack_sharing_enabled":true,"jetpack-related-posts":[],"_links":{"self":[{"href":"https:\/\/historiografija.hr\/index.php?rest_route=\/wp\/v2\/posts\/43084","targetHints":{"allow":["GET"]}}],"collection":[{"href":"https:\/\/historiografija.hr\/index.php?rest_route=\/wp\/v2\/posts"}],"about":[{"href":"https:\/\/historiografija.hr\/index.php?rest_route=\/wp\/v2\/types\/post"}],"author":[{"embeddable":true,"href":"https:\/\/historiografija.hr\/index.php?rest_route=\/wp\/v2\/users\/2"}],"replies":[{"embeddable":true,"href":"https:\/\/historiografija.hr\/index.php?rest_route=%2Fwp%2Fv2%2Fcomments&post=43084"}],"version-history":[{"count":1,"href":"https:\/\/historiografija.hr\/index.php?rest_route=\/wp\/v2\/posts\/43084\/revisions"}],"predecessor-version":[{"id":43086,"href":"https:\/\/historiografija.hr\/index.php?rest_route=\/wp\/v2\/posts\/43084\/revisions\/43086"}],"wp:featuredmedia":[{"embeddable":true,"href":"https:\/\/historiografija.hr\/index.php?rest_route=\/wp\/v2\/media\/43085"}],"wp:attachment":[{"href":"https:\/\/historiografija.hr\/index.php?rest_route=%2Fwp%2Fv2%2Fmedia&parent=43084"}],"wp:term":[{"taxonomy":"category","embeddable":true,"href":"https:\/\/historiografija.hr\/index.php?rest_route=%2Fwp%2Fv2%2Fcategories&post=43084"},{"taxonomy":"post_tag","embeddable":true,"href":"https:\/\/historiografija.hr\/index.php?rest_route=%2Fwp%2Fv2%2Ftags&post=43084"}],"curies":[{"name":"wp","href":"https:\/\/api.w.org\/{rel}","templated":true}]}}